{"id":125894,"date":"2025-12-26T00:14:09","date_gmt":"2025-12-26T00:14:09","guid":{"rendered":"https:\/\/www.europesays.com\/fi\/125894\/"},"modified":"2025-12-26T00:14:09","modified_gmt":"2025-12-26T00:14:09","slug":"jouluna-odotukset-perheenjasenia-kohtaan-kannattaa-pitaa-realistisina-sanoo-asiantuntija","status":"publish","type":"post","link":"https:\/\/www.europesays.com\/fi\/125894\/","title":{"rendered":"Jouluna odotukset perheenj\u00e4seni\u00e4 kohtaan kannattaa pit\u00e4\u00e4 realistisina, sanoo asiantuntija"},"content":{"rendered":"<p><img decoding=\"async\" src=\"https:\/\/www.europesays.com\/fi\/wp-content\/uploads\/2025\/12\/1766708049_147_978.jpg\" alt=\"Kun nykyajan isovanhemmat ovat olleet lapsia, vanhemman ihmisen auktoriteetti on ollut itsest\u00e4\u00e4n\u00adselvyys. Nyky\u00e4\u00e4n on toisin \u2013 ja se on hyv\u00e4 asia, sanoo V\u00e4est\u00f6liiton asiantuntija Minna Oulasmaa.\" class=\"_Img_1rerz_1\" style=\"aspect-ratio:1.4623000761614624\" loading=\"eager\"\/><\/p>\n<p class=\"article-picture-caption\">Kun nykyajan isovanhemmat ovat olleet lapsia, vanhemman ihmisen auktoriteetti on ollut itsest\u00e4\u00e4n\u00adselvyys. Nyky\u00e4\u00e4n on toisin \u2013 ja se on hyv\u00e4 asia, sanoo V\u00e4est\u00f6liiton asiantuntija Minna Oulasmaa. Kuva:\u00a0Tuomas K\u00e4rkk\u00e4inen<\/p>\n<p>Perhesuhteiden j\u00e4nnitteet tiivistyv\u00e4t juhlapyhin\u00e4. Pit\u00e4\u00e4k\u00f6 huonosti k\u00e4ytt\u00e4ytyv\u00e4\u00e4 perheenj\u00e4sent\u00e4 rakastaa, edes joulun kunniaksi?<\/p>\n<p class=\"article-body mb-nof-24 px-nof-16\">Kuuluuko sinunkin lapsuudenperheeseesi vaikea perheenj\u00e4sen? Ehk\u00e4 h\u00e4n juo liikaa, puhuu lakkaamatta tai kommentoi muita ihmisi\u00e4 satuttavalla tavalla. Tai kenties perheenj\u00e4sen selaa puhelinta sohvan nurkassa eik\u00e4 auta muita jouluj\u00e4rjestelyiss\u00e4.<\/p>\n<p class=\"article-body mb-nof-24 px-nof-16\">Jokaisella meist\u00e4 on perhe, ja sopimukseen kuuluu, ett\u00e4 jos kukaan muu ei rakasta, perhe kyll\u00e4 rakastaa.<\/p>\n","protected":false},"excerpt":{"rendered":"Kun nykyajan isovanhemmat ovat olleet lapsia, vanhemman ihmisen auktoriteetti on ollut itsest\u00e4\u00e4n\u00adselvyys. Nyky\u00e4\u00e4n on toisin \u2013 ja se&hellip;\n","protected":false},"author":2,"featured_media":125895,"comment_status":"","ping_status":"","sticky":false,"template":"","format":"standard","meta":{"footnotes":""},"categories":[14],"tags":[22,23,26,27,33,31,30,17,46,24,25,28,29,15,18,21,32,19,20,56,16,59,60,61],"class_list":{"0":"post-125894","1":"post","2":"type-post","3":"status-publish","4":"format-standard","5":"has-post-thumbnail","7":"category-ulkomaat","8":"tag-breaking-news","9":"tag-breakingnews","10":"tag-featured-news","11":"tag-featurednews","12":"tag-fi","13":"tag-finland","14":"tag-finnish","15":"tag-headlines","16":"tag-helsingin-sanomat","17":"tag-latest-news","18":"tag-latestnews","19":"tag-main-news","20":"tag-mainnews","21":"tag-news","22":"tag-otsikot","23":"tag-paauutiset","24":"tag-suomi","25":"tag-top-stories","26":"tag-topstories","27":"tag-ulkomaat","28":"tag-uutiset","29":"tag-world","30":"tag-world-news","31":"tag-worldnews"},"share_on_mastodon":{"url":"https:\/\/pubeurope.com\/@fi\/115782986396279212","error":""},"_links":{"self":[{"href":"https:\/\/www.europesays.com\/fi\/wp-json\/wp\/v2\/posts\/125894","targetHints":{"allow":["GET"]}}],"collection":[{"href":"https:\/\/www.europesays.com\/fi\/wp-json\/wp\/v2\/posts"}],"about":[{"href":"https:\/\/www.europesays.com\/fi\/wp-json\/wp\/v2\/types\/post"}],"author":[{"embeddable":true,"href":"https:\/\/www.europesays.com\/fi\/wp-json\/wp\/v2\/users\/2"}],"replies":[{"embeddable":true,"href":"https:\/\/www.europesays.com\/fi\/wp-json\/wp\/v2\/comments?post=125894"}],"version-history":[{"count":0,"href":"https:\/\/www.europesays.com\/fi\/wp-json\/wp\/v2\/posts\/125894\/revisions"}],"wp:featuredmedia":[{"embeddable":true,"href":"https:\/\/www.europesays.com\/fi\/wp-json\/wp\/v2\/media\/125895"}],"wp:attachment":[{"href":"https:\/\/www.europesays.com\/fi\/wp-json\/wp\/v2\/media?parent=125894"}],"wp:term":[{"taxonomy":"category","embeddable":true,"href":"https:\/\/www.europesays.com\/fi\/wp-json\/wp\/v2\/categories?post=125894"},{"taxonomy":"post_tag","embeddable":true,"href":"https:\/\/www.europesays.com\/fi\/wp-json\/wp\/v2\/tags?post=125894"}],"curies":[{"name":"wp","href":"https:\/\/api.w.org\/{rel}","templated":true}]}}