{"id":125896,"date":"2025-12-26T00:15:11","date_gmt":"2025-12-26T00:15:11","guid":{"rendered":"https:\/\/www.europesays.com\/fi\/125896\/"},"modified":"2025-12-26T00:15:11","modified_gmt":"2025-12-26T00:15:11","slug":"auto-roihusi-voimakkaasti-kemissa-pelotti-etta-se-voisi-rajahtaa","status":"publish","type":"post","link":"https:\/\/www.europesays.com\/fi\/125896\/","title":{"rendered":"Auto roihusi voimakkaasti Kemiss\u00e4 \u2013 \u201dPelotti, ett\u00e4 se voisi r\u00e4j\u00e4ht\u00e4\u00e4\u201d"},"content":{"rendered":"<p>Liekit kohosivat Lapin taivaalle.<\/p>\n<p>IS:n lukija sai videolle, kuinka auto paloi n\u00e4ytt\u00e4v\u00e4n\u00e4 roihuna Kemiss\u00e4.Video: LUKIJAN VIDEO<\/p>\n<p>25.12. 19:59<\/p>\n<p class=\"article-body mb-nof-24 px-nof-16\">IS:n lukija t\u00f6rm\u00e4si joulup\u00e4iv\u00e4n iltana h\u00e4mm\u00e4stytt\u00e4v\u00e4\u00e4n n\u00e4kyyn, kun henkil\u00f6auto paloi voimakkaasti Kemiss\u00e4.<\/p>\n<p class=\"article-body mb-nof-24 px-nof-16\">IS:n lukijan kuvaamalla videolla n\u00e4kyy, miten liekit kohoavat pys\u00e4htyneest\u00e4 autosta. Paikalla noin 18.20 ollut lukija kertoo, ett\u00e4 palo roihusi voimakkaana.<\/p>\n<p class=\"article-body mb-nof-24 px-nof-16\">Videolla n\u00e4kyy, miten palomiehet sammuttavat liekehtiv\u00e4\u00e4 autoa. Lukijan mukaan paikalla oli my\u00f6s poliisi.<\/p>\n<p class=\"article-body mb-nof-24 px-nof-16\">Lukija oli tulossa serkkujensa ja vanhempiensa kanssa pulkkam\u00e4est\u00e4 kohdatessaan palavan auton. H\u00e4n kertoo s\u00e4ik\u00e4ht\u00e4neens\u00e4 n\u00e4ky\u00e4 aluksi.<\/p>\n<p class=\"article-body mb-nof-24 px-nof-16\">\u2013 Pelotti, ett\u00e4 se voisi r\u00e4j\u00e4ht\u00e4\u00e4 tai jotain muuta.<\/p>\n<p class=\"article-body mb-nof-24 px-nof-16\">Lapin pelastuslaitokselta vahvistetaan, ett\u00e4 Kemiss\u00e4 on ollut ajoneuvopaloon liittyv\u00e4 teht\u00e4v\u00e4. P\u00e4ivyst\u00e4v\u00e4n palomestarin mukaan auto oli syttynyt ajon aikana.<\/p>\n<p class=\"article-body mb-nof-24 px-nof-16\">Vaikka auto roihusi pelottavan n\u00e4k\u00f6isesti, ei tilanteesta pelastuslaitoksen mukaan aiheutunut henkil\u00f6vahinkoja eik\u00e4 vaaraa sivullisille.<\/p>\n<p class=\"article-body mb-nof-24 px-nof-16\">Onnettomuuden tarkempi tapahtumapaikka oli Tervolantien ja Lapintien risteyksess\u00e4.<\/p>\n","protected":false},"excerpt":{"rendered":"Liekit kohosivat Lapin taivaalle. IS:n lukija sai videolle, kuinka auto paloi n\u00e4ytt\u00e4v\u00e4n\u00e4 roihuna Kemiss\u00e4.Video: LUKIJAN VIDEO 25.12. 19:59&hellip;\n","protected":false},"author":2,"featured_media":125897,"comment_status":"","ping_status":"","sticky":false,"template":"","format":"standard","meta":{"footnotes":""},"categories":[12],"tags":[22,23,26,27,33,31,30,17,34,24,25,28,29,15,18,21,32,19,20,16],"class_list":{"0":"post-125896","1":"post","2":"type-post","3":"status-publish","4":"format-standard","5":"has-post-thumbnail","7":"category-suomi","8":"tag-breaking-news","9":"tag-breakingnews","10":"tag-featured-news","11":"tag-featurednews","12":"tag-fi","13":"tag-finland","14":"tag-finnish","15":"tag-headlines","16":"tag-ilta-sanomat","17":"tag-latest-news","18":"tag-latestnews","19":"tag-main-news","20":"tag-mainnews","21":"tag-news","22":"tag-otsikot","23":"tag-paauutiset","24":"tag-suomi","25":"tag-top-stories","26":"tag-topstories","27":"tag-uutiset"},"share_on_mastodon":{"url":"https:\/\/pubeurope.com\/@fi\/115782990158501557","error":""},"_links":{"self":[{"href":"https:\/\/www.europesays.com\/fi\/wp-json\/wp\/v2\/posts\/125896","targetHints":{"allow":["GET"]}}],"collection":[{"href":"https:\/\/www.europesays.com\/fi\/wp-json\/wp\/v2\/posts"}],"about":[{"href":"https:\/\/www.europesays.com\/fi\/wp-json\/wp\/v2\/types\/post"}],"author":[{"embeddable":true,"href":"https:\/\/www.europesays.com\/fi\/wp-json\/wp\/v2\/users\/2"}],"replies":[{"embeddable":true,"href":"https:\/\/www.europesays.com\/fi\/wp-json\/wp\/v2\/comments?post=125896"}],"version-history":[{"count":0,"href":"https:\/\/www.europesays.com\/fi\/wp-json\/wp\/v2\/posts\/125896\/revisions"}],"wp:featuredmedia":[{"embeddable":true,"href":"https:\/\/www.europesays.com\/fi\/wp-json\/wp\/v2\/media\/125897"}],"wp:attachment":[{"href":"https:\/\/www.europesays.com\/fi\/wp-json\/wp\/v2\/media?parent=125896"}],"wp:term":[{"taxonomy":"category","embeddable":true,"href":"https:\/\/www.europesays.com\/fi\/wp-json\/wp\/v2\/categories?post=125896"},{"taxonomy":"post_tag","embeddable":true,"href":"https:\/\/www.europesays.com\/fi\/wp-json\/wp\/v2\/tags?post=125896"}],"curies":[{"name":"wp","href":"https:\/\/api.w.org\/{rel}","templated":true}]}}