{"id":125898,"date":"2025-12-26T00:16:07","date_gmt":"2025-12-26T00:16:07","guid":{"rendered":"https:\/\/www.europesays.com\/fi\/125898\/"},"modified":"2025-12-26T00:16:07","modified_gmt":"2025-12-26T00:16:07","slug":"tanaan-vietetaan-tapaninpaivaa-uutisia-lyhyesti","status":"publish","type":"post","link":"https:\/\/www.europesays.com\/fi\/125898\/","title":{"rendered":"T\u00e4n\u00e4\u00e4n vietet\u00e4\u00e4n tapaninp\u00e4iv\u00e4\u00e4 | Uutisia lyhyesti"},"content":{"rendered":"<p class=\"aw-1gybjub aw-1p7kakr kEtdKx cEmitX yle__article__paragraph\">T\u00e4n\u00e4\u00e4n vietet\u00e4\u00e4n tapaninp\u00e4iv\u00e4\u00e4 eli toista joulup\u00e4iv\u00e4\u00e4. Perinteisesti tapanina on l\u00e4hdetty ajelulle, aikanaan hevoskyydeill\u00e4, kun kirkosta ajettiin kilpaa takaisin kotiin.<\/p>\n<p class=\"aw-1gybjub aw-1p7kakr kEtdKx cEmitX yle__article__paragraph\">Tapani-nimitys tulee kristikunnan ensimm\u00e4isest\u00e4 marttyyrista Pyh\u00e4st\u00e4 Stefanoksesta. Kristillisess\u00e4 ajattelussa tapaninp\u00e4iv\u00e4 onkin kaikkien marttyyrien muistop\u00e4iv\u00e4.<\/p>\n<p class=\"aw-1gybjub aw-1p7kakr kEtdKx cEmitX yle__article__paragraph\">Stefanos on suomalaistunut kansan suussa jo aikaa sitten muotoon Tapani.<\/p>\n","protected":false},"excerpt":{"rendered":"T\u00e4n\u00e4\u00e4n vietet\u00e4\u00e4n tapaninp\u00e4iv\u00e4\u00e4 eli toista joulup\u00e4iv\u00e4\u00e4. Perinteisesti tapanina on l\u00e4hdetty ajelulle, aikanaan hevoskyydeill\u00e4, kun kirkosta ajettiin kilpaa takaisin&hellip;\n","protected":false},"author":2,"featured_media":74,"comment_status":"","ping_status":"","sticky":false,"template":"","format":"standard","meta":{"footnotes":""},"categories":[5],"tags":[22,23,26,27,33,31,30,17,564,71,24,25,28,29,15,18,21,32,19,20,16],"class_list":{"0":"post-125898","1":"post","2":"type-post","3":"status-publish","4":"format-standard","5":"has-post-thumbnail","7":"category-otsikot","8":"tag-breaking-news","9":"tag-breakingnews","10":"tag-featured-news","11":"tag-featurednews","12":"tag-fi","13":"tag-finland","14":"tag-finnish","15":"tag-headlines","16":"tag-juhlat","17":"tag-kotimaa","18":"tag-latest-news","19":"tag-latestnews","20":"tag-main-news","21":"tag-mainnews","22":"tag-news","23":"tag-otsikot","24":"tag-paauutiset","25":"tag-suomi","26":"tag-top-stories","27":"tag-topstories","28":"tag-uutiset"},"share_on_mastodon":{"url":"https:\/\/pubeurope.com\/@fi\/115782994018579530","error":""},"_links":{"self":[{"href":"https:\/\/www.europesays.com\/fi\/wp-json\/wp\/v2\/posts\/125898","targetHints":{"allow":["GET"]}}],"collection":[{"href":"https:\/\/www.europesays.com\/fi\/wp-json\/wp\/v2\/posts"}],"about":[{"href":"https:\/\/www.europesays.com\/fi\/wp-json\/wp\/v2\/types\/post"}],"author":[{"embeddable":true,"href":"https:\/\/www.europesays.com\/fi\/wp-json\/wp\/v2\/users\/2"}],"replies":[{"embeddable":true,"href":"https:\/\/www.europesays.com\/fi\/wp-json\/wp\/v2\/comments?post=125898"}],"version-history":[{"count":0,"href":"https:\/\/www.europesays.com\/fi\/wp-json\/wp\/v2\/posts\/125898\/revisions"}],"wp:featuredmedia":[{"embeddable":true,"href":"https:\/\/www.europesays.com\/fi\/wp-json\/wp\/v2\/media\/74"}],"wp:attachment":[{"href":"https:\/\/www.europesays.com\/fi\/wp-json\/wp\/v2\/media?parent=125898"}],"wp:term":[{"taxonomy":"category","embeddable":true,"href":"https:\/\/www.europesays.com\/fi\/wp-json\/wp\/v2\/categories?post=125898"},{"taxonomy":"post_tag","embeddable":true,"href":"https:\/\/www.europesays.com\/fi\/wp-json\/wp\/v2\/tags?post=125898"}],"curies":[{"name":"wp","href":"https:\/\/api.w.org\/{rel}","templated":true}]}}