{"id":125910,"date":"2025-12-26T00:52:33","date_gmt":"2025-12-26T00:52:33","guid":{"rendered":"https:\/\/www.europesays.com\/fi\/125910\/"},"modified":"2025-12-26T00:52:33","modified_gmt":"2025-12-26T00:52:33","slug":"koneita-ja-laitteita-vuokrataan-nyt-korjausrakentamisen-tarpeisiin-vahapaastoiset-laitteet-kiinnostavat-yha-enemman","status":"publish","type":"post","link":"https:\/\/www.europesays.com\/fi\/125910\/","title":{"rendered":"Koneita ja laitteita vuokrataan nyt korjausrakentamisen tarpeisiin &#8211; v\u00e4h\u00e4p\u00e4\u00e4st\u00f6iset laitteet kiinnostavat yh\u00e4 enemm\u00e4n"},"content":{"rendered":"<p>\t<img width=\"2560\" height=\"1440\" src=\"https:\/\/www.europesays.com\/fi\/wp-content\/uploads\/2025\/12\/espoon-toimipiste-puhallin-cramo-082023-2-2560x1440.jpg\" class=\"img\" alt=\"\" decoding=\"async\" fetchpriority=\"high\"  \/><br \/>\n\t\t\tCramon Toni Nyk\u00e4nen esittelee tehokasta simpukkapuhallinta, jota k\u00e4ytet\u00e4\u00e4n esimerkiksi kuivausprosesseissa. Kuva: Cramo\t\t<\/p>\n<p>Esimerkiksi Cramo avasi Espoon Finnooseen uuden toimipisteen, koska alueelle on kaavoitettu runsaasti asuntorakentamista ja teollisuuden sek\u00e4 infran mittavia hankkeita. My\u00f6s Espoon L\u00e4nsimetron reitin ymp\u00e4rist\u00f6 ja Keilaniemen aluehanke ovat merkitt\u00e4vi\u00e4 rakennuskohteita.<\/p>\n<p>Cramo investoi t\u00e4n\u00e4 vuonna enn\u00e4tyksellisesti l\u00e4hes 35 miljoonaa euroa uuteen kalustoon. Kalustokantaa uusitaan ja laajennetaan, jotta kasvavaan kysynt\u00e4\u00e4n voidaan vastata heti, kun asuntorakentaminen vilkastuu koko maassa.<\/p>\n<p>\u201dNato-j\u00e4senyyteen liittyy my\u00f6s paljon rakentamista\u201d, Cramo Finlandin aluep\u00e4\u00e4llikk\u00f6\u00a0<strong>Jani Euro<\/strong> kertoo.<\/p>\n<p>Vaikka uudisrakentaminen on notkahtanut, on esimerkiksi teollisuudessa ja tuulivoimalaty\u00f6mailla kalustotarve pysynyt ennallaan ja osalla alueista kysynt\u00e4 on jopa kasvussa. My\u00f6s sairaalaty\u00f6mailla ja muilla hyvinvointialueiden rakennusprojekteilla tarvitaan vuokrakalustoa.<\/p>\n<p><strong>V\u00e4h\u00e4p\u00e4\u00e4st\u00f6isell\u00e4 kalustolla kysynt\u00e4\u00e4<\/strong><\/p>\n<p>Syksyll\u00e4 rakennuskonevuokraamoissa valmistaudutaan l\u00e4hestyv\u00e4\u00e4n talveen lis\u00e4\u00e4m\u00e4ll\u00e4 valaistus- ja l\u00e4mmityskalustoa. Cramolla on viime vuosien aikana investoitu suunnitelmallisesti v\u00e4h\u00e4p\u00e4\u00e4st\u00f6iseen ja s\u00e4hk\u00f6k\u00e4ytt\u00f6iseen kalustoon.<\/p>\n<p>\u201dRakennuttajat kysyv\u00e4t aikaisempaa enemm\u00e4n ymp\u00e4rist\u00f6yst\u00e4v\u00e4llist\u00e4 kalustoa, koska rakentamisen pit\u00e4\u00e4 t\u00e4ytt\u00e4\u00e4 my\u00f6s tilaajien ymp\u00e4rist\u00f6m\u00e4\u00e4r\u00e4ykset. Monissa hankkeissa p\u00e4\u00e4st\u00f6rajoitukset tiukentuvat huomattavasti l\u00e4hivuosina\u201d, Euro sanoo.<\/p>\n<p>Osa yhti\u00f6n asiakkaista on ottanut k\u00e4ytt\u00f6\u00f6n my\u00f6s uuden \u00e4lyalustan, jonka avulla ty\u00f6mailla tai teollisuuskohteissa voidaan suunnitella ja hallita ty\u00f6maan kalustotarpeita ja seurata esimerkiksi energiankulutusta ja CO2-p\u00e4\u00e4st\u00f6jen kehityst\u00e4. Ohjelmassa on mukana lis\u00e4ksi kustannuslaskennan ja budjetoinnin elementit.<\/p>\n","protected":false},"excerpt":{"rendered":"Cramon Toni Nyk\u00e4nen esittelee tehokasta simpukkapuhallinta, jota k\u00e4ytet\u00e4\u00e4n esimerkiksi kuivausprosesseissa. Kuva: Cramo Esimerkiksi Cramo avasi Espoon Finnooseen uuden&hellip;\n","protected":false},"author":2,"featured_media":125911,"comment_status":"","ping_status":"","sticky":false,"template":"","format":"standard","meta":{"footnotes":""},"categories":[86],"tags":[420,33,31,30,421,32,91,92],"class_list":{"0":"post-125910","1":"post","2":"type-post","3":"status-publish","4":"format-standard","5":"has-post-thumbnail","7":"category-laitteet","8":"tag-equipment","9":"tag-fi","10":"tag-finland","11":"tag-finnish","12":"tag-laitteet","13":"tag-suomi","14":"tag-technology","15":"tag-teknologia"},"share_on_mastodon":{"url":"https:\/\/pubeurope.com\/@fi\/115783135762888588","error":""},"_links":{"self":[{"href":"https:\/\/www.europesays.com\/fi\/wp-json\/wp\/v2\/posts\/125910","targetHints":{"allow":["GET"]}}],"collection":[{"href":"https:\/\/www.europesays.com\/fi\/wp-json\/wp\/v2\/posts"}],"about":[{"href":"https:\/\/www.europesays.com\/fi\/wp-json\/wp\/v2\/types\/post"}],"author":[{"embeddable":true,"href":"https:\/\/www.europesays.com\/fi\/wp-json\/wp\/v2\/users\/2"}],"replies":[{"embeddable":true,"href":"https:\/\/www.europesays.com\/fi\/wp-json\/wp\/v2\/comments?post=125910"}],"version-history":[{"count":0,"href":"https:\/\/www.europesays.com\/fi\/wp-json\/wp\/v2\/posts\/125910\/revisions"}],"wp:featuredmedia":[{"embeddable":true,"href":"https:\/\/www.europesays.com\/fi\/wp-json\/wp\/v2\/media\/125911"}],"wp:attachment":[{"href":"https:\/\/www.europesays.com\/fi\/wp-json\/wp\/v2\/media?parent=125910"}],"wp:term":[{"taxonomy":"category","embeddable":true,"href":"https:\/\/www.europesays.com\/fi\/wp-json\/wp\/v2\/categories?post=125910"},{"taxonomy":"post_tag","embeddable":true,"href":"https:\/\/www.europesays.com\/fi\/wp-json\/wp\/v2\/tags?post=125910"}],"curies":[{"name":"wp","href":"https:\/\/api.w.org\/{rel}","templated":true}]}}