{"id":125912,"date":"2025-12-26T01:01:11","date_gmt":"2025-12-26T01:01:11","guid":{"rendered":"https:\/\/www.europesays.com\/fi\/125912\/"},"modified":"2025-12-26T01:01:11","modified_gmt":"2025-12-26T01:01:11","slug":"f1-kausi-2025-oli-suomalaisittain-surullisin-37-vuoteen","status":"publish","type":"post","link":"https:\/\/www.europesays.com\/fi\/125912\/","title":{"rendered":"F1-kausi 2025 oli suomalaisittain surullisin 37 vuoteen"},"content":{"rendered":"<p>Formula ykk\u00f6siss\u00e4 ei ajanut kaudella 2025 kilpaa yht\u00e4\u00e4n suomalaista.<\/p>\n<p><strong>Valtteri Bottas<\/strong> toimi Mercedeksen varakuljettajana. H\u00e4n oli tiett\u00e4v\u00e4sti kerran valmiudessa tuuraamaan <strong>George Russellia<\/strong>, mutta Russell olikin riitt\u00e4v\u00e4n hyv\u00e4ss\u00e4 ajokunnossa.<\/p>\n<p>N\u00e4in ollen kausi 2025 oli ensimm\u00e4inen sitten vuoden 1988, jolloin yht\u00e4\u00e4n suomalaista ei ajanut Formula ykk\u00f6siss\u00e4 koko kauden aikana kilpailuissa. <strong>Keijo \u201dKeke\u201d Rosberg<\/strong> oli lopettanut uransa kauden 1986 j\u00e4lkeen ja <strong>Jyrki J\u00e4rvilehto <\/strong>p\u00e4\u00e4si debytoimaan F1:ss\u00e4 Onyx-tallissa loppukaudesta 1989.<\/p>\n<p>Vuoden 1994 Unkarin osakilpailussa ei ollut mukana yht\u00e4\u00e4n suomalaista. Mika H\u00e4kkinen oli tuolloin ajokiellossa Saksassa ajetun edellisen kisan vaarallisen ajoliikkeens\u00e4 takia ja J\u00e4rvilehto, <strong>JJ Lehto<\/strong>, oli hyllytetty Benettonilla kilpakuskin teht\u00e4vist\u00e4\u00e4n fyysisen kuntonsa takia. JJ oli edellisen\u00e4 talvena ajanut testeiss\u00e4 rajusti ulos, eik\u00e4 h\u00e4nen niskansa tahtonut kest\u00e4\u00e4 ajamista kovimmalla tasolla.<\/p>\n<p>Vuonna 2026 suomalaiskuski on Formula ykk\u00f6siss\u00e4 j\u00e4lleen mukana. Bottas on pestattu uuden Cadillac-tallin kilpakuskiksi.<\/p>\n<p><strong>LUE MY\u00d6S:\u00a0<a href=\"https:\/\/atleetti.fi\/jari-porttilan-blogi-niskasten-uhkapeli-tourilla\/\" target=\"_blank\" rel=\"nofollow noopener\">Jari Porttilan blogi: Niskasten uhkapeli Tourilla (Atleetti.fi) <\/a><\/strong><\/p>\n","protected":false},"excerpt":{"rendered":"Formula ykk\u00f6siss\u00e4 ei ajanut kaudella 2025 kilpaa yht\u00e4\u00e4n suomalaista. Valtteri Bottas toimi Mercedeksen varakuljettajana. H\u00e4n oli tiett\u00e4v\u00e4sti kerran&hellip;\n","protected":false},"author":2,"featured_media":125913,"comment_status":"","ping_status":"","sticky":false,"template":"","format":"standard","meta":{"footnotes":""},"categories":[158],"tags":[33,31,30,159,32,160],"class_list":{"0":"post-125912","1":"post","2":"type-post","3":"status-publish","4":"format-standard","5":"has-post-thumbnail","7":"category-urheilu","8":"tag-fi","9":"tag-finland","10":"tag-finnish","11":"tag-sports","12":"tag-suomi","13":"tag-urheilu"},"share_on_mastodon":{"url":"https:\/\/pubeurope.com\/@fi\/115783171030704408","error":""},"_links":{"self":[{"href":"https:\/\/www.europesays.com\/fi\/wp-json\/wp\/v2\/posts\/125912","targetHints":{"allow":["GET"]}}],"collection":[{"href":"https:\/\/www.europesays.com\/fi\/wp-json\/wp\/v2\/posts"}],"about":[{"href":"https:\/\/www.europesays.com\/fi\/wp-json\/wp\/v2\/types\/post"}],"author":[{"embeddable":true,"href":"https:\/\/www.europesays.com\/fi\/wp-json\/wp\/v2\/users\/2"}],"replies":[{"embeddable":true,"href":"https:\/\/www.europesays.com\/fi\/wp-json\/wp\/v2\/comments?post=125912"}],"version-history":[{"count":0,"href":"https:\/\/www.europesays.com\/fi\/wp-json\/wp\/v2\/posts\/125912\/revisions"}],"wp:featuredmedia":[{"embeddable":true,"href":"https:\/\/www.europesays.com\/fi\/wp-json\/wp\/v2\/media\/125913"}],"wp:attachment":[{"href":"https:\/\/www.europesays.com\/fi\/wp-json\/wp\/v2\/media?parent=125912"}],"wp:term":[{"taxonomy":"category","embeddable":true,"href":"https:\/\/www.europesays.com\/fi\/wp-json\/wp\/v2\/categories?post=125912"},{"taxonomy":"post_tag","embeddable":true,"href":"https:\/\/www.europesays.com\/fi\/wp-json\/wp\/v2\/tags?post=125912"}],"curies":[{"name":"wp","href":"https:\/\/api.w.org\/{rel}","templated":true}]}}