{"id":125914,"date":"2025-12-26T01:02:20","date_gmt":"2025-12-26T01:02:20","guid":{"rendered":"https:\/\/www.europesays.com\/fi\/125914\/"},"modified":"2025-12-26T01:02:20","modified_gmt":"2025-12-26T01:02:20","slug":"pamela-tolan-menestyselokuva-saa-jatkoa-vaikka-alkuun-ajatus-tuntui-vieraalta-paikalliset","status":"publish","type":"post","link":"https:\/\/www.europesays.com\/fi\/125914\/","title":{"rendered":"Pamela Tolan menestyselokuva saa jatkoa, vaikka alkuun ajatus tuntui vieraalta | Paikalliset"},"content":{"rendered":"<p>Ter\u00e4sleidit \u2013 kuin viimeist\u00e4 p\u00e4iv\u00e4\u00e4 on itsen\u00e4inen jatko-osa vuoden 2020 elokuvalle. Uuden Ter\u00e4sleidit elokuvan idea tuli k\u00e4sikirjoittaja <strong>Karoliina Lindgrenilt\u00e4<\/strong>.<\/p>\n<p>Pamela Tola kertoo ajatuksen jatko-osasta tuntuneen ensin vieraalta.<\/p>\n<p>\u2013 Pelk\u00e4sin alkuper\u00e4isen hienon tarinan ja maailman jotenkin tuhoutuvan. Jatko-osalla on usein heppoinen ja k\u00f6pp\u00f6inen leima. En halunnut mukaan mit\u00e4\u00e4n helppoheikkimeininki\u00e4.<\/p>\n<p>Ohjaamisen lis\u00e4ksi Tola on k\u00e4sikirjoittanut elokuvan yhdess\u00e4 Lindgrenin ja <strong>Aleksi Bardyn<\/strong> kanssa.<\/p>\n<p>\u2013 Tajusin, ettei naisten t\u00e4hditt\u00e4mist\u00e4 elokuvista ole hirve\u00e4sti jatko-osia. Saati elokuvista, jotka kertovat vanhemmista naisista.<\/p>\n<p><strong class=\"diks-storyline__impact\">Ensimm\u00e4inen Ter\u00e4sleidit<\/strong> tuli teattereihin tammikuussa 2020 eli v\u00e4h\u00e4n ennen koronan aiheuttamia sulkutoimia.<\/p>\n<p>\u2013 Hommat j\u00e4iv\u00e4t kesken, koska elokuvateatterit suljettiin. Nyt saimme jatkoajan elokuvan maailman parissa.<\/p>\n<blockquote class=\"voice-no-read rs_skip diks-blockquote\">\n<p class=\"diks-blockquote__text\">Hommat j\u00e4iv\u00e4t silloin v\u00e4h\u00e4n kesken.<\/p>\n<p>Pamela Tola<\/p><\/blockquote>\n<p>Edellisen elokuvan tavoin <strong>Leena Uotila<\/strong> ja <strong>Seela Sella<\/strong> esitt\u00e4v\u00e4t elokuvassa Inkeri\u00e4 ja Railia, hyvin erilaisia siskoksia. Inkeri haluaa tulla tunnustetuksi kirjailijaksi, Railin el\u00e4m\u00e4ss\u00e4 taas on ollut r\u00e4v\u00e4k\u00e4mpi\u00e4 k\u00e4\u00e4nteit\u00e4.<\/p>\n<p>Kolmas sisko, <strong>Saara Pakkasvirran<\/strong> esitt\u00e4m\u00e4 Sylvi, vilahtaa mukana tarinassa, mutta n\u00e4yttelij\u00e4 ei en\u00e4\u00e4 osallistunut elokuvan tekoon<\/p>\n<p>\u2013 T\u00e4h\u00e4n liittyv\u00e4t luonnolliset ik\u00e4kysymykset. Saara ei kokenut voivansa osallistua vaativiin kuvauksiin.<\/p>\n<p><strong class=\"diks-storyline__impact\">Uusina n\u00e4yttelij\u00f6in\u00e4<\/strong> n\u00e4hd\u00e4\u00e4n <strong>Sanna-Kaisa Palo<\/strong> Kerttuna ja<strong> Eero Saarinen<\/strong> Mattina.<\/p>\n<p>\u2013 Tarinaan tarvitaan erilaisia energioita ja vetovoimia. Sannan-Kaisan hahmo on tarinassa selv\u00e4sti \u201dstereotyyppisempi\u201d mummo, vaikka h\u00e4n onkin nuorempi n\u00e4yttelij\u00e4. Olen aina ihaillut Sanna-Kaisaa n\u00e4yttelij\u00e4n\u00e4, muttemme ole aikaisemmin tehneet t\u00f6it\u00e4 yhdess\u00e4.<\/p>\n<p>\u2013 Eeron kanssa taas olemme olleet monessa mukana. H\u00e4n on pari kertaa esitt\u00e4nyt roolihahmoni is\u00e4\u00e4 ja h\u00e4n oli opettajani koulussa. H\u00e4n on minulle tuttu ja turvallinen tyyppi.<\/p>\n<p>Voi siis sanoa elokuvan p\u00e4\u00e4n\u00e4yttelij\u00f6iden olevan konkareita.<\/p>\n<p>\u2013 Seela ja Leena ovat tuoneet mukanaan asenteen ja ty\u00f6moraalin. He eiv\u00e4t pienest\u00e4 hetkahda. He ovat aina mukana t\u00e4ydell\u00e4 syd\u00e4mell\u00e4 ja intohimolla. Sit\u00e4 on ollut mahtava seurata.<\/p>\n<p>\u2013 Ehk\u00e4 ennen ensimm\u00e4ist\u00e4 elokuvaa ajattelin jotenkin, ett\u00e4 vanhempien ihmisten kanssa pit\u00e4\u00e4 tehd\u00e4 asiat jotenkin eri tavalla. Mutta heh\u00e4n juuri ovat rautaisia ammattilaisia. Eiv\u00e4t he ty\u00f6ss\u00e4\u00e4n ole mitenk\u00e4\u00e4n hitaampia.<\/p>\n<p><strong class=\"diks-storyline__impact\">Elokuvan juonessa<\/strong> kuvioita sotkee Inkerin perhe. \u00c4itins\u00e4 asioihin liian hanakasti puuttuvaa tyt\u00e4rt\u00e4 Maijaa n\u00e4yttelee<strong> Pirjo Lonka<\/strong>. Maijan aviomiest\u00e4 Ville\u00e4 <strong>Jani Volanen<\/strong> ja heid\u00e4n tyt\u00e4rt\u00e4\u00e4n Rosaa <strong>Linnea Skog<\/strong>.<\/p>\n<p>Ensimm\u00e4isen elokuvan tavoin uusi Ter\u00e4sleidit on road movie eli elokuvassa ajetaan paljon autolla. Nytkin Inkerin on l\u00f6ydett\u00e4v\u00e4 kadoksissa oleva romaanik\u00e4sikirjoitus. K\u00e4sikirjoitusta etsit\u00e4\u00e4n ymp\u00e4ri Suomea.<\/p>\n<p>\u2013 Alkujaan ajatus road moviesta syntyi, kun mietin vanhoille naisille erikoista paikkaa. Road movie tuntui absurdilta ja j\u00e4nn\u00e4lt\u00e4 ajatukselta. N\u00e4emme p\u00e4\u00e4henkil\u00f6t tekem\u00e4ss\u00e4 asioita, joita elokuvissa tekev\u00e4t yleens\u00e4 nuoret miehet.<\/p>\n<p>\t\t<a class=\"diks-gallery__link\" href=\"https:\/\/i.media.fi\/incoming\/st5ih1\/11214007.jpg\/alternates\/FREE_1440\/11214007.jpg\" data-thumbnail=\"\" data-sub-html=\"Ohjaaja-k\u00e4sikirjoittaja Pamela Tola vierasti ensin ajatusta jatko-osasta Ter\u00e4sleideille. Ville Juurikkala\" aria-label=\"Katso isompi kuva\" rel=\"nofollow noopener\" target=\"_blank\"><br \/>\n\t\t\t\t<img class=\"diks-figure__image\" src=\"https:\/\/www.europesays.com\/fi\/wp-content\/uploads\/2025\/12\/11214007.jpg\" loading=\"lazy\" decoding=\"sync\" alt=\"\"\/><\/p>\n<p>\t\t\t<\/a><br \/>\n\t\t\t\t\tOhjaaja-k\u00e4sikirjoittaja Pamela Tola vierasti ensin ajatusta jatko-osasta Ter\u00e4sleideille. Ville Juurikkala<\/p>\n<p><strong class=\"diks-storyline__impact\">My\u00f6s Luuserit-sarjan <\/strong>nelj\u00e4s tuotantokausi on Tolan ohjaama. Se on ollut katsottavissa syksyst\u00e4 l\u00e4htien Yle Areenassa. Sarja liikkuu hyvin erilaisessa maailmassa kuin Ter\u00e4sleidit. P\u00e4\u00e4henkil\u00f6t ovat parikymppisi\u00e4 nuoria miehi\u00e4.<\/p>\n<p>\u2013 Olen utelias ja kiinnostunut sek\u00e4 nuorten ett\u00e4 vanhempien ihmisten maailmasta. Molemmissa on omanlaistaan n\u00e4kemyst\u00e4 ja viisautta<\/p>\n<p>\u2013 N\u00e4iss\u00e4 on kuitenkin samalla jotain i\u00e4tt\u00f6myytt\u00e4 ja sukupuolettomuutta. Huumori tulee samasta l\u00e4hteest\u00e4. Hahmot haluavat erilaisia asioita ja ajautuvat \u00e4\u00e4rimm\u00e4isiin tilanteisiin.<\/p>\n","protected":false},"excerpt":{"rendered":"Ter\u00e4sleidit \u2013 kuin viimeist\u00e4 p\u00e4iv\u00e4\u00e4 on itsen\u00e4inen jatko-osa vuoden 2020 elokuvalle. Uuden Ter\u00e4sleidit elokuvan idea tuli k\u00e4sikirjoittaja Karoliina&hellip;\n","protected":false},"author":2,"featured_media":125915,"comment_status":"","ping_status":"","sticky":false,"template":"","format":"standard","meta":{"footnotes":""},"categories":[130],"tags":[153,155,137,33,31,30,3455,2001,99,622,154,32,140,156,109],"class_list":{"0":"post-125914","1":"post","2":"type-post","3":"status-publish","4":"format-standard","5":"has-post-thumbnail","7":"category-viihde","8":"tag-audiovisuaalinen-media","9":"tag-elokuvat","10":"tag-entertainment","11":"tag-fi","12":"tag-finland","13":"tag-finnish","14":"tag-isovanhemmuus","15":"tag-kirjailijat","16":"tag-lapset","17":"tag-nayttelijat","18":"tag-nayttelijat-teatteri","19":"tag-suomi","20":"tag-tv-ja-elokuvat","21":"tag-tv","22":"tag-viihde"},"share_on_mastodon":{"url":"https:\/\/pubeurope.com\/@fi\/115783175174428030","error":""},"_links":{"self":[{"href":"https:\/\/www.europesays.com\/fi\/wp-json\/wp\/v2\/posts\/125914","targetHints":{"allow":["GET"]}}],"collection":[{"href":"https:\/\/www.europesays.com\/fi\/wp-json\/wp\/v2\/posts"}],"about":[{"href":"https:\/\/www.europesays.com\/fi\/wp-json\/wp\/v2\/types\/post"}],"author":[{"embeddable":true,"href":"https:\/\/www.europesays.com\/fi\/wp-json\/wp\/v2\/users\/2"}],"replies":[{"embeddable":true,"href":"https:\/\/www.europesays.com\/fi\/wp-json\/wp\/v2\/comments?post=125914"}],"version-history":[{"count":0,"href":"https:\/\/www.europesays.com\/fi\/wp-json\/wp\/v2\/posts\/125914\/revisions"}],"wp:featuredmedia":[{"embeddable":true,"href":"https:\/\/www.europesays.com\/fi\/wp-json\/wp\/v2\/media\/125915"}],"wp:attachment":[{"href":"https:\/\/www.europesays.com\/fi\/wp-json\/wp\/v2\/media?parent=125914"}],"wp:term":[{"taxonomy":"category","embeddable":true,"href":"https:\/\/www.europesays.com\/fi\/wp-json\/wp\/v2\/categories?post=125914"},{"taxonomy":"post_tag","embeddable":true,"href":"https:\/\/www.europesays.com\/fi\/wp-json\/wp\/v2\/tags?post=125914"}],"curies":[{"name":"wp","href":"https:\/\/api.w.org\/{rel}","templated":true}]}}