{"id":125916,"date":"2025-12-26T01:06:08","date_gmt":"2025-12-26T01:06:08","guid":{"rendered":"https:\/\/www.europesays.com\/fi\/125916\/"},"modified":"2025-12-26T01:06:08","modified_gmt":"2025-12-26T01:06:08","slug":"lansi-saa-olla-tarkkana-venajan-oppositiota-tukiessaan","status":"publish","type":"post","link":"https:\/\/www.europesays.com\/fi\/125916\/","title":{"rendered":"L\u00e4nsi saa olla tarkkana Ven\u00e4j\u00e4n oppositiota tukiessaan"},"content":{"rendered":"<p>P\u00e4\u00e4kirjoitus|L\u00e4nness\u00e4 toimivat ven\u00e4l\u00e4iset oppositiopoliitikot tasapainoilevat ven\u00e4l\u00e4isten ja l\u00e4nsimaisten kantojen v\u00e4lill\u00e4.<\/p>\n<p class=\"article-body mb-nof-24 px-nof-16\">Jotkin asiat eiv\u00e4t muutu. Yksi toistuva tapahtuma on ven\u00e4l\u00e4isen pakolaisopposition ajautuminen riitoihin. Niin oli tsaarinaikana, niin oli neuvostoaikana ja niin on my\u00f6s Vladimir Putinin aikana.<\/p>\n<p class=\"article-body mb-nof-24 px-nof-16\">Tuorein esimerkki saatiin t\u00e4ss\u00e4 kuussa, kun ven\u00e4l\u00e4isten maanpaossa olevien oppositiotoimijoiden sodanvastaisen koalition tapaaminen p\u00e4\u00e4ttyi n\u00e4ytt\u00e4v\u00e4\u00e4n v\u00e4lirikkoon. Sen osapuolina olivat entinen shakkimestari Garri Kasparov ja kes\u00e4n 2024 vankienvaihdossa ven\u00e4l\u00e4iselt\u00e4 vankileirilt\u00e4 vapautunut Vladimir Kara-Murza.<\/p>\n<p class=\"article-body mb-nof-24 px-nof-16\">Kiistassa on tietenkin ennen muuta kyse vaikutusvallasta, n\u00e4kyvyydest\u00e4 ja rooleista pakolaisopposition sis\u00e4ll\u00e4. Kamppailu liittyy erityisesti Ven\u00e4j\u00e4n niin sanotun demokraattisen opposition uuteen asemaan jonkinlaisena asiantuntijaryhm\u00e4n\u00e4 Euroopan neuvoston parlamentaarisessa yleiskokouksessa. Tuttuun tapaan kiistell\u00e4\u00e4n siis paikoista ja toiminnasta osin itse kehitetyiss\u00e4 rakenteissa. Tuskin kukaan muu kuin Ven\u00e4j\u00e4n oppositio pit\u00e4\u00e4 Euroopan neuvoston parlamentaarista yleiskokousta miss\u00e4\u00e4n mitassa relevanttina toimijana.<\/p>\n<p class=\"article-body mb-nof-24 px-nof-16\">Mutta mukana on my\u00f6s n\u00e4kemysero siin\u00e4, miten Ven\u00e4j\u00e4n pakolaisopposition pit\u00e4isi toimia. Siksi asialla on v\u00e4li\u00e4 my\u00f6s l\u00e4nnelle: l\u00e4nsimaat joutuvat pohtimaan, miten ne toimivat alueelleen paenneiden ven\u00e4l\u00e4isten oppositiotoimijoiden kanssa.<\/p>\n<p class=\"article-body mb-nof-24 px-nof-16\">Kaikkien pakolaisoppositioiden t\u00e4rke\u00e4n\u00e4 teht\u00e4v\u00e4n\u00e4 on antaa sellainen kuva, ett\u00e4 ne edustavat omaa kansaansa. Ven\u00e4j\u00e4n pakolaisoppositio ei eroa t\u00e4st\u00e4: sen l\u00e4nness\u00e4 toimivat edustajat uskottelevat itselleen ja muille edustavansa Ven\u00e4j\u00e4ll\u00e4 edelleen olevaa isoa joukkoa, joka on sorrettu hiljaiseksi. Siksi he mieluusti puhuvat Ven\u00e4j\u00e4n hy\u00f6kk\u00e4yksest\u00e4 Ukrainaan Putinin sotana.<\/p>\n<p class=\"article-body mb-nof-24 px-nof-16\">Ven\u00e4j\u00e4ll\u00e4 toki on edelleen ihmisi\u00e4, jotka vastustavat Putinin hallintoa ja haluavat muutosta. Koska kaikenlainen kansalaisyhteiskunnan toiminta on k\u00e4yt\u00e4nn\u00f6ss\u00e4 kielletty, he tulevat n\u00e4kyviin vain satunnaisesti, kuten oppositiopoliitikko Aleksi Navalnyin hautajaisten yhteydess\u00e4. Koska mit\u00e4\u00e4n rehellisi\u00e4 vaaleja ei ole j\u00e4rjestetty pitk\u00e4\u00e4n aikaan, joukon koosta ei ole luotettavaa tietoa. Vakiintuneet arviot liikkuvat noin 15\u201320 prosentissa, mutta ne saattavat olla optimistisia.<\/p>\n<p class=\"article-body mb-nof-24 px-nof-16\">My\u00f6s t\u00e4m\u00e4n Ven\u00e4j\u00e4ll\u00e4 olevan joukon ajatuksista tiedet\u00e4\u00e4n v\u00e4h\u00e4n. Osa heist\u00e4 tukee l\u00e4nteen siirtyneit\u00e4 oppositiopoliitikkoja, joista k\u00e4ytet\u00e4\u00e4n yleens\u00e4 v\u00e4h\u00e4n turhan laveasti termi\u00e4 liberaali oppositio. Osa saattaa kokea muut ryhm\u00e4t l\u00e4heisemmiksi, osa suhtautuu ep\u00e4illen kaikkiin. Pakolaisoppositio edustaa siis teoriassakin vain osaa oppositiomielisist\u00e4.<\/p>\n<blockquote class=\"p-[var(--citation-padding)] m-[var(--citation-margin)] border-y-[length:var(--citation-border-width)] border-y-[color:var(--citation-border-color)]\">\n<p>Pakolaisoppositiolla on ratkaistavanaan kaksinkertainen uskottavuuskuilu.<\/p>\n<\/blockquote>\n<p class=\"article-body mb-nof-24 px-nof-16\">Todellinen tai kuviteltu kannattajakunta Ven\u00e4j\u00e4ll\u00e4 on kuitenkin pakolaisoppositiolle t\u00e4rke\u00e4 asia, sill\u00e4 muutenhan pakolaisoppositio on vain joukko itse\u00e4\u00e4n edustavia aktivisteja. Sen on pyritt\u00e4v\u00e4 pysym\u00e4\u00e4n relevanttina ja uskottavana Ven\u00e4j\u00e4lle j\u00e4\u00e4neille. Se ei ole koskaan helppoa, mutta sodan aikana se on erityisen vaikeaa.<\/p>\n<p class=\"article-body mb-nof-24 px-nof-16\">Pakolaisoppositiolla onkin ratkaistavanaan \u201dkaksinkertainen uskottavuuskuilu\u201d, kuten <a class=\"underline underline-offset-[0.12em] [text-decoration-thickness:var(--generic-link-underline-thickness)] [text-decoration-color:var(--generic-link-underline-color)] [text-decoration-skip-ink:var(--generic-link-underline-skip-ink)] break-words\" href=\"https:\/\/fiia.fi\/julkaisu\/the-strategic-dilemma-facing-russias-political-exiles\" rel=\"nofollow noopener\" target=\"_blank\">Ulkopoliittisen instituutin tuoreessa kommentaarissa<\/a> kekseli\u00e4\u00e4sti sanotaan. Jotta poliittiset pakolaiset s\u00e4ilytt\u00e4isiv\u00e4t uskottavuuttaan Ven\u00e4j\u00e4ll\u00e4 tavallisten ven\u00e4l\u00e4isten silmiss\u00e4, he eiv\u00e4t saa vaikuttaa l\u00e4nnen juoksupojilta. Mutta jotta he saavat turvattua l\u00e4nnen tuen, he eiv\u00e4t voi kierrell\u00e4 Ukrainaan liittyviss\u00e4 ydinkysymyksiss\u00e4, kuten sotarikoksissa ja Ven\u00e4j\u00e4n sodan laittomuudessa. T\u00e4st\u00e4 tasapainoilusta on n\u00e4hty erilaisia versioita.<\/p>\n<p class=\"article-body mb-nof-24 px-nof-16\">Tilanne on hankala my\u00f6s l\u00e4nnelle. Ven\u00e4j\u00e4n pakolaisoppositiota voisi olla hy\u00f6dyllist\u00e4 tukea my\u00f6s tulevaisuutta silm\u00e4ll\u00e4 pit\u00e4en, sill\u00e4 vaikka muutoksen tekev\u00e4t Ven\u00e4j\u00e4ll\u00e4 olevat ven\u00e4l\u00e4iset, pakolaisoppositiolla voi olla sen j\u00e4lkeen rooli. Tukea on kuitenkin turha antaa isoven\u00e4l\u00e4isille tai ep\u00e4demokraattisille ryhmille.<\/p>\n<p class=\"article-body mb-nof-24 px-nof-16\">Samalla on selv\u00e4\u00e4, ett\u00e4 l\u00e4nnen kanssa t\u00e4ysin yhten\u00e4iselle linjalle voivat asettua vain sellaiset voimat, joilla ei ole mink\u00e4\u00e4nlaista kannattajakuntaa Ven\u00e4j\u00e4ll\u00e4. Tukemisen kanssa on siis oltava tarkka ja varovainen.<\/p>\n","protected":false},"excerpt":{"rendered":"P\u00e4\u00e4kirjoitus|L\u00e4nness\u00e4 toimivat ven\u00e4l\u00e4iset oppositiopoliitikot tasapainoilevat ven\u00e4l\u00e4isten ja l\u00e4nsimaisten kantojen v\u00e4lill\u00e4. Jotkin asiat eiv\u00e4t muutu. Yksi toistuva tapahtuma on&hellip;\n","protected":false},"author":2,"featured_media":3965,"comment_status":"","ping_status":"","sticky":false,"template":"","format":"standard","meta":{"footnotes":""},"categories":[14],"tags":[22,23,26,27,33,31,30,17,46,24,25,28,29,15,18,21,32,19,20,56,16,59,60,61],"class_list":{"0":"post-125916","1":"post","2":"type-post","3":"status-publish","4":"format-standard","5":"has-post-thumbnail","7":"category-ulkomaat","8":"tag-breaking-news","9":"tag-breakingnews","10":"tag-featured-news","11":"tag-featurednews","12":"tag-fi","13":"tag-finland","14":"tag-finnish","15":"tag-headlines","16":"tag-helsingin-sanomat","17":"tag-latest-news","18":"tag-latestnews","19":"tag-main-news","20":"tag-mainnews","21":"tag-news","22":"tag-otsikot","23":"tag-paauutiset","24":"tag-suomi","25":"tag-top-stories","26":"tag-topstories","27":"tag-ulkomaat","28":"tag-uutiset","29":"tag-world","30":"tag-world-news","31":"tag-worldnews"},"share_on_mastodon":{"url":"https:\/\/pubeurope.com\/@fi\/115783190712166211","error":""},"_links":{"self":[{"href":"https:\/\/www.europesays.com\/fi\/wp-json\/wp\/v2\/posts\/125916","targetHints":{"allow":["GET"]}}],"collection":[{"href":"https:\/\/www.europesays.com\/fi\/wp-json\/wp\/v2\/posts"}],"about":[{"href":"https:\/\/www.europesays.com\/fi\/wp-json\/wp\/v2\/types\/post"}],"author":[{"embeddable":true,"href":"https:\/\/www.europesays.com\/fi\/wp-json\/wp\/v2\/users\/2"}],"replies":[{"embeddable":true,"href":"https:\/\/www.europesays.com\/fi\/wp-json\/wp\/v2\/comments?post=125916"}],"version-history":[{"count":0,"href":"https:\/\/www.europesays.com\/fi\/wp-json\/wp\/v2\/posts\/125916\/revisions"}],"wp:featuredmedia":[{"embeddable":true,"href":"https:\/\/www.europesays.com\/fi\/wp-json\/wp\/v2\/media\/3965"}],"wp:attachment":[{"href":"https:\/\/www.europesays.com\/fi\/wp-json\/wp\/v2\/media?parent=125916"}],"wp:term":[{"taxonomy":"category","embeddable":true,"href":"https:\/\/www.europesays.com\/fi\/wp-json\/wp\/v2\/categories?post=125916"},{"taxonomy":"post_tag","embeddable":true,"href":"https:\/\/www.europesays.com\/fi\/wp-json\/wp\/v2\/tags?post=125916"}],"curies":[{"name":"wp","href":"https:\/\/api.w.org\/{rel}","templated":true}]}}