{"id":125919,"date":"2025-12-26T01:08:14","date_gmt":"2025-12-26T01:08:14","guid":{"rendered":"https:\/\/www.europesays.com\/fi\/125919\/"},"modified":"2025-12-26T01:08:14","modified_gmt":"2025-12-26T01:08:14","slug":"nigerian-moskeijarajahdyksessa-kuoli-poliisin-mukaan-viisi-ihmista-uutissuomalainen-2","status":"publish","type":"post","link":"https:\/\/www.europesays.com\/fi\/125919\/","title":{"rendered":"Nigerian moskeijar\u00e4j\u00e4hdyksess\u00e4 kuoli poliisin mukaan viisi ihmist\u00e4 | Uutissuomalainen"},"content":{"rendered":"<p>Nigeriassa moskeijassa jouluaattona tapahtuneessa r\u00e4j\u00e4hdyksess\u00e4 kuoli poliisin mukaan viisi ihmist\u00e4. Aiemmin uhrim\u00e4\u00e4r\u00e4n uutisoitiin olevan hieman suurempi.<\/p>\n<p>Poliisin mukaan haavoittuneita on yli 30.<\/p>\n<p>Poliisi ep\u00e4ilee, ett\u00e4 kyse saattoi olla terroristij\u00e4rjest\u00f6\u00f6n kuuluvasta itsemurhapommittajasta. Ep\u00e4ily itsemurhapommista perustuu todistajien kertomuksille sek\u00e4 r\u00e4j\u00e4hdyspaikalta l\u00f6ytyneille, mahdollisesti pommittajan liivist\u00e4 per\u00e4isin oleville palasille.<\/p>\n<p>Pommi r\u00e4j\u00e4hti moskeijassa Bornon osavaltion p\u00e4\u00e4kaupungissa Maidugurissa. Poliisien l\u00e4sn\u00e4oloa on r\u00e4j\u00e4hdyksen j\u00e4lkeen lis\u00e4tty monilla julkisilla paikoilla.<\/p>\n<p>Nigeria on taistellut jihadisteja vastaan vuodesta 2009. YK:n mukana konfliktissa on kuollut kymmeni\u00e4tuhansia ihmisi\u00e4. Lis\u00e4ksi noin kaksi miljoonaa ihmist\u00e4 on joutunut j\u00e4tt\u00e4m\u00e4\u00e4n kotinsa maan koillisosissa.<\/p>\n<p>Aiemmin v\u00e4kivaltaisuuksissa k\u00e4rsineess\u00e4 Maidugurissa tilanne on viime vuosina ollut suhteellisen rauhallinen.<\/p>\n","protected":false},"excerpt":{"rendered":"Nigeriassa moskeijassa jouluaattona tapahtuneessa r\u00e4j\u00e4hdyksess\u00e4 kuoli poliisin mukaan viisi ihmist\u00e4. Aiemmin uhrim\u00e4\u00e4r\u00e4n uutisoitiin olevan hieman suurempi. Poliisin mukaan&hellip;\n","protected":false},"author":2,"featured_media":125920,"comment_status":"","ping_status":"","sticky":false,"template":"","format":"standard","meta":{"footnotes":""},"categories":[5],"tags":[820,22,23,26,27,33,31,30,17,2455,683,24,25,803,28,29,15,18,21,122,54,52,32,19,20,16],"class_list":{"0":"post-125919","1":"post","2":"type-post","3":"status-publish","4":"format-standard","5":"has-post-thumbnail","7":"category-otsikot","8":"tag-aseet","9":"tag-breaking-news","10":"tag-breakingnews","11":"tag-featured-news","12":"tag-featurednews","13":"tag-fi","14":"tag-finland","15":"tag-finnish","16":"tag-headlines","17":"tag-hengenvaara-ja-loukkaantuminen","18":"tag-kuolema","19":"tag-latest-news","20":"tag-latestnews","21":"tag-levottomuudet-ja-sodat","22":"tag-main-news","23":"tag-mainnews","24":"tag-news","25":"tag-otsikot","26":"tag-paauutiset","27":"tag-pelastaminen","28":"tag-pelastuspalvelut","29":"tag-poliisi","30":"tag-suomi","31":"tag-top-stories","32":"tag-topstories","33":"tag-uutiset"},"share_on_mastodon":{"url":"https:\/\/pubeurope.com\/@fi\/115783198487336556","error":""},"_links":{"self":[{"href":"https:\/\/www.europesays.com\/fi\/wp-json\/wp\/v2\/posts\/125919","targetHints":{"allow":["GET"]}}],"collection":[{"href":"https:\/\/www.europesays.com\/fi\/wp-json\/wp\/v2\/posts"}],"about":[{"href":"https:\/\/www.europesays.com\/fi\/wp-json\/wp\/v2\/types\/post"}],"author":[{"embeddable":true,"href":"https:\/\/www.europesays.com\/fi\/wp-json\/wp\/v2\/users\/2"}],"replies":[{"embeddable":true,"href":"https:\/\/www.europesays.com\/fi\/wp-json\/wp\/v2\/comments?post=125919"}],"version-history":[{"count":0,"href":"https:\/\/www.europesays.com\/fi\/wp-json\/wp\/v2\/posts\/125919\/revisions"}],"wp:featuredmedia":[{"embeddable":true,"href":"https:\/\/www.europesays.com\/fi\/wp-json\/wp\/v2\/media\/125920"}],"wp:attachment":[{"href":"https:\/\/www.europesays.com\/fi\/wp-json\/wp\/v2\/media?parent=125919"}],"wp:term":[{"taxonomy":"category","embeddable":true,"href":"https:\/\/www.europesays.com\/fi\/wp-json\/wp\/v2\/categories?post=125919"},{"taxonomy":"post_tag","embeddable":true,"href":"https:\/\/www.europesays.com\/fi\/wp-json\/wp\/v2\/tags?post=125919"}],"curies":[{"name":"wp","href":"https:\/\/api.w.org\/{rel}","templated":true}]}}