{"id":125925,"date":"2025-12-26T01:28:08","date_gmt":"2025-12-26T01:28:08","guid":{"rendered":"https:\/\/www.europesays.com\/fi\/125925\/"},"modified":"2025-12-26T01:28:08","modified_gmt":"2025-12-26T01:28:08","slug":"joulun-vietto-tauolle-stranger-thingsin-viides-kausi-jatkuu-nyt-ketka-selviytyvat-finaaliin-saakka","status":"publish","type":"post","link":"https:\/\/www.europesays.com\/fi\/125925\/","title":{"rendered":"Joulun vietto tauolle! Stranger Thingsin viides kausi jatkuu nyt &#8211; ketk\u00e4 selviytyv\u00e4t finaaliin saakka?"},"content":{"rendered":"<p>Netflix tarjoaa tilaajakunnalleen mit\u00e4 parhaimman joululahjan. Megahitti Stranger Thingsin viidennen tuotantokauden toinen osio onkin lis\u00e4tty suoratoistettavaksi palvelun kirjastoon t\u00e4n\u00e4\u00e4n tapaninp\u00e4iv\u00e4n y\u00f6n\u00e4, perjantaina 26. joulukuuta kello 03:00.<\/p>\n<p>Sotilasvalvonnan alla toimivan Hawkinsin kaupungin nuoret ja heid\u00e4n perheens\u00e4 yritt\u00e4v\u00e4t sulatella Vecnan (<strong>Jamie Campbell Bowers<\/strong>) ja t\u00e4m\u00e4n ohjailemien demogorgon-otusten paluun seurauksia. Max (<strong>Sadie Sink<\/strong>) yritt\u00e4\u00e4 ratkoa tilannetta Yl\u00f6salaisen puolella.<\/p>\n<p>Lue my\u00f6s: <a href=\"https:\/\/www.episodi.fi\/uutiset\/paljastiko-noah-schnapp-juuri-stranger-thingsin-lopun-millie-bobby-brown-joutui-hiljentamaan-miehen\/\" title=\"Paljastiko Noah Schnapp juuri Stranger Thingsin lopun? \u2013 Millie Bobby Brown joutui hiljent\u00e4m\u00e4\u00e4n miehen\" class=\"underline-custom !font-montserrat !font-bold !underline-offset-4 !decoration-4 !decoration-episodi-blue !text-md\" rel=\"nofollow noopener\" target=\"_blank\">Paljastiko Noah Schnapp juuri Stranger Thingsin lopun? \u2013 Millie Bobby Brown joutui hiljent\u00e4m\u00e4\u00e4n miehen<\/a><\/p>\n<p>Lue my\u00f6s: <a href=\"https:\/\/www.episodi.fi\/uutiset\/stranger-thingsin-uudelta-kaudelta-loytyi-nolo-moka-fanit-suuttuivat\/\" title=\"Stranger Thingsin uudelta kaudelta l\u00f6ytyi nolo moka \u2013 fanit \u201dsuuttuivat\u201d\" class=\"underline-custom !font-montserrat !font-bold !underline-offset-4 !decoration-4 !decoration-episodi-blue !text-md\" rel=\"nofollow noopener\" target=\"_blank\">Stranger Thingsin uudelta kaudelta l\u00f6ytyi nolo moka \u2013 fanit \u201dsuuttuivat\u201d<\/a><\/p>\n<p>Kauden ensimm\u00e4iset nelj\u00e4 jaksoa ilmestyiv\u00e4t katseltaviksi marraskuun lopussa. T\u00e4ll\u00e4 kertaa uusia jaksoja on luvassa kolme kappaletta. Sarjan koko tarinan p\u00e4\u00e4tt\u00e4v\u00e4\u00e4 kauden viimeist\u00e4 jaksoa on odoteltava viel\u00e4 ensi viikkoon saakka.<\/p>\n<p>Viidennen jakson \u201dShock Jock\u201d kesto on yksi tunti ja kahdeksan minuuttia. Kuudes jakso \u201dEscape from Camatroz\u201d kest\u00e4\u00e4 tunnin ja 15 minuuttia. Toisen osion viimein jakso eli jakso seitsem\u00e4n \u201dThe Bridge\u201d kest\u00e4\u00e4 tunnin ja kuusi minuuttia.<\/p>\n<p>Stranger Thingsin finaalijakso julkaistaan Suomen Netflixiss\u00e4 1. tammikuuta 2026 kello 03:00.<\/p>\n<p>Lue my\u00f6s: <a href=\"https:\/\/www.episodi.fi\/uutiset\/mita-tulee-netflixiin-tassa-kuussa-tsekkaa-tasta-kaikki-joulukuun-2025-uudet-sarjat-ja-leffat\/\" title=\"Mit\u00e4 tulee Netflixiin t\u00e4ss\u00e4 kuussa? Tsekkaa t\u00e4st\u00e4 kaikki joulukuun 2025 uudet sarjat ja leffat!\" class=\"underline-custom !font-montserrat !font-bold !underline-offset-4 !decoration-4 !decoration-episodi-blue !text-md\" rel=\"nofollow noopener\" target=\"_blank\">Mit\u00e4 tulee Netflixiin t\u00e4ss\u00e4 kuussa? Tsekkaa t\u00e4st\u00e4 kaikki joulukuun 2025 uudet sarjat ja leffat!<\/a><\/p>\n<p>Katso alta Stranger Thingsin finaalikauden toisen osion virallinen traileri.<\/p>\n<p><img loading=\"lazy\" decoding=\"async\" alt=\"YouTube video\" width=\"480\" height=\"360\" data-pin-nopin=\"true\" nopin=\"nopin\" class=\"perfmatters-lazy\" src=\"https:\/\/www.europesays.com\/fi\/wp-content\/uploads\/2025\/12\/1766712488_517_hqdefault.jpg\"\/><\/p>\n<p>Lue my\u00f6s: <a href=\"https:\/\/www.episodi.fi\/uutiskirje\/?uutiskirjemainos=tekstilinkkimainos\" title=\"Tilaa Episodin uutiskirje ja voit voittaa leffalippuja! Nappaa tv-vinkit suoraan s\u00e4hk\u00f6postiin t\u00e4st\u00e4.\" class=\"underline-custom !font-montserrat !font-bold !underline-offset-4 !decoration-4 !decoration-episodi-blue !text-md\" rel=\"nofollow noopener\" target=\"_blank\">Tilaa Episodin uutiskirje ja voit voittaa leffalippuja! Nappaa katseluvinkit suoraan s\u00e4hk\u00f6postiin t\u00e4st\u00e4.<\/a><\/p>\n","protected":false},"excerpt":{"rendered":"Netflix tarjoaa tilaajakunnalleen mit\u00e4 parhaimman joululahjan. Megahitti Stranger Thingsin viidennen tuotantokauden toinen osio onkin lis\u00e4tty suoratoistettavaksi palvelun kirjastoon&hellip;\n","protected":false},"author":2,"featured_media":125926,"comment_status":"","ping_status":"","sticky":false,"template":"","format":"standard","meta":{"footnotes":""},"categories":[130],"tags":[137,33,31,30,217,13249,32,570,571,109],"class_list":{"0":"post-125925","1":"post","2":"type-post","3":"status-publish","4":"format-standard","5":"has-post-thumbnail","7":"category-viihde","8":"tag-entertainment","9":"tag-fi","10":"tag-finland","11":"tag-finnish","12":"tag-netflix","13":"tag-stranger-things","14":"tag-suomi","15":"tag-suoratoisto","16":"tag-tv-sarjat","17":"tag-viihde"},"share_on_mastodon":{"url":"https:\/\/pubeurope.com\/@fi\/115783277234890850","error":""},"_links":{"self":[{"href":"https:\/\/www.europesays.com\/fi\/wp-json\/wp\/v2\/posts\/125925","targetHints":{"allow":["GET"]}}],"collection":[{"href":"https:\/\/www.europesays.com\/fi\/wp-json\/wp\/v2\/posts"}],"about":[{"href":"https:\/\/www.europesays.com\/fi\/wp-json\/wp\/v2\/types\/post"}],"author":[{"embeddable":true,"href":"https:\/\/www.europesays.com\/fi\/wp-json\/wp\/v2\/users\/2"}],"replies":[{"embeddable":true,"href":"https:\/\/www.europesays.com\/fi\/wp-json\/wp\/v2\/comments?post=125925"}],"version-history":[{"count":0,"href":"https:\/\/www.europesays.com\/fi\/wp-json\/wp\/v2\/posts\/125925\/revisions"}],"wp:featuredmedia":[{"embeddable":true,"href":"https:\/\/www.europesays.com\/fi\/wp-json\/wp\/v2\/media\/125926"}],"wp:attachment":[{"href":"https:\/\/www.europesays.com\/fi\/wp-json\/wp\/v2\/media?parent=125925"}],"wp:term":[{"taxonomy":"category","embeddable":true,"href":"https:\/\/www.europesays.com\/fi\/wp-json\/wp\/v2\/categories?post=125925"},{"taxonomy":"post_tag","embeddable":true,"href":"https:\/\/www.europesays.com\/fi\/wp-json\/wp\/v2\/tags?post=125925"}],"curies":[{"name":"wp","href":"https:\/\/api.w.org\/{rel}","templated":true}]}}