{"id":125929,"date":"2025-12-26T01:33:09","date_gmt":"2025-12-26T01:33:09","guid":{"rendered":"https:\/\/www.europesays.com\/fi\/125929\/"},"modified":"2025-12-26T01:33:09","modified_gmt":"2025-12-26T01:33:09","slug":"kutsunnat-paatokseen-76-prosenttia-asevelvollisista-maarattiin-palvelukseen","status":"publish","type":"post","link":"https:\/\/www.europesays.com\/fi\/125929\/","title":{"rendered":"Kutsunnat p\u00e4\u00e4t\u00f6kseen \u2013 76 prosenttia asevelvollisista m\u00e4\u00e4r\u00e4ttiin palvelukseen"},"content":{"rendered":"<p>Siviilipalvelukseen hakeutuvien m\u00e4\u00e4r\u00e4 kasvoi hieman.<\/p>\n<p>25.12. 20:15<\/p>\n<p class=\"article-body mb-nof-24 px-nof-16\">T\u00e4m\u00e4n vuoden kutsunnat saatiin p\u00e4\u00e4t\u00f6kseen joulukuun puoliv\u00e4liss\u00e4. T\u00e4n\u00e4 vuonna kutsuntaik\u00e4luokka oli vuonna 2007 syntyneet miehet, joita on yhteens\u00e4 32\u202f095.<\/p>\n<p class=\"article-body mb-nof-24 px-nof-16\">Puolustusvoimien aluetoimistot j\u00e4rjestiv\u00e4t asevelvollisuuslain mukaiset kutsunnat elokuun puoliv\u00e4list\u00e4 alkaen. Syksyn aikana pidettiin yhteens\u00e4 501 kutsuntatilaisuutta kaikkiaan 238 eri paikkakunnalla.<\/p>\n","protected":false},"excerpt":{"rendered":"Siviilipalvelukseen hakeutuvien m\u00e4\u00e4r\u00e4 kasvoi hieman. 25.12. 20:15 T\u00e4m\u00e4n vuoden kutsunnat saatiin p\u00e4\u00e4t\u00f6kseen joulukuun puoliv\u00e4liss\u00e4. T\u00e4n\u00e4 vuonna kutsuntaik\u00e4luokka oli&hellip;\n","protected":false},"author":2,"featured_media":125930,"comment_status":"","ping_status":"","sticky":false,"template":"","format":"standard","meta":{"footnotes":""},"categories":[12],"tags":[22,23,26,27,33,31,30,17,1510,24,25,28,29,15,18,21,32,19,20,16],"class_list":{"0":"post-125929","1":"post","2":"type-post","3":"status-publish","4":"format-standard","5":"has-post-thumbnail","7":"category-suomi","8":"tag-breaking-news","9":"tag-breakingnews","10":"tag-featured-news","11":"tag-featurednews","12":"tag-fi","13":"tag-finland","14":"tag-finnish","15":"tag-headlines","16":"tag-kankaanpaan-seutu","17":"tag-latest-news","18":"tag-latestnews","19":"tag-main-news","20":"tag-mainnews","21":"tag-news","22":"tag-otsikot","23":"tag-paauutiset","24":"tag-suomi","25":"tag-top-stories","26":"tag-topstories","27":"tag-uutiset"},"share_on_mastodon":{"url":"https:\/\/pubeurope.com\/@fi\/115783296838448006","error":""},"_links":{"self":[{"href":"https:\/\/www.europesays.com\/fi\/wp-json\/wp\/v2\/posts\/125929","targetHints":{"allow":["GET"]}}],"collection":[{"href":"https:\/\/www.europesays.com\/fi\/wp-json\/wp\/v2\/posts"}],"about":[{"href":"https:\/\/www.europesays.com\/fi\/wp-json\/wp\/v2\/types\/post"}],"author":[{"embeddable":true,"href":"https:\/\/www.europesays.com\/fi\/wp-json\/wp\/v2\/users\/2"}],"replies":[{"embeddable":true,"href":"https:\/\/www.europesays.com\/fi\/wp-json\/wp\/v2\/comments?post=125929"}],"version-history":[{"count":0,"href":"https:\/\/www.europesays.com\/fi\/wp-json\/wp\/v2\/posts\/125929\/revisions"}],"wp:featuredmedia":[{"embeddable":true,"href":"https:\/\/www.europesays.com\/fi\/wp-json\/wp\/v2\/media\/125930"}],"wp:attachment":[{"href":"https:\/\/www.europesays.com\/fi\/wp-json\/wp\/v2\/media?parent=125929"}],"wp:term":[{"taxonomy":"category","embeddable":true,"href":"https:\/\/www.europesays.com\/fi\/wp-json\/wp\/v2\/categories?post=125929"},{"taxonomy":"post_tag","embeddable":true,"href":"https:\/\/www.europesays.com\/fi\/wp-json\/wp\/v2\/tags?post=125929"}],"curies":[{"name":"wp","href":"https:\/\/api.w.org\/{rel}","templated":true}]}}