{"id":125931,"date":"2025-12-26T01:34:14","date_gmt":"2025-12-26T01:34:14","guid":{"rendered":"https:\/\/www.europesays.com\/fi\/125931\/"},"modified":"2025-12-26T01:34:14","modified_gmt":"2025-12-26T01:34:14","slug":"trent-bourque-kanadan-maajoukkueen-matkaan-spengler-cupiin","status":"publish","type":"post","link":"https:\/\/www.europesays.com\/fi\/125931\/","title":{"rendered":"Trent Bourque Kanadan maajoukkueen matkaan Spengler Cupiin!"},"content":{"rendered":"<p><strong>JYP-puolustaja Trent Bourque on valittu Kanadan maajoukkueeseen Sveitsin Davosissa joulun v\u00e4lip\u00e4ivin\u00e4 pelattavaan Spengler Cup-turnaukseen.<\/strong><\/p>\n<p><strong> <img fetchpriority=\"high\" decoding=\"async\" class=\" alignnone wp-image-185944 size-large\" src=\"https:\/\/www.europesays.com\/fi\/wp-content\/uploads\/2025\/12\/trent-bourque-web-1-1024x576.jpg\" alt=\"\" width=\"1024\" height=\"576\"  \/><\/strong><\/p>\n<p>Bourque liittyy Kanadan maajoukkueeseen 26.\u201331.12. pelattavaan turnaukseen. Davosissa pelattava turnaus on maailman vanhin seurajoukkueturnaus.<\/p>\n<p>Kanadan ensimm\u00e4inen ottelu turnauksessa pelataan perjantaina 26.12. kun joukkue kohtaa Yhdysvaltain yliopistosta kootun t\u00e4hdist\u00f6joukkueen.<\/p>\n<p>Tsemppi\u00e4 turnaukseen Trent!<\/p>\n","protected":false},"excerpt":{"rendered":"JYP-puolustaja Trent Bourque on valittu Kanadan maajoukkueeseen Sveitsin Davosissa joulun v\u00e4lip\u00e4ivin\u00e4 pelattavaan Spengler Cup-turnaukseen. Bourque liittyy Kanadan maajoukkueeseen&hellip;\n","protected":false},"author":2,"featured_media":125932,"comment_status":"","ping_status":"","sticky":false,"template":"","format":"standard","meta":{"footnotes":""},"categories":[5],"tags":[22,23,26,27,33,31,30,17,24,25,28,29,15,18,21,32,19,20,16],"class_list":{"0":"post-125931","1":"post","2":"type-post","3":"status-publish","4":"format-standard","5":"has-post-thumbnail","7":"category-otsikot","8":"tag-breaking-news","9":"tag-breakingnews","10":"tag-featured-news","11":"tag-featurednews","12":"tag-fi","13":"tag-finland","14":"tag-finnish","15":"tag-headlines","16":"tag-latest-news","17":"tag-latestnews","18":"tag-main-news","19":"tag-mainnews","20":"tag-news","21":"tag-otsikot","22":"tag-paauutiset","23":"tag-suomi","24":"tag-top-stories","25":"tag-topstories","26":"tag-uutiset"},"share_on_mastodon":{"url":"https:\/\/pubeurope.com\/@fi\/115783300935276016","error":""},"_links":{"self":[{"href":"https:\/\/www.europesays.com\/fi\/wp-json\/wp\/v2\/posts\/125931","targetHints":{"allow":["GET"]}}],"collection":[{"href":"https:\/\/www.europesays.com\/fi\/wp-json\/wp\/v2\/posts"}],"about":[{"href":"https:\/\/www.europesays.com\/fi\/wp-json\/wp\/v2\/types\/post"}],"author":[{"embeddable":true,"href":"https:\/\/www.europesays.com\/fi\/wp-json\/wp\/v2\/users\/2"}],"replies":[{"embeddable":true,"href":"https:\/\/www.europesays.com\/fi\/wp-json\/wp\/v2\/comments?post=125931"}],"version-history":[{"count":0,"href":"https:\/\/www.europesays.com\/fi\/wp-json\/wp\/v2\/posts\/125931\/revisions"}],"wp:featuredmedia":[{"embeddable":true,"href":"https:\/\/www.europesays.com\/fi\/wp-json\/wp\/v2\/media\/125932"}],"wp:attachment":[{"href":"https:\/\/www.europesays.com\/fi\/wp-json\/wp\/v2\/media?parent=125931"}],"wp:term":[{"taxonomy":"category","embeddable":true,"href":"https:\/\/www.europesays.com\/fi\/wp-json\/wp\/v2\/categories?post=125931"},{"taxonomy":"post_tag","embeddable":true,"href":"https:\/\/www.europesays.com\/fi\/wp-json\/wp\/v2\/tags?post=125931"}],"curies":[{"name":"wp","href":"https:\/\/api.w.org\/{rel}","templated":true}]}}