{"id":125938,"date":"2025-12-26T01:54:10","date_gmt":"2025-12-26T01:54:10","guid":{"rendered":"https:\/\/www.europesays.com\/fi\/125938\/"},"modified":"2025-12-26T01:54:10","modified_gmt":"2025-12-26T01:54:10","slug":"kiitos-teille-jotka-luotte-kulttuuria","status":"publish","type":"post","link":"https:\/\/www.europesays.com\/fi\/125938\/","title":{"rendered":"Kiitos teille, jotka luotte kulttuuria"},"content":{"rendered":"<p>Lukijan mielipide|Kulttuurista ja tieteest\u00e4 tehtyjen leikkausten takia suuri joukko tekij\u00f6it\u00e4 el\u00e4\u00e4 ep\u00e4varmuuden keskell\u00e4.<\/p>\n<p class=\"article-body nof-ui-body-medium mb-nof-24 px-nof-16\">Kirjoitus on Helsingin Sanomien lukijan mielipide.<\/p>\n<p class=\"article-body mb-nof-24 px-nof-16\">Haluan kiitt\u00e4\u00e4 <a class=\"article-personlink\" href=\"https:\/\/www.hs.fi\/haku\/?query=Pekka%20Kuusistoa\" rel=\"nofollow noopener\" target=\"_blank\">Pekka Kuusistoa<\/a> rohkeudesta kertoa uupumuksen, masennuksen ja surun vaikutuksista taiteilijan ty\u00f6h\u00f6n <a class=\"underline underline-offset-[0.12em] [text-decoration-thickness:var(--generic-link-underline-thickness)] [text-decoration-color:var(--generic-link-underline-color)] [text-decoration-skip-ink:var(--generic-link-underline-skip-ink)] break-words\" href=\"https:\/\/www.hs.fi\/taide\/art-2000011578914.html\" rel=\"nofollow noopener\" target=\"_blank\">(HS 20.12.)<\/a>. Haluan samalla muistaa ja kiitt\u00e4\u00e4 kaikkia niit\u00e4 kulttuurialan tekij\u00f6it\u00e4, jotka kamppailevat mielenterveyden ongelmien kanssa ilman maineen ja vakituisen toimeentulon tuomaa turvaa.<\/p>\n<p class=\"article-body mb-nof-24 px-nof-16\">Kuten Kuusisto, suuri osa n\u00e4ist\u00e4 ammattilaisista on opiskellut ja toiminut oman alansa parissa lapsesta saakka ja antanut kaikkensa kehitty\u00e4kseen, oppiakseen uutta ja jakaakseen oppimaansa muiden ihmisten iloksi ja yhteiskunnan hyv\u00e4ksi ilman mahdollisuuksia pysyv\u00e4\u00e4n ty\u00f6paikkaan tai rahoitukseen.<\/p>\n<p class=\"article-body mb-nof-24 px-nof-16\">Kulttuurista ja tieteest\u00e4 tehtyjen leikkausten takia suuri joukko tekij\u00f6it\u00e4 el\u00e4\u00e4 jatkuvan torjunnan, kilpailun ja ep\u00e4varmuuden keskell\u00e4, joka on erityisen tuhoisaa mielenterveyden kanssa kamppaileville. Kiitos kaikille, jotka n\u00e4iss\u00e4 olosuhteissa jaksavat luoda taidetta, kulttuuria ja tutkittua tietoa. Te teette el\u00e4m\u00e4st\u00e4 el\u00e4misen arvoista.<\/p>\n<p class=\"article-body mb-nof-24 px-nof-16\">Kaisu Savola<\/p>\n<p class=\"article-body mb-nof-24 px-nof-16\">Helsinki<\/p>\n<p class=\"article-body nof-ui-body-medium mb-nof-24 px-nof-16\">HS:n toimitus valitsee ja toimittaa mielipidekirjoitukset. Voit j\u00e4tt\u00e4\u00e4 mielipidekirjoituksen tai tutustua kirjoitusten periaatteisiin osoitteessa <a class=\"underline underline-offset-[0.12em] [text-decoration-thickness:var(--generic-link-underline-thickness)] [text-decoration-color:var(--generic-link-underline-color)] [text-decoration-skip-ink:var(--generic-link-underline-skip-ink)] break-words article-endnote\" href=\"http:\/\/www.hs.fi\/kirjoitamielipidekirjoitus\/\" rel=\"nofollow noopener\" target=\"_blank\">http:\/\/www.hs.fi\/kirjoitamielipidekirjoitus\/<\/a>.<\/p>\n","protected":false},"excerpt":{"rendered":"Lukijan mielipide|Kulttuurista ja tieteest\u00e4 tehtyjen leikkausten takia suuri joukko tekij\u00f6it\u00e4 el\u00e4\u00e4 ep\u00e4varmuuden keskell\u00e4. Kirjoitus on Helsingin Sanomien lukijan&hellip;\n","protected":false},"author":2,"featured_media":96697,"comment_status":"","ping_status":"","sticky":false,"template":"","format":"standard","meta":{"footnotes":""},"categories":[130],"tags":[137,33,31,30,46,32,109],"class_list":{"0":"post-125938","1":"post","2":"type-post","3":"status-publish","4":"format-standard","5":"has-post-thumbnail","7":"category-viihde","8":"tag-entertainment","9":"tag-fi","10":"tag-finland","11":"tag-finnish","12":"tag-helsingin-sanomat","13":"tag-suomi","14":"tag-viihde"},"share_on_mastodon":{"url":"https:\/\/pubeurope.com\/@fi\/115783379418438247","error":""},"_links":{"self":[{"href":"https:\/\/www.europesays.com\/fi\/wp-json\/wp\/v2\/posts\/125938","targetHints":{"allow":["GET"]}}],"collection":[{"href":"https:\/\/www.europesays.com\/fi\/wp-json\/wp\/v2\/posts"}],"about":[{"href":"https:\/\/www.europesays.com\/fi\/wp-json\/wp\/v2\/types\/post"}],"author":[{"embeddable":true,"href":"https:\/\/www.europesays.com\/fi\/wp-json\/wp\/v2\/users\/2"}],"replies":[{"embeddable":true,"href":"https:\/\/www.europesays.com\/fi\/wp-json\/wp\/v2\/comments?post=125938"}],"version-history":[{"count":0,"href":"https:\/\/www.europesays.com\/fi\/wp-json\/wp\/v2\/posts\/125938\/revisions"}],"wp:featuredmedia":[{"embeddable":true,"href":"https:\/\/www.europesays.com\/fi\/wp-json\/wp\/v2\/media\/96697"}],"wp:attachment":[{"href":"https:\/\/www.europesays.com\/fi\/wp-json\/wp\/v2\/media?parent=125938"}],"wp:term":[{"taxonomy":"category","embeddable":true,"href":"https:\/\/www.europesays.com\/fi\/wp-json\/wp\/v2\/categories?post=125938"},{"taxonomy":"post_tag","embeddable":true,"href":"https:\/\/www.europesays.com\/fi\/wp-json\/wp\/v2\/tags?post=125938"}],"curies":[{"name":"wp","href":"https:\/\/api.w.org\/{rel}","templated":true}]}}