{"id":125939,"date":"2025-12-26T01:58:07","date_gmt":"2025-12-26T01:58:07","guid":{"rendered":"https:\/\/www.europesays.com\/fi\/125939\/"},"modified":"2025-12-26T01:58:07","modified_gmt":"2025-12-26T01:58:07","slug":"trump-usa-iski-nigeriaan-iltalehti","status":"publish","type":"post","link":"https:\/\/www.europesays.com\/fi\/125939\/","title":{"rendered":"Trump: USA iski Nigeriaan &#8211; Iltalehti"},"content":{"rendered":"<ol>\n<li><a href=\"https:\/\/news.google.com\/rss\/articles\/CBMifEFVX3lxTE9heUZqbHBKOHh6MEhTaVdPZGwyVERRSzdVYWNiT1BIZEg5SG0xVFZPenVhZXZ6WmFmR2EwU0NGLVJXTUsxY3RtNUo0ZmZNNXdWMVB5YUtLcThNRVJrVWY4OE5VUXhJVGU5MVB6LXlFOHVMamZLaHdjdGpvbks?oc=5\" target=\"_blank\" rel=\"nofollow noopener\">Trump: USA iski Nigeriaan<\/a>&nbsp;&nbsp;Iltalehti<\/li>\n<li><a href=\"https:\/\/news.google.com\/rss\/articles\/CBMiQkFVX3lxTE9GWGJ3dXJDNWJXT3VqN1JkSWQxY1pVSjlvVVBVbG5xdWd3Zm93c3F3UF91d24zZWU1UnZicmdGdEZsQQ?oc=5\" target=\"_blank\" rel=\"nofollow noopener\">Trump kertoi USA:n tehneen useita iskuja Isis-terroristeja vastaan Nigeriassa<\/a>&nbsp;&nbsp;Yle<\/li>\n<li><a href=\"https:\/\/news.google.com\/rss\/articles\/CBMipgFBVV95cUxPelpDYkp6U19WSnFSRmxJdWxPTDhISFBZeElJMkQ2YW9CdGV3T2dJSDBtRjlaVE5PNWFPYmx2VWVnUllhcXIxQ2FEcXBLRndCUlp2dzNidC1vSTBrSG9wbzM0elR6MmM3TnlEOEV3TTVJT0h3amlNN0FBaTVPaHA0SU9ZWk5mZ0QtN1pzcVdvTTNqOHB2TDkwYW1WV0E1MVFnVlJFMmR3?oc=5\" target=\"_blank\" rel=\"nofollow noopener\">Trump: Yhdysvallat iski terroristij\u00e4rjest\u00f6 Isisi\u00e4 vastaan Luoteis-Nigeriassa<\/a>&nbsp;&nbsp;SSS.fi<\/li>\n<li><a href=\"https:\/\/news.google.com\/rss\/articles\/CBMiVkFVX3lxTFB6LXNHaUxqRkpVUnUweVdUbVNiLWljSnc1ZkVHbnk1U2g0Nnd3dkNJUTBFMFZTWEdiSEtLaXNDbVdNZUFzTEpiQVJUOGdJVnpDX2pCNFZR?oc=5\" target=\"_blank\" rel=\"nofollow noopener\">Trump: Yhdysvallat iski Isisi\u00e4 vastaan Luoteis-Nigeriassa \u2013 &#8221;Olen aiemmin varoittanut n\u00e4it\u00e4 terroristeja&#8221;<\/a>&nbsp;&nbsp;Etel\u00e4-Suomen Sanomat<\/li>\n<li><a href=\"https:\/\/news.google.com\/rss\/articles\/CBMi0AFBVV95cUxPZ21YN2oyOWFlVnZ1TTEwZVFTcnZaUlJmZGpscVVsTm8xV0hGa1U3dDlPTV9pWGNGd2lJcW5INnZ4N1NSTEpkUTF5bndRNDRUdFpTaEExUG5yemxLLUdwcGFWU1hPdlQ3NEh5MHpESlNzMDNiNEVGOVZIVDN2T0d3YlVVcTRwZjUtMm9lbDVnTm4zNGNGYVFOdXdxNHlnaVFsMXprazFZVHkyYTRhNG94dFluWDJNNFBuLTFoMDFQampuWjJjOXpqZk1RVjE4NDJm?oc=5\" target=\"_blank\" rel=\"nofollow noopener\">Nigeria: USA-kiista ohi \u2013 Trump v\u00e4itti ilman perusteluja maan sallivan kristittyjen tappamisen<\/a>&nbsp;&nbsp;mtvuutiset.fi<\/li>\n<\/ol>\n","protected":false},"excerpt":{"rendered":"Trump: USA iski Nigeriaan&nbsp;&nbsp;Iltalehti Trump kertoi USA:n tehneen useita iskuja Isis-terroristeja vastaan Nigeriassa&nbsp;&nbsp;Yle Trump: Yhdysvallat iski terroristij\u00e4rjest\u00f6 Isisi\u00e4&hellip;\n","protected":false},"author":2,"featured_media":125940,"comment_status":"","ping_status":"","sticky":false,"template":"","format":"standard","meta":{"footnotes":""},"categories":[14],"tags":[35,22,23,26,27,33,31,30,17,24,25,28,29,15,18,21,142,637,144,32,19,20,56,16,638,59,60,61,143],"class_list":{"0":"post-125939","1":"post","2":"type-post","3":"status-publish","4":"format-standard","5":"has-post-thumbnail","7":"category-ulkomaat","8":"tag-24h","9":"tag-breaking-news","10":"tag-breakingnews","11":"tag-featured-news","12":"tag-featurednews","13":"tag-fi","14":"tag-finland","15":"tag-finnish","16":"tag-headlines","17":"tag-latest-news","18":"tag-latestnews","19":"tag-main-news","20":"tag-mainnews","21":"tag-news","22":"tag-otsikot","23":"tag-paauutiset","24":"tag-poliitikot","25":"tag-politiikka","26":"tag-presidentti","27":"tag-suomi","28":"tag-top-stories","29":"tag-topstories","30":"tag-ulkomaat","31":"tag-uutiset","32":"tag-valtiovalta","33":"tag-world","34":"tag-world-news","35":"tag-worldnews","36":"tag-yhdysvaltain-politiikka"},"share_on_mastodon":{"url":"https:\/\/pubeurope.com\/@fi\/115783395245496907","error":""},"_links":{"self":[{"href":"https:\/\/www.europesays.com\/fi\/wp-json\/wp\/v2\/posts\/125939","targetHints":{"allow":["GET"]}}],"collection":[{"href":"https:\/\/www.europesays.com\/fi\/wp-json\/wp\/v2\/posts"}],"about":[{"href":"https:\/\/www.europesays.com\/fi\/wp-json\/wp\/v2\/types\/post"}],"author":[{"embeddable":true,"href":"https:\/\/www.europesays.com\/fi\/wp-json\/wp\/v2\/users\/2"}],"replies":[{"embeddable":true,"href":"https:\/\/www.europesays.com\/fi\/wp-json\/wp\/v2\/comments?post=125939"}],"version-history":[{"count":0,"href":"https:\/\/www.europesays.com\/fi\/wp-json\/wp\/v2\/posts\/125939\/revisions"}],"wp:featuredmedia":[{"embeddable":true,"href":"https:\/\/www.europesays.com\/fi\/wp-json\/wp\/v2\/media\/125940"}],"wp:attachment":[{"href":"https:\/\/www.europesays.com\/fi\/wp-json\/wp\/v2\/media?parent=125939"}],"wp:term":[{"taxonomy":"category","embeddable":true,"href":"https:\/\/www.europesays.com\/fi\/wp-json\/wp\/v2\/categories?post=125939"},{"taxonomy":"post_tag","embeddable":true,"href":"https:\/\/www.europesays.com\/fi\/wp-json\/wp\/v2\/tags?post=125939"}],"curies":[{"name":"wp","href":"https:\/\/api.w.org\/{rel}","templated":true}]}}