{"id":125943,"date":"2025-12-26T02:00:18","date_gmt":"2025-12-26T02:00:18","guid":{"rendered":"https:\/\/www.europesays.com\/fi\/125943\/"},"modified":"2025-12-26T02:00:18","modified_gmt":"2025-12-26T02:00:18","slug":"paavi-leolta-viesti-venajalle-ja-ukrainalle","status":"publish","type":"post","link":"https:\/\/www.europesays.com\/fi\/125943\/","title":{"rendered":"Paavi Leolta viesti Ven\u00e4j\u00e4lle ja Ukrainalle"},"content":{"rendered":"<p><strong class=\"typography-bold\">Leo XIV on toiminut paavina toukokuusta l\u00e4htien.<\/strong><\/p>\n<p>Vatikaanissa paavi Leo XIV on antanut ensimm\u00e4isen joulutervehdyksens\u00e4 ja urbi et orbi -siunauksensa.\u00a0<\/p>\n<p>Puheessaan paavi vetosi Ven\u00e4j\u00e4\u00e4n ja Ukrainaan, jotta n\u00e4m\u00e4 l\u00f6yt\u00e4isiv\u00e4t rohkeuden keskustella suoraan rauhasta toistensa kanssa.<\/p>\n<p>\u2013\u2009Toivon, ett\u00e4 molemmat osapuolet, kansainv\u00e4lisen yhteis\u00f6n tuella ja sitoutumisella, l\u00f6yt\u00e4v\u00e4t rohkeutta k\u00e4yd\u00e4 vilpit\u00f6nt\u00e4, suoraa ja kunnioittavaa vuoropuhelua, sanoi paavi.<\/p>\n<p>Viime viikkoina Ven\u00e4j\u00e4 ja Ukraina ovat keskustelleet rauhansopimuksesta erikseen Yhdysvaltojen edustajien kanssa. Ven\u00e4j\u00e4 aloitti hy\u00f6kk\u00e4yssodan Ukrainassa helmikuussa 2022.<\/p>\n<p>Leo XIV on toiminut paavina toukokuusta l\u00e4htien.<\/p>\n<p>Paavi pit\u00e4\u00e4 urbi et orbi eli kaupungille ja maailmalle -puheensa kahdesti vuodessa, p\u00e4\u00e4si\u00e4isen\u00e4 ja jouluisin.<\/p>\n<p>Viime jouluna my\u00f6s paavi Franciscus vetosi urbi et orbi -puheessaan rauhan puolesta toivoen rauhaa Ukrainaan, aselepoa Gazaan ja humanitaarista apua Sudaniin.<\/p>\n","protected":false},"excerpt":{"rendered":"Leo XIV on toiminut paavina toukokuusta l\u00e4htien. Vatikaanissa paavi Leo XIV on antanut ensimm\u00e4isen joulutervehdyksens\u00e4 ja urbi et&hellip;\n","protected":false},"author":2,"featured_media":125944,"comment_status":"","ping_status":"","sticky":false,"template":"","format":"standard","meta":{"footnotes":""},"categories":[5],"tags":[22,23,26,27,33,31,30,17,24,25,28,29,15,18,21,32,19,20,16],"class_list":{"0":"post-125943","1":"post","2":"type-post","3":"status-publish","4":"format-standard","5":"has-post-thumbnail","7":"category-otsikot","8":"tag-breaking-news","9":"tag-breakingnews","10":"tag-featured-news","11":"tag-featurednews","12":"tag-fi","13":"tag-finland","14":"tag-finnish","15":"tag-headlines","16":"tag-latest-news","17":"tag-latestnews","18":"tag-main-news","19":"tag-mainnews","20":"tag-news","21":"tag-otsikot","22":"tag-paauutiset","23":"tag-suomi","24":"tag-top-stories","25":"tag-topstories","26":"tag-uutiset"},"share_on_mastodon":{"url":"https:\/\/pubeurope.com\/@fi\/115783403017702727","error":""},"_links":{"self":[{"href":"https:\/\/www.europesays.com\/fi\/wp-json\/wp\/v2\/posts\/125943","targetHints":{"allow":["GET"]}}],"collection":[{"href":"https:\/\/www.europesays.com\/fi\/wp-json\/wp\/v2\/posts"}],"about":[{"href":"https:\/\/www.europesays.com\/fi\/wp-json\/wp\/v2\/types\/post"}],"author":[{"embeddable":true,"href":"https:\/\/www.europesays.com\/fi\/wp-json\/wp\/v2\/users\/2"}],"replies":[{"embeddable":true,"href":"https:\/\/www.europesays.com\/fi\/wp-json\/wp\/v2\/comments?post=125943"}],"version-history":[{"count":0,"href":"https:\/\/www.europesays.com\/fi\/wp-json\/wp\/v2\/posts\/125943\/revisions"}],"wp:featuredmedia":[{"embeddable":true,"href":"https:\/\/www.europesays.com\/fi\/wp-json\/wp\/v2\/media\/125944"}],"wp:attachment":[{"href":"https:\/\/www.europesays.com\/fi\/wp-json\/wp\/v2\/media?parent=125943"}],"wp:term":[{"taxonomy":"category","embeddable":true,"href":"https:\/\/www.europesays.com\/fi\/wp-json\/wp\/v2\/categories?post=125943"},{"taxonomy":"post_tag","embeddable":true,"href":"https:\/\/www.europesays.com\/fi\/wp-json\/wp\/v2\/tags?post=125943"}],"curies":[{"name":"wp","href":"https:\/\/api.w.org\/{rel}","templated":true}]}}