{"id":125955,"date":"2025-12-26T02:26:14","date_gmt":"2025-12-26T02:26:14","guid":{"rendered":"https:\/\/www.europesays.com\/fi\/125955\/"},"modified":"2025-12-26T02:26:14","modified_gmt":"2025-12-26T02:26:14","slug":"usan-f-16-havittaja-lensi-tarkoituksella-vihollisen-ilmatorjunnan-tulilinjalle","status":"publish","type":"post","link":"https:\/\/www.europesays.com\/fi\/125955\/","title":{"rendered":"USA:n F-16-h\u00e4vitt\u00e4j\u00e4 lensi tarkoituksella vihollisen ilmatorjunnan tulilinjalle"},"content":{"rendered":"<p>Everstiluutnantti Parksilla oli Jemeniss\u00e4 jokseenkin kuumat paikat, mist\u00e4 h\u00e4net on nyt palkittu.<\/p>\n<p><img decoding=\"async\" class=\"image image-show image-preview\" src=\"https:\/\/www.europesays.com\/fi\/wp-content\/uploads\/2025\/12\/958d73f129f1e0a3e9ad90319a8db15823eb82b4bad08ec9085034c66deacfd4.jpg\" alt=\"\"\/><img decoding=\"async\" class=\"image image-show\" src=\"https:\/\/www.europesays.com\/fi\/wp-content\/uploads\/2025\/12\/1766715974_2_958d73f129f1e0a3e9ad90319a8db15823eb82b4bad08ec9085034c66deacfd4.jpg\" alt=\"\"\/><\/p>\n<p>Taistelukoneet. 480. H\u00e4vitt\u00e4j\u00e4laivueen F-16-kalustoa kuvattuna vuonna 2023. 2nd Lt. Maeson Elleman<\/p>\n<p class=\"paragraph\">Yhdysvalloissa F-16-lent\u00e4j\u00e4 on vastaanottanut Hopeat\u00e4hden palkinnoksi Jemeniss\u00e4 osoittamastaan urheudesta, kertoo <a href=\"https:\/\/www.airandspaceforces.com\/f-16-pilot-silver-star-yemen-harrowing-mission\/\" rel=\"noopener nofollow\" target=\"_blank\">Air &amp; Space Forces Magazine<\/a> osin ilmavoimien <a href=\"https:\/\/www.af.mil\/News\/Article-Display\/Article\/4343837\/former-480th-efs-commander-awarded-silver-star-medal\/\" rel=\"noopener nofollow\" target=\"_blank\">tiedotteeseen<\/a> ja osin nimett\u00f6miin l\u00e4hteisiin perustuen.<\/p>\n<p class=\"paragraph\">Aiemmin t\u00e4n\u00e4 vuonna New York Times kertoi, ett\u00e4 Jemenin taisteluissa huthien ilmapuolustus <a href=\"https:\/\/www.tekniikkatalous.fi\/uutiset\/a\/13b4c72b-e533-49ec-b167-c9e52ed2f638\" rel=\"noopener nofollow\" target=\"_blank\">oli v\u00e4h\u00e4ll\u00e4 osua<\/a> yhteen Lockheed Martin F-35- ja useampaan General Dynamics F-16-koneeseen. Nyt kerrotut tiedot saattavat viitata juuri t\u00e4h\u00e4n.<\/p>\n<p class=\"paragraph\">Palkittu lent\u00e4j\u00e4 on everstiluutnantti <strong>William \u201dSkate\u201d Parks<\/strong>, joka toimi tapahtuma-aikana USAF:n 480. h\u00e4vitt\u00e4j\u00e4laivueen komentajana.<\/p>\n<p class=\"paragraph\">Viranomaisl\u00e4hteiden mukaan Parks suoritti teht\u00e4v\u00e4\u00e4, jossa h\u00e4n komensi yhteens\u00e4 21 koneen osastoa, jonka tarkoituksena oli tuhota huthien ballististen ohjusten valmistusrakennuksia. T\u00e4m\u00e4n lis\u00e4ksi Parks johti nelj\u00e4n F-16:n parvea, jonka erityisen\u00e4 teht\u00e4v\u00e4n\u00e4 oli tukahduttaa vihollisen ilmatorjunta.<\/p>\n<p class=\"paragraph\">Teht\u00e4v\u00e4n aikana Parks lensi koneensa tarkoituksellisesti huthien ilmatorjunnan kantaman sis\u00e4lle suojellakseen \u201dvihollisen p\u00e4\u00e4kaupunkia\u201d, eli arvatenkin Jemenin p\u00e4\u00e4kaupunkia Sanaata.<\/p>\n<p class=\"paragraph\">\u201dH\u00e4nen sankarillinen p\u00e4\u00e4t\u00f6ksens\u00e4 merkitsi teht\u00e4v\u00e4n onnistumista ja vihollisen ballististen ohjusten tuotantolaitosten rampauttamista\u201d, tiedotteessa kerrotaan.<\/p>\n<p>Seremonia. Ilmavoimien ykk\u00f6smies kenraali Ken Wilsbach palkitsee everstiluutnantti Parksin Hopeat\u00e4hdell\u00e4. SSgt. Stuart Bright<\/p>\n<p class=\"paragraph\"><strong>Tilanteessa<\/strong> huthit tulittivat Parksin h\u00e4vitt\u00e4j\u00e4parvea niin ilmatorjuntaohjuksilla kuin -tykist\u00f6ll\u00e4kin.<\/p>\n<p class=\"paragraph\">\u201dViidentoista minuutin ajan, kun vihollisen ohjukset r\u00e4j\u00e4hteliv\u00e4t vain joidenkin jalkojen (1 jalka = 0,305 m) p\u00e4\u00e4ss\u00e4 h\u00e4nen koneestaan, Parks johti h\u00e4vitt\u00e4j\u00e4parveaan suurten g-voimien liikehdinn\u00e4ss\u00e4 sek\u00e4 omasuojaj\u00e4rjestelmien k\u00e4yt\u00f6ss\u00e4\u201d, perusteluissa kerrotaan.<\/p>\n<p class=\"paragraph\">Omasuojaj\u00e4rjestelmill\u00e4 viitattaneen infrapunaohjuksia h\u00e4iritseviin soihtuihin ja\/tai tutkaohjuksia h\u00e4iritsev\u00e4\u00e4n silppuun.<\/p>\n<p class=\"paragraph\">Tilanteen j\u00e4lkeen koneiden polttoaine oli todella v\u00e4hiss\u00e4, mutta kahden ilmatankkauskoneen suorittama h\u00e4t\u00e4tankkaus pelasti p\u00e4iv\u00e4n.<\/p>\n<p class=\"paragraph\">Kahdeksan kuukauden komennuksellaan Parksin johtama kahdentoista F-16-h\u00e4vitt\u00e4j\u00e4n laivue pudotti yhteens\u00e4 108 lennokkia ja risteilyohjusta. USAF:n tiedotteen mukaan Parks ja h\u00e4nen lent\u00e4j\u00e4ns\u00e4 k\u00e4yttiv\u00e4t pudotuksissa ainakin AGR-20F-raketteja (tunnetaan my\u00f6s nimell\u00e4 APKWS II) sek\u00e4 priorisoivat ohjuksia ammuttaessa vanhempia AIM-9M Sidewinder -ohjuksia uudempien ohjusten sijaan. T\u00e4m\u00e4 tarkoitti 25 miljoonan dollarin s\u00e4\u00e4st\u00f6j\u00e4 asekustannuksissa.<\/p>\n<p class=\"paragraph\">Kyseess\u00e4 oli ensimm\u00e4inen onnistunut AIM-9M-ohjusten k\u00e4ytt\u00f6 taistelussa kolmeenkymmeneen vuoteen.<\/p>\n<p class=\"paragraph\">Juttu on julkaistu alun perin <a href=\"https:\/\/www.tekniikkatalous.fi\/\" target=\"_blank\" rel=\"noopener nofollow\">Tekniikka&amp;Taloudessa<\/a>.<\/p>\n","protected":false},"excerpt":{"rendered":"Everstiluutnantti Parksilla oli Jemeniss\u00e4 jokseenkin kuumat paikat, mist\u00e4 h\u00e4net on nyt palkittu. Taistelukoneet. 480. H\u00e4vitt\u00e4j\u00e4laivueen F-16-kalustoa kuvattuna vuonna&hellip;\n","protected":false},"author":2,"featured_media":125956,"comment_status":"","ping_status":"","sticky":false,"template":"","format":"standard","meta":{"footnotes":""},"categories":[5],"tags":[802,804,820,22,23,26,27,33,31,30,17,4707,24,25,803,28,29,15,18,21,32,19,20,16],"class_list":{"0":"post-125955","1":"post","2":"type-post","3":"status-publish","4":"format-standard","5":"has-post-thumbnail","7":"category-otsikot","8":"tag-armeijat-ja-aseelliset-joukot","9":"tag-aseelliset-konfliktit","10":"tag-aseet","11":"tag-breaking-news","12":"tag-breakingnews","13":"tag-featured-news","14":"tag-featurednews","15":"tag-fi","16":"tag-finland","17":"tag-finnish","18":"tag-headlines","19":"tag-ilmavoimat","20":"tag-latest-news","21":"tag-latestnews","22":"tag-levottomuudet-ja-sodat","23":"tag-main-news","24":"tag-mainnews","25":"tag-news","26":"tag-otsikot","27":"tag-paauutiset","28":"tag-suomi","29":"tag-top-stories","30":"tag-topstories","31":"tag-uutiset"},"share_on_mastodon":{"url":"https:\/\/pubeurope.com\/@fi\/115783505277835661","error":""},"_links":{"self":[{"href":"https:\/\/www.europesays.com\/fi\/wp-json\/wp\/v2\/posts\/125955","targetHints":{"allow":["GET"]}}],"collection":[{"href":"https:\/\/www.europesays.com\/fi\/wp-json\/wp\/v2\/posts"}],"about":[{"href":"https:\/\/www.europesays.com\/fi\/wp-json\/wp\/v2\/types\/post"}],"author":[{"embeddable":true,"href":"https:\/\/www.europesays.com\/fi\/wp-json\/wp\/v2\/users\/2"}],"replies":[{"embeddable":true,"href":"https:\/\/www.europesays.com\/fi\/wp-json\/wp\/v2\/comments?post=125955"}],"version-history":[{"count":0,"href":"https:\/\/www.europesays.com\/fi\/wp-json\/wp\/v2\/posts\/125955\/revisions"}],"wp:featuredmedia":[{"embeddable":true,"href":"https:\/\/www.europesays.com\/fi\/wp-json\/wp\/v2\/media\/125956"}],"wp:attachment":[{"href":"https:\/\/www.europesays.com\/fi\/wp-json\/wp\/v2\/media?parent=125955"}],"wp:term":[{"taxonomy":"category","embeddable":true,"href":"https:\/\/www.europesays.com\/fi\/wp-json\/wp\/v2\/categories?post=125955"},{"taxonomy":"post_tag","embeddable":true,"href":"https:\/\/www.europesays.com\/fi\/wp-json\/wp\/v2\/tags?post=125955"}],"curies":[{"name":"wp","href":"https:\/\/api.w.org\/{rel}","templated":true}]}}