{"id":125962,"date":"2025-12-26T02:51:10","date_gmt":"2025-12-26T02:51:10","guid":{"rendered":"https:\/\/www.europesays.com\/fi\/125962\/"},"modified":"2025-12-26T02:51:10","modified_gmt":"2025-12-26T02:51:10","slug":"virolta-uhkaus-putinille-ammumme-heidat-mtvuutiset-fi","status":"publish","type":"post","link":"https:\/\/www.europesays.com\/fi\/125962\/","title":{"rendered":"Virolta uhkaus Putinille: &quot;Ammumme heid\u00e4t&quot; &#8211; mtvuutiset.fi"},"content":{"rendered":"<ol>\n<li><a href=\"https:\/\/news.google.com\/rss\/articles\/CBMiiwFBVV95cUxQOEVTd2dNaWVuNk5GWWFhZ3M4SXp0dDZSWms4SDJsZ1ltV3pXUjJWTS1tNVFiV1k4OWF0TlJEUGdlZEUzWjMxSkpWYm1tZXlfOWxTZXpqdU1SZ1hST2JmQlQyaVlZQ0w0MXozbUl6S0xRM1R0aGVpU2RVSFUxWDRHeWxWWHh3ZldjNXVF?oc=5\" target=\"_blank\" rel=\"nofollow noopener\">Virolta uhkaus Putinille: &#8221;Ammumme heid\u00e4t&#8221;<\/a>&nbsp;&nbsp;mtvuutiset.fi<\/li>\n<li><a href=\"https:\/\/news.google.com\/rss\/articles\/CBMifEFVX3lxTE9MNlh3dExpamNKbnp1X2Z0bDFsRHVheWRSYTdSd0p3UEJ3R2xLQXo1SnVITlRGcVViOXh0RVEyVEFkS3hqT2thcWRQellOa3BNVEJ3TG50N2lYY1RNekNPN0hYZTNqb01JVkRtdTJXT0RuX0h0SjlUQmhRaFM?oc=5\" target=\"_blank\" rel=\"nofollow noopener\">Viro antoi Ven\u00e4j\u00e4lle perimm\u00e4isen varoituksen: Ampuminen alkaa rajalla, jos t\u00e4m\u00e4 viiva ylitet\u00e4\u00e4n<\/a>&nbsp;&nbsp;Iltalehti<\/li>\n<li><a href=\"https:\/\/news.google.com\/rss\/articles\/CBMiXkFVX3lxTFBHWEd3dWc2YUpPQjRuLWlNbzdYNEUxYVBvMXY3YUtGWUFjS1N1Z0t1ZnQtalVVVnE4Q2xzdGFqOEhjUHhPN2QtaVVPdHotcGRRQWRqemQwTnBQT1FUWEE?oc=5\" target=\"_blank\" rel=\"nofollow noopener\">Viro varoittaa: Ammumme rajan yli pyrkiv\u00e4t \u201dvihre\u00e4t miehet\u201d<\/a>&nbsp;&nbsp;Ilta-Sanomat<\/li>\n<li><a href=\"https:\/\/news.google.com\/rss\/articles\/CBMiW0FVX3lxTE9uTjVvVUhGQ25UVWxYVEJwSUVJQVZPMjF3VlpFRnNWU1YtbXU2a1pUaVEwRDdWZlFSbkVfY0FRSVNETXA3c3pHbUg3WGdoem9sQkR6b0ttUld1b28?oc=5\" target=\"_blank\" rel=\"nofollow noopener\">Kommentti | Ven\u00e4j\u00e4n tuoreiden provokaatioiden taustalla on vuosikymmeni\u00e4 jatkunut outo tilanne<\/a>&nbsp;&nbsp;HS.fi<\/li>\n<li><a href=\"https:\/\/news.google.com\/rss\/articles\/CBMiVkFVX3lxTFBhdHNnZktudnhIdmg4ekk0eWZMRGlxMHJhNGtYY1BoSExZTWs3Z1hpM0JocWNMdEpJeWJJaHJlU2FEeHpibVR3VmZJanlzSHdkUll1QzJR?oc=5\" target=\"_blank\" rel=\"nofollow noopener\">Viro kutsui Ven\u00e4j\u00e4n asiainhoitajan puhutteluun rajavartioiden rajaloukkauksen vuoksi<\/a>&nbsp;&nbsp;Etel\u00e4-Suomen Sanomat<\/li>\n<\/ol>\n","protected":false},"excerpt":{"rendered":"Virolta uhkaus Putinille: &#8221;Ammumme heid\u00e4t&#8221;&nbsp;&nbsp;mtvuutiset.fi Viro antoi Ven\u00e4j\u00e4lle perimm\u00e4isen varoituksen: Ampuminen alkaa rajalla, jos t\u00e4m\u00e4 viiva ylitet\u00e4\u00e4n&nbsp;&nbsp;Iltalehti Viro&hellip;\n","protected":false},"author":2,"featured_media":125963,"comment_status":"","ping_status":"","sticky":false,"template":"","format":"standard","meta":{"footnotes":""},"categories":[12],"tags":[22,23,26,27,33,31,30,17,24,25,28,29,15,18,21,32,19,20,16],"class_list":{"0":"post-125962","1":"post","2":"type-post","3":"status-publish","4":"format-standard","5":"has-post-thumbnail","7":"category-suomi","8":"tag-breaking-news","9":"tag-breakingnews","10":"tag-featured-news","11":"tag-featurednews","12":"tag-fi","13":"tag-finland","14":"tag-finnish","15":"tag-headlines","16":"tag-latest-news","17":"tag-latestnews","18":"tag-main-news","19":"tag-mainnews","20":"tag-news","21":"tag-otsikot","22":"tag-paauutiset","23":"tag-suomi","24":"tag-top-stories","25":"tag-topstories","26":"tag-uutiset"},"share_on_mastodon":{"url":"https:\/\/pubeurope.com\/@fi\/115783603555308601","error":""},"_links":{"self":[{"href":"https:\/\/www.europesays.com\/fi\/wp-json\/wp\/v2\/posts\/125962","targetHints":{"allow":["GET"]}}],"collection":[{"href":"https:\/\/www.europesays.com\/fi\/wp-json\/wp\/v2\/posts"}],"about":[{"href":"https:\/\/www.europesays.com\/fi\/wp-json\/wp\/v2\/types\/post"}],"author":[{"embeddable":true,"href":"https:\/\/www.europesays.com\/fi\/wp-json\/wp\/v2\/users\/2"}],"replies":[{"embeddable":true,"href":"https:\/\/www.europesays.com\/fi\/wp-json\/wp\/v2\/comments?post=125962"}],"version-history":[{"count":0,"href":"https:\/\/www.europesays.com\/fi\/wp-json\/wp\/v2\/posts\/125962\/revisions"}],"wp:featuredmedia":[{"embeddable":true,"href":"https:\/\/www.europesays.com\/fi\/wp-json\/wp\/v2\/media\/125963"}],"wp:attachment":[{"href":"https:\/\/www.europesays.com\/fi\/wp-json\/wp\/v2\/media?parent=125962"}],"wp:term":[{"taxonomy":"category","embeddable":true,"href":"https:\/\/www.europesays.com\/fi\/wp-json\/wp\/v2\/categories?post=125962"},{"taxonomy":"post_tag","embeddable":true,"href":"https:\/\/www.europesays.com\/fi\/wp-json\/wp\/v2\/tags?post=125962"}],"curies":[{"name":"wp","href":"https:\/\/api.w.org\/{rel}","templated":true}]}}