{"id":125971,"date":"2025-12-26T03:17:09","date_gmt":"2025-12-26T03:17:09","guid":{"rendered":"https:\/\/www.europesays.com\/fi\/125971\/"},"modified":"2025-12-26T03:17:09","modified_gmt":"2025-12-26T03:17:09","slug":"ts-nuoret-vahemman-ruutuaikaa-ja-murehtimista-nain-toimittaja-ja-nuoret-vastasivat-samaan-kysymykseen","status":"publish","type":"post","link":"https:\/\/www.europesays.com\/fi\/125971\/","title":{"rendered":"TS Nuoret | V\u00e4hemm\u00e4n ruutuaikaa ja murehtimista \u2013 n\u00e4in toimittaja ja nuoret vastasivat samaan kysymykseen"},"content":{"rendered":"<p>TS Nuoret -toimitus katsoo Turkua nuorten ja opiskelijoiden n\u00e4k\u00f6kulmasta. L\u00e4het\u00e4 juttuvinkki: <a href=\"https:\/\/www.ts.fi\/elamantapa\/mailto:ts.nuoret@ts.fi\" rel=\"nofollow noopener\" target=\"_blank\">ts.nuoret@ts.fi<\/a><\/p>\n<p class=\"teksti\">El\u00e4mme niit\u00e4 p\u00e4ivi\u00e4, kun mennytt\u00e4 vuotta paketoidaan kiivaasti ja samalla luodaan katsetta tulevaan vuoteen. Mennyt vuosi on saattanut olla unelmien t\u00e4yttymys \u2013 tai sitten ei. Siihen on voinut mahtua ep\u00e4onnistuneita tavoitteita, v\u00e4\u00e4ri\u00e4 valintoja ja murhettakin. Etenkin t\u00e4llaiset tunteet on yleens\u00e4 mukava laittaa sukkelasti pakettiin, johon ei tarvitse kurkkia en\u00e4\u00e4 seuraavana vuonna. Sitten voi luvata taas kaikkea ylev\u00e4\u00e4, jotta uudesta vuodesta muodostuisi se paras mahdollinen.<\/p>\n<p class=\"teksti\">Lupausten ja tavoitteiden ristiaallokossa ajattelin nyt k\u00e4\u00e4nt\u00e4\u00e4 n\u00e4k\u00f6kulman toisinp\u00e4in \u2013 mik\u00e4 olisi jotain sellaista, mit\u00e4 tekisi ensi vuonna v\u00e4hemm\u00e4n?<\/p>\n<p class=\"teksti\">1. Murehtiminen ilman toimintaa<\/p>\n<p class=\"teksti\">Kulunutta vuotta ovat leimanneet sota ja h\u00e4t\u00e4 maailmalla: Ukraina, Gaza, Sudan\u2026 lista on valitettavan pitk\u00e4. Toive rauhasta on yh\u00e4 hauras eik\u00e4 n\u00e4k\u00f6piiriss\u00e4 ole yht\u00e4kkist\u00e4 sopua. On siis jotenkin opeteltava el\u00e4m\u00e4\u00e4n t\u00e4ss\u00e4 kaoottisessa maailmassa. Usein me olemme taipuvaisia murehtimaan ja huolet viev\u00e4t menness\u00e4\u00e4n. Ent\u00e4 jos ensi vuonna olisikin toisin: v\u00e4hemm\u00e4n murehtimista ja jos voimavaroja riitt\u00e4\u00e4, huolen kanavoimista toiminnaksi? J\u00e4rjest\u00f6t, hyv\u00e4ntekev\u00e4isyys tai naapuriapu \u2013 oman pienen osuuden suurissa kysymyksiss\u00e4 voi tehd\u00e4 monilla tavoilla.<\/p>\n<p>Jatkuu mainoksen j\u00e4lkeen <\/p>\n<p> Mainos p\u00e4\u00e4ttyy<\/p>\n<p class=\"teksti\">2. Itsens\u00e4 haukkuminen<\/p>\n<p class=\"teksti\">Vuodesta 2025 nousevat v\u00e4kisin mieleen Skinnytok, pistoshoidot ja kosmetiikkabr\u00e4ndien voittokulku. Sosiaalisessa mediassa on levinnyt myrkyllinen sis\u00e4lt\u00f6, joka saa nuoret tuntemaan itsens\u00e4 v\u00e4\u00e4r\u00e4nlaisiksi. Kosmetiikkabr\u00e4ndit markkinoivat tuotteitaan entist\u00e4 nuoremmille asiakkaille, ja esteettiset hoidot trendaavat vahvasti. On monia signaaleja, jotka viestiv\u00e4t samaa asiaa: tee n\u00e4in ja muuta itse\u00e4si noin, jotta olisit parempi versio itsest\u00e4si. T\u00e4m\u00e4n vuoksi ehdotan, ett\u00e4 oman peilikuvan arvostelun ja ulkon\u00e4\u00f6n korjailun voisi j\u00e4tt\u00e4\u00e4 t\u00e4h\u00e4n vuoteen. Ensi vuoden trendi olkoon itsens\u00e4 hyv\u00e4ksyminen.<\/p>\n<p class=\"teksti\">3. Turkulaisuuden v\u00e4h\u00e4ttely<\/p>\n<p class=\"teksti\">Ensi vuonna Turkuun kohoaa uusi ja uljas musiikkitalo, Kupittaan alue kasvaa ja raitiotiekin tulee aikanaan k\u00e4sittelyyn. Kaupunkikehityksess\u00e4 ja -politiikassa tapahtuu siis jatkuvasti paljon kaikkea. Se, mik\u00e4 kuitenkin tuntuu toistuvan vuodesta toiseen, on turkulaisten tuohtumus ja tuskastelu kotikaupungin asioista. Liikaa rahaa, liian kauan, liian v\u00e4\u00e4r\u00e4nlainen \u2013 t\u00e4m\u00e4nkaltainen \u201dvalituslista\u201d on varmasti monelle tuttu. T\u00e4ss\u00e4 ennen 800-vuotisjuhlallisuuksia voisi olla hyv\u00e4 hetki kokeilla jotain uutta, siis esimerkiksi my\u00f6nteist\u00e4 puhetta omasta kotikaupungista. Negatiivisen jupinan voi j\u00e4tt\u00e4\u00e4 suosiolla menneisyyteen.<\/p>\n<p>Ent\u00e4 mit\u00e4 turkulaisnuoret tekisiv\u00e4t v\u00e4hemm\u00e4n ensi vuonna?<\/p>\n<p class=\"sanoja\">Eevi Sumell, 15, Turku<\/p>\n<p class=\"teksti\">\u2013 Haluaisin tehd\u00e4 v\u00e4hemm\u00e4n kokeita. Siihen on vaikea itse vaikuttaa, mutta toivoisin, ett\u00e4 opettajat jakaisivat kokeita tasaisemmin ymp\u00e4ri vuotta. Olen itse 9. luokalla, ja nyt loppuvuodesta on ollut tosi paljon kokeita. Niist\u00e4 tulee aina v\u00e4h\u00e4n stressi\u00e4.<\/p>\n<p class=\"sanoja\">Nelli Rindell, 27, Turku<\/p>\n<p class=\"teksti\">\u2013 Hmm\u2026 vaikea keksi\u00e4, mit\u00e4 tekisin v\u00e4hemm\u00e4n. On monia asioita, joita teen mielest\u00e4ni nyt sopivassa suhteessa ja toivoisin, ett\u00e4 n\u00e4in olisi jatkossakin. Ehk\u00e4 voisin stressata v\u00e4hemm\u00e4n. Meill\u00e4 on kaveriporukassa ollut tapana k\u00e4yd\u00e4 l\u00e4pi uuden vuoden lupauksia, mutta itse en ole koskaan kirjoittanut yl\u00f6s mit\u00e4\u00e4n virallisia lupauksia.<\/p>\n<p>Jatkuu mainoksen j\u00e4lkeen <\/p>\n<p> Mainos p\u00e4\u00e4ttyy<\/p>\n<p class=\"sanoja\">Petra Manninen, 25, Turku<\/p>\n<p class=\"teksti\">\u2013 Haluaisin k\u00e4ytt\u00e4\u00e4 v\u00e4hemm\u00e4n puhelinta. Ihan liikaa tulee selattua Tiktokia ja muita turhia sovelluksia. Ruutuajan voisi k\u00e4ytt\u00e4\u00e4 esimerkiksi lukemiseen tai muuhun kivaan tekemiseen. Uuden vuoden lupaukset eiv\u00e4t aiheuta paineita, koska minulla ei ole ollut tapana niit\u00e4 tehd\u00e4. Crossfit-treeneiss\u00e4 tehd\u00e4\u00e4n kyll\u00e4 sellaisia omia treenitavoitteita tulevalle vuodelle.<\/p>\n","protected":false},"excerpt":{"rendered":"TS Nuoret -toimitus katsoo Turkua nuorten ja opiskelijoiden n\u00e4k\u00f6kulmasta. L\u00e4het\u00e4 juttuvinkki: ts.nuoret@ts.fi El\u00e4mme niit\u00e4 p\u00e4ivi\u00e4, kun mennytt\u00e4 vuotta&hellip;\n","protected":false},"author":2,"featured_media":125972,"comment_status":"","ping_status":"","sticky":false,"template":"","format":"standard","meta":{"footnotes":""},"categories":[12],"tags":[22,23,26,27,33,31,30,17,24,25,28,29,15,18,21,32,19,20,16],"class_list":{"0":"post-125971","1":"post","2":"type-post","3":"status-publish","4":"format-standard","5":"has-post-thumbnail","7":"category-suomi","8":"tag-breaking-news","9":"tag-breakingnews","10":"tag-featured-news","11":"tag-featurednews","12":"tag-fi","13":"tag-finland","14":"tag-finnish","15":"tag-headlines","16":"tag-latest-news","17":"tag-latestnews","18":"tag-main-news","19":"tag-mainnews","20":"tag-news","21":"tag-otsikot","22":"tag-paauutiset","23":"tag-suomi","24":"tag-top-stories","25":"tag-topstories","26":"tag-uutiset"},"share_on_mastodon":{"url":"https:\/\/pubeurope.com\/@fi\/115783705868053123","error":""},"_links":{"self":[{"href":"https:\/\/www.europesays.com\/fi\/wp-json\/wp\/v2\/posts\/125971","targetHints":{"allow":["GET"]}}],"collection":[{"href":"https:\/\/www.europesays.com\/fi\/wp-json\/wp\/v2\/posts"}],"about":[{"href":"https:\/\/www.europesays.com\/fi\/wp-json\/wp\/v2\/types\/post"}],"author":[{"embeddable":true,"href":"https:\/\/www.europesays.com\/fi\/wp-json\/wp\/v2\/users\/2"}],"replies":[{"embeddable":true,"href":"https:\/\/www.europesays.com\/fi\/wp-json\/wp\/v2\/comments?post=125971"}],"version-history":[{"count":0,"href":"https:\/\/www.europesays.com\/fi\/wp-json\/wp\/v2\/posts\/125971\/revisions"}],"wp:featuredmedia":[{"embeddable":true,"href":"https:\/\/www.europesays.com\/fi\/wp-json\/wp\/v2\/media\/125972"}],"wp:attachment":[{"href":"https:\/\/www.europesays.com\/fi\/wp-json\/wp\/v2\/media?parent=125971"}],"wp:term":[{"taxonomy":"category","embeddable":true,"href":"https:\/\/www.europesays.com\/fi\/wp-json\/wp\/v2\/categories?post=125971"},{"taxonomy":"post_tag","embeddable":true,"href":"https:\/\/www.europesays.com\/fi\/wp-json\/wp\/v2\/tags?post=125971"}],"curies":[{"name":"wp","href":"https:\/\/api.w.org\/{rel}","templated":true}]}}