{"id":125978,"date":"2025-12-26T03:41:23","date_gmt":"2025-12-26T03:41:23","guid":{"rendered":"https:\/\/www.europesays.com\/fi\/125978\/"},"modified":"2025-12-26T03:41:23","modified_gmt":"2025-12-26T03:41:23","slug":"italian-kilpailuviranomaiselta-kova-ratkaisu-maarasi-metan-keskeyttamaan-muiden-tekoalypalvelujen-sulkemisen-ulos-whatsappista","status":"publish","type":"post","link":"https:\/\/www.europesays.com\/fi\/125978\/","title":{"rendered":"Italian kilpailuviranomaiselta kova ratkaisu: m\u00e4\u00e4r\u00e4si Metan keskeytt\u00e4m\u00e4\u00e4n muiden teko\u00e4lypalvelujen sulkemisen ulos WhatsAppista"},"content":{"rendered":"<p><a href=\"https:\/\/mobiili.fi\/wp-content\/uploads\/2016\/09\/whatsapp_logo.png\" data-lightbox=\"image\" rel=\"nofollow noopener\" target=\"_blank\"><img fetchpriority=\"high\" decoding=\"async\" class=\"aligncenter size-large wp-image-76941\" src=\"data:image\/svg+xml,%3Csvg%20xmlns=\" http:=\"\" alt=\"WhatsApp logo\" width=\"700\" height=\"496\" data-lazy- data-lazy- data-lazy-src=\"https:\/\/www.europesays.com\/fi\/wp-content\/uploads\/2025\/08\/whatsapp_logo-700x496.png\"\/><\/a><\/p>\n<p>Italian kilpailuviranomainen AGCM on m\u00e4\u00e4r\u00e4nnyt Metan keskeytt\u00e4m\u00e4\u00e4n WhatsAppiin liittyen soveltamasta k\u00e4ytt\u00f6ehtoja, jotka sulkevat kilpailevat teko\u00e4lypalvelut viestipalvelun ulkopuolelle.<\/p>\n<p><a href=\"https:\/\/www.reuters.com\/sustainability\/boards-policy-regulation\/italy-watchdog-orders-meta-halt-whatsapp-terms-barring-rival-ai-chatbots-2025-12-24\/\" rel=\"nofollow noopener\" target=\"_blank\">Asiasta kertoo uutistoimisto Reuters<\/a>.<\/p>\n<p style=\"width: 98%; text-align: center; font-size:13px; border-bottom: 1px solid #C8C8C8; line-height: 0.1em; margin: 8px 1% 16px 1%;\">MAINOS (ARTIKKELI JATKUU ALLA)<\/p>\n<p>P\u00e4\u00e4t\u00f6s liittyy viranomaisten k\u00e4ynniss\u00e4 olevaan tutkintaan, jossa Metaa ep\u00e4ill\u00e4\u00e4n m\u00e4\u00e4r\u00e4\u00e4v\u00e4n markkina-aseman v\u00e4\u00e4rink\u00e4yt\u00f6st\u00e4.<\/p>\n<p>Lokakuussa kerrottiin, kuinka OpenAI:n ChatGPT-teko\u00e4lypalvelu tulee poistumaan saatavilta WhatsAppin kautta. <a href=\"https:\/\/mobiili.fi\/2025\/10\/19\/chatgptlle-whatsappissa-tulossa-loppu-meta-muutti-kayttoehtoja\/\" rel=\"nofollow noopener\" target=\"_blank\">Meta muutti WhatsAppin Business API -rajapinnan k\u00e4ytt\u00f6ehtojaan kielt\u00e4en yleisk\u00e4ytt\u00f6iset teko\u00e4lybotit kokonaan sovelluksesta<\/a>.<\/p>\n<p>Sittemmin Metan menettely on joutunut kilpailuviranomaisten hampaisiin.<\/p>\n<p style=\"width: 98%; text-align: center; font-size:13px; border-bottom: 1px solid #C8C8C8; line-height: 0.1em; margin: 8px 1% 16px 1%;\">MAINOS (ARTIKKELI JATKUU ALLA)<\/p>\n<p>Esimerkiksi Italian kilpailuviranomaisen AGCM:n mukaan Meta voi rajoittaa teko\u00e4lyipalveluiden tarjontaa, markkinoille p\u00e4\u00e4sy\u00e4 sek\u00e4 teknologista kehityst\u00e4. T\u00e4m\u00e4 voisi viranomaisen mukaan lopulta olla kuluttajien edun vastaista.<\/p>\n<p>Metalla on oma teko\u00e4lypalvelunsa Meta AI, joka on tarjolla muun muassa WhatsAppin kautta.<\/p>\n<p>Metan edustaja on kritisoinut Italian viranomaisen ratkaisua jyrk\u00e4sti ja kutsui sit\u00e4 \u201dperustavanlaatuisesti virheelliseksi\u201d. Metan mukaan teko\u00e4lypalveluiden nopea yleistyminen on kuormittanut j\u00e4rjestelmi\u00e4, joita ei alun perin ole suunniteltu t\u00e4llaiseen k\u00e4ytt\u00f6\u00f6n.<\/p>\n<p>Meta on kertonut aikovansa valittaa p\u00e4\u00e4t\u00f6ksest\u00e4.<\/p>\n<p style=\"width: 98%; text-align: center; font-size:13px; border-bottom: 1px solid #C8C8C8; line-height: 0.1em; margin: 8px 1% 16px 1%;\">MAINOS (ARTIKKELI JATKUU ALLA)<\/p>\n<p>Italiassa kilpailuviranomainen oli ehtinyt aloittaa jo hein\u00e4kuussa laajemman tutkinnan WhatsAppiiin liittyen. Marraskuussa tutkintaa laajennettiin koskemaan WhatsAppin yritysalustan p\u00e4ivitettyj\u00e4 k\u00e4ytt\u00f6ehtoja.<\/p>\n<p>My\u00f6s Euroopan unioni on k\u00e4ynnist\u00e4nyt rinnakkaisen tutkinnan Metaan liittyen samoista syist\u00e4. AGCM kertoi tekev\u00e4ns\u00e4 tiivist\u00e4 yhteisty\u00f6t\u00e4 Euroopan komission kanssa, jotta asiaan puututtaisiin mahdollisimman tehokkaasti.<\/p>\n<p>Euroopassa suurten teknologiaj\u00e4ttien, jotka ovat p\u00e4\u00e4s\u00e4\u00e4nt\u00f6isesti yhdysvaltalaisia, toimintaan on pyritty puuttumaan entist\u00e4 tiukemmin jo vuosien ajan. T\u00e4m\u00e4 on my\u00f6s kirist\u00e4nyt Euroopan unionin ja Yhdysvaltojen v\u00e4lej\u00e4.<\/p>\n<p>Mainos: <a href=\"https:\/\/hinta.fi\/?src=gPp6fX03\" target=\"_blank\" rel=\"nofollow noopener\">Noin 1 600 000 tuotteen hintavertailu ja hintaseuranta &#8211; katso Hinta.fist\u00e4 mist\u00e4 saat halvimmalla<\/a><\/p>\n","protected":false},"excerpt":{"rendered":"Italian kilpailuviranomainen AGCM on m\u00e4\u00e4r\u00e4nnyt Metan keskeytt\u00e4m\u00e4\u00e4n WhatsAppiin liittyen soveltamasta k\u00e4ytt\u00f6ehtoja, jotka sulkevat kilpailevat teko\u00e4lypalvelut viestipalvelun ulkopuolelle. Asiasta&hellip;\n","protected":false},"author":2,"featured_media":15440,"comment_status":"","ping_status":"","sticky":false,"template":"","format":"standard","meta":{"footnotes":""},"categories":[76],"tags":[79,77,33,31,30,32,78],"class_list":{"0":"post-125978","1":"post","2":"type-post","3":"status-publish","4":"format-standard","5":"has-post-thumbnail","7":"category-talous","8":"tag-business","9":"tag-economy","10":"tag-fi","11":"tag-finland","12":"tag-finnish","13":"tag-suomi","14":"tag-talous"},"share_on_mastodon":{"url":"https:\/\/pubeurope.com\/@fi\/115783800149816007","error":""},"_links":{"self":[{"href":"https:\/\/www.europesays.com\/fi\/wp-json\/wp\/v2\/posts\/125978","targetHints":{"allow":["GET"]}}],"collection":[{"href":"https:\/\/www.europesays.com\/fi\/wp-json\/wp\/v2\/posts"}],"about":[{"href":"https:\/\/www.europesays.com\/fi\/wp-json\/wp\/v2\/types\/post"}],"author":[{"embeddable":true,"href":"https:\/\/www.europesays.com\/fi\/wp-json\/wp\/v2\/users\/2"}],"replies":[{"embeddable":true,"href":"https:\/\/www.europesays.com\/fi\/wp-json\/wp\/v2\/comments?post=125978"}],"version-history":[{"count":0,"href":"https:\/\/www.europesays.com\/fi\/wp-json\/wp\/v2\/posts\/125978\/revisions"}],"wp:featuredmedia":[{"embeddable":true,"href":"https:\/\/www.europesays.com\/fi\/wp-json\/wp\/v2\/media\/15440"}],"wp:attachment":[{"href":"https:\/\/www.europesays.com\/fi\/wp-json\/wp\/v2\/media?parent=125978"}],"wp:term":[{"taxonomy":"category","embeddable":true,"href":"https:\/\/www.europesays.com\/fi\/wp-json\/wp\/v2\/categories?post=125978"},{"taxonomy":"post_tag","embeddable":true,"href":"https:\/\/www.europesays.com\/fi\/wp-json\/wp\/v2\/tags?post=125978"}],"curies":[{"name":"wp","href":"https:\/\/api.w.org\/{rel}","templated":true}]}}