{"id":125991,"date":"2025-12-26T04:09:10","date_gmt":"2025-12-26T04:09:10","guid":{"rendered":"https:\/\/www.europesays.com\/fi\/125991\/"},"modified":"2025-12-26T04:09:10","modified_gmt":"2025-12-26T04:09:10","slug":"isan-ja-pojan-vappuajelut-paattyivat-kaahailuun-tyrnavalla-poliisimoottoripyora-ajoi-240-km-h-eika-pysynyt-perassa","status":"publish","type":"post","link":"https:\/\/www.europesays.com\/fi\/125991\/","title":{"rendered":"Is\u00e4n ja pojan vappuajelut p\u00e4\u00e4ttyiv\u00e4t kaahailuun Tyrn\u00e4v\u00e4ll\u00e4 \u2013 poliisimoottoripy\u00f6r\u00e4 ajoi 240 km\/h eik\u00e4 pysynyt per\u00e4ss\u00e4"},"content":{"rendered":"<p>\n      Is\u00e4n ja pojan vappuajelut 1. toukokuuta p\u00e4\u00e4ttyiv\u00e4t Oulun k\u00e4r\u00e4j\u00e4oikeuden antamiin tuomioihin t\u00f6rke\u00e4st\u00e4 liikenneturvallisuuden vaarantamisesta.\n    <\/p>\n<p>\n      Kaksikko ajoi vappup\u00e4iv\u00e4n\u00e4 noin nelj\u00e4n aikoihin iltap\u00e4iv\u00e4ll\u00e4 Muhostiet\u00e4 Muhokselta kohti Tyrn\u00e4v\u00e4\u00e4. Samaa tiet\u00e4 kohti Muhosta ajoi my\u00f6s kaksi moottoripy\u00f6r\u00e4poliisia noin kilometrin v\u00e4lein.\n    <\/p>\n<p class=\"article__paragraph\">\n      Ensimm\u00e4isen\u00e4 is\u00e4n ja pojan kohdannut moottoripy\u00f6r\u00e4poliisi tutkasi vastaantulevalle moottoripy\u00f6r\u00e4ll\u00e4 225 km\/h rajoitusalueella 80 km\/h ja k\u00e4\u00e4ntyi per\u00e4\u00e4n.\n    <\/p>\n<p class=\"article__paragraph\">\n      Kilometrin p\u00e4\u00e4ss\u00e4 odotellut toinen moottoripy\u00f6r\u00e4poliisi yritti pys\u00e4ytt\u00e4\u00e4 py\u00f6ri\u00e4 sulkemalla ajokaistan ja n\u00e4ytt\u00e4m\u00e4ll\u00e4 k\u00e4dell\u00e4\u00e4n pys\u00e4htymisk\u00e4sky\u00e4, mutta is\u00e4 ja poika eiv\u00e4t reagoineet poliisin pys\u00e4ytt\u00e4misk\u00e4skyyn.\n    <\/p>\n<p class=\"article__paragraph\">\n      Poika kertoi esitutkinnassaan, ett\u00e4 oli jo hiljent\u00e4m\u00e4ss\u00e4 vauhtia havaitessaan ensimm\u00e4isen moottoripy\u00f6r\u00e4poliisin, mutta muuttaessaan mielens\u00e4, kun h\u00e4nen is\u00e4ns\u00e4 kaasutti karkuun.\n    <\/p>\n<p class=\"article__paragraph\">\n      \u2013 Havahduin, ett\u00e4 tarkoituksena ei ole pys\u00e4hty\u00e4 selvitt\u00e4m\u00e4\u00e4n asiaa poliisin kanssa.\n    <\/p>\n<p class=\"article__paragraph\">\n      Is\u00e4 puolestaan selitti vappuajelun saaneen dramaattisen k\u00e4\u00e4nteen Muhostiell\u00e4 olleen kuorma-auton takia.\n    <\/p>\n<p class=\"article__paragraph\">\n      \u2013 Siihen asti ajoimme ihan rajoitusten mukaan, mutta jostain syyst\u00e4 kuorma-autoa ohittaessa tuli hetken mielijohteesta v\u00e4\u00e4nnetty\u00e4 kaasua v\u00e4h\u00e4n reilummin.\n    <\/p>\n<p class=\"article__paragraph\">\n      Kaasun v\u00e4\u00e4nt\u00e4minen johti takaa-ajoon, jossa poliisi joutui ajamaan jopa 240 km\/h nopeudella yritt\u00e4ess\u00e4\u00e4n tavoittaa moottoripy\u00f6ri\u00e4 t\u00e4ss\u00e4 kuitenkaan onnistumatta.\n    <\/p>\n<p class=\"article__paragraph\">\n      Hetken p\u00e4\u00e4st\u00e4 pojan ajama moottoripy\u00f6r\u00e4 erkani pienelle mutkaiselle sivutielle, jossa poliisin mukaan oli paljon routavaurioita, paikkauksia ja paikoin hiekkaa asfaltin p\u00e4\u00e4ll\u00e4.\n    <\/p>\n<p class=\"article__paragraph\">\n      Poliisi kertoi esitutkinnassa ajaneensa itse noin 200 km\/h, mutta luopuneensa takaa-ajosta, koska pakenija ajoi eritt\u00e4in suurella nopeudella n\u00e4kem\u00e4esteellisiin mutkiin ja leikkasi niihin rata-ajomaisesti.\n    <\/p>\n<p class=\"article__paragraph\">\n      \u2013 En voinut ottaa sit\u00e4 riski\u00e4, ett\u00e4 mutkassa tulee joku vastaan tai pihatielt\u00e4 on joku liittym\u00e4ss\u00e4 tielle, poliisi kertoi esitutkinnassa.\n    <\/p>\n<p class=\"article__paragraph\">\n      My\u00f6hemmin poliisi tavoitti pakoaan jatkaneen is\u00e4n silminn\u00e4kij\u00e4havaintojen perusteella Tyrn\u00e4v\u00e4lt\u00e4 er\u00e4\u00e4st\u00e4 yksityisasunnosta, jonne mies oli mennyt poliisia pakoon. Asunto oli h\u00e4nen yst\u00e4v\u00e4ns\u00e4 ja se oli tapahtuma-aikaan tyhjill\u00e4\u00e4n.\n    <\/p>\n<p class=\"article__paragraph\">\n      Poika puolestaan oli vienyt ajopy\u00f6r\u00e4ns\u00e4 ja varusteensa Kempeleess\u00e4 sijaitsevaan halliin, mist\u00e4 poliisipartio ne my\u00f6hemmin l\u00f6ysi.\n    <\/p>\n<p class=\"article__paragraph\">\n      Sek\u00e4 is\u00e4 ett\u00e4 poika my\u00f6nsiv\u00e4t tekonsa jo esitutkinnassa. Oulun k\u00e4r\u00e4j\u00e4oikeus tuomitsi 42-vuotiaan pojan ja 67-vuotiaan is\u00e4n nelj\u00e4n kuukauden ehdollisiin vankeusrangaistuksiin.\n    <\/p>\n","protected":false},"excerpt":{"rendered":"Is\u00e4n ja pojan vappuajelut 1. toukokuuta p\u00e4\u00e4ttyiv\u00e4t Oulun k\u00e4r\u00e4j\u00e4oikeuden antamiin tuomioihin t\u00f6rke\u00e4st\u00e4 liikenneturvallisuuden vaarantamisesta. Kaksikko ajoi vappup\u00e4iv\u00e4n\u00e4 noin&hellip;\n","protected":false},"author":2,"featured_media":125992,"comment_status":"","ping_status":"","sticky":false,"template":"","format":"standard","meta":{"footnotes":""},"categories":[12],"tags":[22,23,26,27,33,31,30,17,24,25,28,29,15,18,21,32,19,20,16],"class_list":{"0":"post-125991","1":"post","2":"type-post","3":"status-publish","4":"format-standard","5":"has-post-thumbnail","7":"category-suomi","8":"tag-breaking-news","9":"tag-breakingnews","10":"tag-featured-news","11":"tag-featurednews","12":"tag-fi","13":"tag-finland","14":"tag-finnish","15":"tag-headlines","16":"tag-latest-news","17":"tag-latestnews","18":"tag-main-news","19":"tag-mainnews","20":"tag-news","21":"tag-otsikot","22":"tag-paauutiset","23":"tag-suomi","24":"tag-top-stories","25":"tag-topstories","26":"tag-uutiset"},"share_on_mastodon":{"url":"https:\/\/pubeurope.com\/@fi\/115783910355894693","error":""},"_links":{"self":[{"href":"https:\/\/www.europesays.com\/fi\/wp-json\/wp\/v2\/posts\/125991","targetHints":{"allow":["GET"]}}],"collection":[{"href":"https:\/\/www.europesays.com\/fi\/wp-json\/wp\/v2\/posts"}],"about":[{"href":"https:\/\/www.europesays.com\/fi\/wp-json\/wp\/v2\/types\/post"}],"author":[{"embeddable":true,"href":"https:\/\/www.europesays.com\/fi\/wp-json\/wp\/v2\/users\/2"}],"replies":[{"embeddable":true,"href":"https:\/\/www.europesays.com\/fi\/wp-json\/wp\/v2\/comments?post=125991"}],"version-history":[{"count":0,"href":"https:\/\/www.europesays.com\/fi\/wp-json\/wp\/v2\/posts\/125991\/revisions"}],"wp:featuredmedia":[{"embeddable":true,"href":"https:\/\/www.europesays.com\/fi\/wp-json\/wp\/v2\/media\/125992"}],"wp:attachment":[{"href":"https:\/\/www.europesays.com\/fi\/wp-json\/wp\/v2\/media?parent=125991"}],"wp:term":[{"taxonomy":"category","embeddable":true,"href":"https:\/\/www.europesays.com\/fi\/wp-json\/wp\/v2\/categories?post=125991"},{"taxonomy":"post_tag","embeddable":true,"href":"https:\/\/www.europesays.com\/fi\/wp-json\/wp\/v2\/tags?post=125991"}],"curies":[{"name":"wp","href":"https:\/\/api.w.org\/{rel}","templated":true}]}}