{"id":126006,"date":"2025-12-26T04:36:12","date_gmt":"2025-12-26T04:36:12","guid":{"rendered":"https:\/\/www.europesays.com\/fi\/126006\/"},"modified":"2025-12-26T04:36:12","modified_gmt":"2025-12-26T04:36:12","slug":"elinkeinoelaman-tutkimuslaitos-ehdottaa-suomalaisille-viiden-vuoden-palkkamalttia","status":"publish","type":"post","link":"https:\/\/www.europesays.com\/fi\/126006\/","title":{"rendered":"Elinkeinoel\u00e4m\u00e4n tutkimuslaitos ehdottaa suomalaisille viiden vuoden palkkamalttia"},"content":{"rendered":"<p>Ansiot|Palkansaajia edustavan SAK:n ekonomisti puolestaan katsoo, ett\u00e4 Suomen ongelmat eiv\u00e4t johdu liian korkeista palkoista.<\/p>\n<p class=\"article-body mb-nof-24 px-nof-16\">Viisi vuotta palkkamalttia. Taloustieteilij\u00e4 <a class=\"article-personlink\" href=\"https:\/\/www.hs.fi\/haku\/?query=Juha%20Tervalan\" rel=\"nofollow noopener\" target=\"_blank\">Juha Tervalan<\/a> mielest\u00e4 muita vaihtoehtoja ei Suomella ole. Paisuvien alij\u00e4\u00e4mien kanssa painivalla valtiolla ei ole varaa elvytt\u00e4v\u00e4\u00e4n finanssipolitiikkaan ja julkisen talouden sopeuttaminen on laskenut kotimaista kysynt\u00e4\u00e4. Talouskasvua on Tervalan mukaan haettava tuttuun tapaan viennist\u00e4.<\/p>\n","protected":false},"excerpt":{"rendered":"Ansiot|Palkansaajia edustavan SAK:n ekonomisti puolestaan katsoo, ett\u00e4 Suomen ongelmat eiv\u00e4t johdu liian korkeista palkoista. Viisi vuotta palkkamalttia. Taloustieteilij\u00e4&hellip;\n","protected":false},"author":2,"featured_media":126007,"comment_status":"","ping_status":"","sticky":false,"template":"","format":"standard","meta":{"footnotes":""},"categories":[5],"tags":[22,23,26,27,33,31,30,17,46,24,25,28,29,15,18,21,32,19,20,16],"class_list":{"0":"post-126006","1":"post","2":"type-post","3":"status-publish","4":"format-standard","5":"has-post-thumbnail","7":"category-otsikot","8":"tag-breaking-news","9":"tag-breakingnews","10":"tag-featured-news","11":"tag-featurednews","12":"tag-fi","13":"tag-finland","14":"tag-finnish","15":"tag-headlines","16":"tag-helsingin-sanomat","17":"tag-latest-news","18":"tag-latestnews","19":"tag-main-news","20":"tag-mainnews","21":"tag-news","22":"tag-otsikot","23":"tag-paauutiset","24":"tag-suomi","25":"tag-top-stories","26":"tag-topstories","27":"tag-uutiset"},"share_on_mastodon":{"url":"","error":""},"_links":{"self":[{"href":"https:\/\/www.europesays.com\/fi\/wp-json\/wp\/v2\/posts\/126006","targetHints":{"allow":["GET"]}}],"collection":[{"href":"https:\/\/www.europesays.com\/fi\/wp-json\/wp\/v2\/posts"}],"about":[{"href":"https:\/\/www.europesays.com\/fi\/wp-json\/wp\/v2\/types\/post"}],"author":[{"embeddable":true,"href":"https:\/\/www.europesays.com\/fi\/wp-json\/wp\/v2\/users\/2"}],"replies":[{"embeddable":true,"href":"https:\/\/www.europesays.com\/fi\/wp-json\/wp\/v2\/comments?post=126006"}],"version-history":[{"count":0,"href":"https:\/\/www.europesays.com\/fi\/wp-json\/wp\/v2\/posts\/126006\/revisions"}],"wp:featuredmedia":[{"embeddable":true,"href":"https:\/\/www.europesays.com\/fi\/wp-json\/wp\/v2\/media\/126007"}],"wp:attachment":[{"href":"https:\/\/www.europesays.com\/fi\/wp-json\/wp\/v2\/media?parent=126006"}],"wp:term":[{"taxonomy":"category","embeddable":true,"href":"https:\/\/www.europesays.com\/fi\/wp-json\/wp\/v2\/categories?post=126006"},{"taxonomy":"post_tag","embeddable":true,"href":"https:\/\/www.europesays.com\/fi\/wp-json\/wp\/v2\/tags?post=126006"}],"curies":[{"name":"wp","href":"https:\/\/api.w.org\/{rel}","templated":true}]}}