{"id":126020,"date":"2025-12-26T05:01:20","date_gmt":"2025-12-26T05:01:20","guid":{"rendered":"https:\/\/www.europesays.com\/fi\/126020\/"},"modified":"2025-12-26T05:01:20","modified_gmt":"2025-12-26T05:01:20","slug":"rauhaa-pettymyksia-ja-legoja-kysyimme-kokkolalaisilta-kuinka-kulunut-vuosi-sujui","status":"publish","type":"post","link":"https:\/\/www.europesays.com\/fi\/126020\/","title":{"rendered":"Rauhaa, pettymyksi\u00e4 ja Legoja \u2013 Kysyimme kokkolalaisilta, kuinka kulunut vuosi sujui"},"content":{"rendered":"<p>                                  Paikallisuutiset<\/p>\n<p>                <img loading=\"lazy\" decoding=\"async\" itemprop=\"contentUrl\" class=\"figure-img img-fluid\"  src=\"https:\/\/www.europesays.com\/fi\/wp-content\/uploads\/2025\/12\/1766725279_509_imengine.public.prod.hil.infomaker.io\" width=\"6000\" height=\"4000\"  alt=\"\"\/><\/p>\n<p>                                    Pauliina ja h\u00e4nen tytt\u00e4rens\u00e4 Adelia jouluostoksilla kauppakeskus Chydeniassa.<br \/>\n                                                    Kuva:<br \/>\n                    Milo V\u00e4h\u00e4sarja<\/p>\n<p>      MAINOS &#8211; juttu jatkuu mainoksen j\u00e4lkeen<\/p>\n<p>      MAINOS &#8211; mainos p\u00e4\u00e4ttyy<\/p>\n<p class=\"ew-body\">Keskipohjanmaa jalkautui ennen joulua Kokkolan keskustaan kysym\u00e4\u00e4n kokkolalaisten ajatuksia lahjojen jakamisesta sek\u00e4 kuluneesta ja tulevasta vuodesta. Kauppakeskus Chydeniassa asiakkaita riitti keskell\u00e4 p\u00e4iv\u00e4\u00e4, ja joulukiireist\u00e4 huolimatta ihmiset olivat hyv\u00e4ll\u00e4 tuulella.<\/p>\n<p class=\"ew-body\">Kysytt\u00e4ess\u00e4 tavoitteista ja<\/p>\n<p>  <a class=\"btn btn-secondary btn-icon-left\" href=\"#coral_thread\"><br \/>\n    <img decoding=\"async\" src=\"https:\/\/www.keskipohjanmaa.fi\/wp-content\/themes\/hilla-theme\/assets\/img\/icon_comments.svg\" alt=\"\"\/><br \/>\n    Kommentoi<br \/>\n    \u00a0(0)<br \/>\n  <\/a><\/p>\n<p>  <a class=\"btn btn-secondary btn-icon-left mailto_web\" href=\"mailto:toimitus@keskipohjanmaa.fi?subject=Ilmoita%20asiavirheest%C3%A4&amp;body=Otsikko%3A%20Rauhaa%2C%20pettymyksi%C3%A4%20ja%20Legoja%20%E2%80%93%20Kysyimme%20kokkolalaisilta%2C%20kuinka%20kulunut%20vuosi%20sujui%20%0AUuid%3A%202872bc83-a62a-4d2d-83e1-8aaf544e603e%0AUrl%3A%20https%3A%2F%2Fwww.keskipohjanmaa.fi%2Fartikkeli%2Frauhaa-pettymyksia-ja-legoja-kysyimme-kokkolalaisilta-kuinka-kulunut-vuosi-sujui\"><br \/>\n    <img decoding=\"async\" src=\"https:\/\/www.keskipohjanmaa.fi\/wp-content\/themes\/hilla-theme\/assets\/img\/icon_feedback.svg\" alt=\"\"\/><br \/>\n    Ilmoita asiavirheest\u00e4<br \/>\n  <\/a><\/p>\n","protected":false},"excerpt":{"rendered":"Paikallisuutiset Pauliina ja h\u00e4nen tytt\u00e4rens\u00e4 Adelia jouluostoksilla kauppakeskus Chydeniassa. Kuva: Milo V\u00e4h\u00e4sarja MAINOS &#8211; juttu jatkuu mainoksen j\u00e4lkeen&hellip;\n","protected":false},"author":2,"featured_media":126021,"comment_status":"","ping_status":"","sticky":false,"template":"","format":"standard","meta":{"footnotes":""},"categories":[12],"tags":[22,23,26,27,33,31,30,17,24,25,28,29,15,18,21,32,19,20,16],"class_list":{"0":"post-126020","1":"post","2":"type-post","3":"status-publish","4":"format-standard","5":"has-post-thumbnail","7":"category-suomi","8":"tag-breaking-news","9":"tag-breakingnews","10":"tag-featured-news","11":"tag-featurednews","12":"tag-fi","13":"tag-finland","14":"tag-finnish","15":"tag-headlines","16":"tag-latest-news","17":"tag-latestnews","18":"tag-main-news","19":"tag-mainnews","20":"tag-news","21":"tag-otsikot","22":"tag-paauutiset","23":"tag-suomi","24":"tag-top-stories","25":"tag-topstories","26":"tag-uutiset"},"share_on_mastodon":{"url":"https:\/\/pubeurope.com\/@fi\/115784114900316842","error":""},"_links":{"self":[{"href":"https:\/\/www.europesays.com\/fi\/wp-json\/wp\/v2\/posts\/126020","targetHints":{"allow":["GET"]}}],"collection":[{"href":"https:\/\/www.europesays.com\/fi\/wp-json\/wp\/v2\/posts"}],"about":[{"href":"https:\/\/www.europesays.com\/fi\/wp-json\/wp\/v2\/types\/post"}],"author":[{"embeddable":true,"href":"https:\/\/www.europesays.com\/fi\/wp-json\/wp\/v2\/users\/2"}],"replies":[{"embeddable":true,"href":"https:\/\/www.europesays.com\/fi\/wp-json\/wp\/v2\/comments?post=126020"}],"version-history":[{"count":0,"href":"https:\/\/www.europesays.com\/fi\/wp-json\/wp\/v2\/posts\/126020\/revisions"}],"wp:featuredmedia":[{"embeddable":true,"href":"https:\/\/www.europesays.com\/fi\/wp-json\/wp\/v2\/media\/126021"}],"wp:attachment":[{"href":"https:\/\/www.europesays.com\/fi\/wp-json\/wp\/v2\/media?parent=126020"}],"wp:term":[{"taxonomy":"category","embeddable":true,"href":"https:\/\/www.europesays.com\/fi\/wp-json\/wp\/v2\/categories?post=126020"},{"taxonomy":"post_tag","embeddable":true,"href":"https:\/\/www.europesays.com\/fi\/wp-json\/wp\/v2\/tags?post=126020"}],"curies":[{"name":"wp","href":"https:\/\/api.w.org\/{rel}","templated":true}]}}