{"id":126025,"date":"2025-12-26T05:21:10","date_gmt":"2025-12-26T05:21:10","guid":{"rendered":"https:\/\/www.europesays.com\/fi\/126025\/"},"modified":"2025-12-26T05:21:10","modified_gmt":"2025-12-26T05:21:10","slug":"riitta-liisa-lassila-rakensi-uuden-elaman-leville-yllattavan-avioeron-jalkeen-unelmia-voi-tehda-uusiksi","status":"publish","type":"post","link":"https:\/\/www.europesays.com\/fi\/126025\/","title":{"rendered":"Riitta-Liisa Lassila rakensi uuden el\u00e4m\u00e4n Leville yll\u00e4tt\u00e4v\u00e4n avioeron j\u00e4lkeen \u2013 &#8221;Unelmia voi tehd\u00e4 uusiksi&#8221;"},"content":{"rendered":"<p>Tiivistelm\u00e4<\/p>\n<ul class=\"article__expanding_box-unordered_list\">\n<li>Entinen huippuhiiht\u00e4j\u00e4 Riitta-Liisa Lassila on rakentanut uutta el\u00e4m\u00e4\u00e4 Levill\u00e4 avioeron ja Haukiputaalta muuton j\u00e4lkeen.<\/li>\n<li>Kuluneen vuoden aikana moni asia h\u00e4nen el\u00e4m\u00e4ss\u00e4\u00e4n on mullistunut, mutta tunturit ovat tuoneet lohtua vaikeina hetkin\u00e4.<\/li>\n<li>Nyky\u00e4\u00e4n Lassila ty\u00f6skentelee hiihdon parissa valmentajana ja opettajana ja on l\u00f6yt\u00e4nyt onnellisuutta pienist\u00e4 asioista.<\/li>\n<\/ul>\n<p class=\"article__expanding_box-paragraph\">\n      Toimittaja on tarkistanut teko\u00e4lyn tekem\u00e4n tiivistelm\u00e4n.\n    <\/p>\n<p class=\"article__paragraph\">\n      Levin huipulla sijaitsevan n\u00e4k\u00f6alaravintola Tuikun edustalta avautuvat mykist\u00e4v\u00e4t n\u00e4k\u00f6alat L\u00e4nsi-Lapin tuntureille. On kaunista, valkoista ja sen verran paksusti lunta, ett\u00e4 siihen uppoaa s\u00e4\u00e4ri\u00e4\u00e4n my\u00f6ten, ellei pysyttele visusti rinnekoneen tamppaamalla reitill\u00e4.\n    <\/p>\n<p class=\"article__paragraph\">\n      Edellisen\u00e4 p\u00e4iv\u00e4n\u00e4 Riitta-Liisa Lassila ajoi koiransa kanssa takaisin n\u00e4ihin maisemiin vanhempiensa luota Haukiputaalta.\n    <\/p>\n<p class=\"article__paragraph\">\n      Sielt\u00e4 l\u00e4htiess\u00e4 oli pime\u00e4\u00e4. Hetkeksi maahan sataneet lumet olivat muutamassa p\u00e4iv\u00e4ss\u00e4 huvenneet.\n    <\/p>\n<p class=\"article__paragraph\">\n      Ennen l\u00e4ht\u00f6\u00e4\u00e4n Lassila kysyi 87-vuotiaalta is\u00e4lt\u00e4\u00e4n, pit\u00e4isik\u00f6 h\u00e4nen auttaa ja kantaa puut liiterist\u00e4 sis\u00e4lle. Ei kuulemma tarvinnut. Is\u00e4 aikoi hakea puut itse.\n    <\/p>\n<p class=\"article__paragraph\">\n      Lassila n\u00e4kee is\u00e4n j\u00e4\u00e4r\u00e4p\u00e4isyydess\u00e4 ja periksiantamattomuudessa itse\u00e4\u00e4n. Pienen\u00e4 h\u00e4n ihaili is\u00e4\u00e4ns\u00e4, joka oli hiiht\u00e4nyt kilpaa piirikunnallisella tasolla ja voittanut pronssimitalin.\n    <\/p>\n<p class=\"article__paragraph\">\n      \u2013\u202fMuistan, miten ajattelin, ett\u00e4 tuskin koskaan tulen hiiht\u00e4m\u00e4\u00e4n niin kovaa.\n    <\/p>\n<p class=\"article__paragraph\">\n      Lassila muistaa lapsuudestaan my\u00f6s vanhempien kanssa tehdyt hiihtoretket luonnossa ja sen, miten \u00e4idin anorakin taskussa oli aina viipaloituja hedelmi\u00e4 tai mehua.\n    <\/p>\n<p class=\"article__paragraph\">\n      He olivat tiivis kolmikko, ja kun h\u00e4n aloitti kilpahiihdon, ensimm\u00e4isille hiihtokisareissuille he l\u00e4htiv\u00e4t aina yhdess\u00e4. Ne viikonloput olivat mahtavia, kuin pieni\u00e4 lomia. Se rytmitti talvea.\n    <\/p>\n<p>    <img decoding=\"async\" class=\"responsive-image article__image-image lozad\"   src=\"https:\/\/www.europesays.com\/fi\/wp-content\/uploads\/2025\/12\/4dmhSdMhvqXsoyAgAZaXzX0qJIRqvb2xfhqU-TAQCJTQRO8f827nDmTn2vz8KgaKFP8OraqaBzr58l6gBLS4rPBkyfFyPM2XlRwu.jpeg\" alt=\"Lassila iloitsee siit\u00e4, ett\u00e4 my\u00f6s h\u00e4nen Ida-tytt\u00e4rens\u00e4 on l\u00f6yt\u00e4nyt luonnossa liikkumisen ilon. Yhdess\u00e4 on tarkoitus l\u00e4hte\u00e4 hiihtoretkille, joiden tahtia huippu-urheilu ei en\u00e4\u00e4 sotke.\"\/><\/p>\n<p>\n                Lassila iloitsee siit\u00e4, ett\u00e4 my\u00f6s h\u00e4nen Ida-tytt\u00e4rens\u00e4 on l\u00f6yt\u00e4nyt luonnossa liikkumisen ilon. Yhdess\u00e4 on tarkoitus l\u00e4hte\u00e4 hiihtoretkille, joiden tahtia huippu-urheilu ei en\u00e4\u00e4 sotke.\n              <\/p>\n<p>\n                Kuva: Jussi Leinonen\n              <\/p>\n<p class=\"article__paragraph\">\n      T\u00e4n\u00e4 jouluna Lassila saa luokseen pian 22-vuotiaan tytt\u00e4rens\u00e4 Idan, jonka kanssa on tarkoitus l\u00e4hte\u00e4 hiihtelem\u00e4\u00e4n tuntureille. Tytt\u00e4ren sukset h\u00e4n on jo voidellut.\n    <\/p>\n<p class=\"article__paragraph\">\n      Tuntuu suurelta ilon aiheelta, ett\u00e4 tyt\u00e4r on my\u00f6s l\u00f6yt\u00e4nyt ilon luonnossa liikkumisesta. Jyv\u00e4skyl\u00e4n yliopistossa kauppatieteiden opintoja suorittava tyt\u00e4r on \u00e4idilleen yksi suuri ilon aihe itsekin: niin rakas, fiksu ja itsen\u00e4inen.\n    <\/p>\n<p class=\"article__paragraph\">\n      Nyt he voivat l\u00e4hte\u00e4 retkille yhdess\u00e4 niin, ett\u00e4 tyt\u00e4r saa m\u00e4\u00e4ritt\u00e4\u00e4 tahdin. Ennen se ei ollut aina mahdollista, mutta nyt Lassilalla ei ole en\u00e4\u00e4 huippu-urheilijan tarkkaa p\u00e4iv\u00e4rytmi\u00e4, joka sotkeutuisi.\n    <\/p>\n<p class=\"article__paragraph\">\n      Pitk\u00e4\u00e4n se m\u00e4\u00e4ritti h\u00e4nen el\u00e4m\u00e4\u00e4ns\u00e4. Lassila oli huipputasolla kilpaileva hiiht\u00e4j\u00e4 poikkeuksellisen kauan. H\u00e4n lopetti kilpauransa kev\u00e4\u00e4ll\u00e4 2022 Rovaniemen SM-kisoissa, 43-vuotiaana.\n    <\/p>\n<p class=\"article__paragraph\">\n      \u2013\u202fSain edustaa Suomea vuodesta 2002 alkaen siihen saakka. En osaa edes sanoin kuvailla, mit\u00e4 kaikkea se on antanut.\n    <\/p>\n<p class=\"article__paragraph\">\n      Nyt h\u00e4n on siirtynyt hiihdossa toiselle puolelle, valmentamaan ja opettamaan muita.\n    <\/p>\n<p class=\"article__paragraph\">\n      Kuluneen vuoden aikana moni asia Lassilan el\u00e4m\u00e4ss\u00e4 on mullistunut. Syksyst\u00e4 saakka h\u00e4n on totutellut sanomaan kotipaikakseen Haukiputaan sijaan Kittil\u00e4\u00e4 ja Sirkan kyl\u00e4\u00e4.\n    <\/p>\n<p class=\"article__paragraph\">\n      Sukunimikin on vaihtunut takaisin tytt\u00f6nimeen sen j\u00e4lkeen, kun avioliitto pitk\u00e4aikaisen puolison ja valmentajan Toni Roposen kanssa p\u00e4\u00e4ttyi eroon kymmenen kuukautta sitten. Avioeroa haki puoliso.\n    <\/p>\n<p class=\"article__paragraph\">\n      \u2013\u202fOlin liitossani t\u00e4ysin onnellinen ja luulin, ett\u00e4 kaikki oli hyvin.\n    <\/p>\n<p class=\"article__paragraph\">\n      Siin\u00e4 on oikeastaan se, mit\u00e4 h\u00e4n haluaa erostaan sanoa. Siit\u00e4 on ollut melkoinen matka t\u00e4h\u00e4n pisteeseen. Haukiputaalle j\u00e4i entinen el\u00e4m\u00e4 ja unelmien talo meren rannalla.\n    <\/p>\n<p class=\"article__paragraph\">\n      \u2013\u202fAsuin paikassa, joka oli minun unelmani silloin. Nyt huomaan, ett\u00e4 unelmia voi tehd\u00e4 uusiksi.\n    <\/p>\n<p class=\"article__paragraph\">\n      Muutto tuli ajankohtaiseksi viime kev\u00e4\u00e4n aikana. Yst\u00e4v\u00e4 heitti ilmaan ajatuksen siit\u00e4, voisiko h\u00e4n ajatella asuvansa vakituisesti Levill\u00e4 vapaa-ajan asunnollaan, jossa vietti paljon aikaa ja jossa oli hyv\u00e4t mahdollisuudet harjoittaa ammattia hiihdon opettajana ja valmentajana.\n    <\/p>\n<p>    <img decoding=\"async\" class=\"responsive-image article__image-image lozad\"   src=\"https:\/\/www.europesays.com\/fi\/wp-content\/uploads\/2025\/12\/MBjdnBvncj0PMHwdJrlJHn_9mbW3CW0RbIrMCBAwjmT1-_50Asg8pLDq1YjNUlQbTMsi8EH4b1S4k2ZNridHGKI_4baKfzD3Skr6.jpeg\" alt=\"11-vuotias labradorinnoutaja Ibra on Lassilalle on \u00e4\u00e4rimm\u00e4isen rakas. \u2013 H\u00e4n on vertaansa vailla: harmaahapsiherrasmies, joka aistii kaiken ja on minulle uskomaton voimavara.\"\/><\/p>\n<p>\n                11-vuotias labradorinnoutaja Ibra on Lassilalle on \u00e4\u00e4rimm\u00e4isen rakas. \u2013 H\u00e4n on vertaansa vailla: harmaahapsiherrasmies, joka aistii kaiken ja on minulle uskomaton voimavara.\n              <\/p>\n<p>\n                Kuva: Jussi Leinonen\n              <\/p>\n<p class=\"article__paragraph\">\n      \u2013\u202fEnsin ajattelin, ett\u00e4 ei. Mietin tyt\u00e4rt\u00e4ni ja i\u00e4kk\u00e4it\u00e4 vanhempiani, sit\u00e4 ettei minulla ollut t\u00e4\u00e4ll\u00e4 tuttavapiiri\u00e4, vain yksi yst\u00e4v\u00e4. Puhuin l\u00e4heisteni kanssa ja pohdin asiaa monelta kantilta. Lopulta tulin p\u00e4\u00e4t\u00f6kseen, ett\u00e4 t\u00e4m\u00e4 on minun tuleva kotipaikkakuntani.\n    <\/p>\n<p class=\"article__paragraph\">\n      Meren rannalla kasvanut ja ik\u00e4ns\u00e4 el\u00e4nyt Lassila on saanut huomata, ett\u00e4 yh\u00e4 edelleen meri on olemassa eik\u00e4 sit\u00e4 kukaan vie h\u00e4nelt\u00e4 pois. Ja ovathan tunturit, joissa voi my\u00f6s kokea avaruutta.\n    <\/p>\n<p class=\"article__paragraph\">\n      Sinne h\u00e4n on l\u00e4htenyt aina, kun on ollut vaikea hetki. On ollut lohdullista voida tuntea oma pienuutensa t\u00e4ss\u00e4 maailmankaikkeudessa.\n    <\/p>\n<p class=\"article__paragraph\">\n      \u2013\u202fOlen itkenyt siell\u00e4 niin monet itkut. Aina kun olen ollut surullinen tai tuntenut kaipuuta, olen pakannut reppuni ja hyp\u00e4nnyt autoon ja tullut aina paremmalla mielell\u00e4 takaisin. T\u00e4m\u00e4 aika on opettanut onnellisuutta hirve\u00e4n pienist\u00e4 asioista.\n    <\/p>\n<p class=\"article__paragraph\">\n      Kun Lassila oli syksyll\u00e4 muuttanut Leville, h\u00e4n halusi heti n\u00e4ytt\u00e4\u00e4 vierailulle tulleelle tytt\u00e4relleen tunturit ja kertoa, ett\u00e4 kaikki oli hyvin ja ett\u00e4 t\u00e4\u00e4ll\u00e4, keskell\u00e4 ei mit\u00e4\u00e4n, h\u00e4n oli ollut hirve\u00e4n onnellinen.\n    <\/p>\n<p class=\"article__paragraph\">\n      \u2013\u202fOlen aina rakastanut olla luonnossa ja haaveillut tekev\u00e4ni vaelluksia, mutta en ole tehnyt niit\u00e4 ennen. Nyt olen, ja ne ovat tuottaneet minulle valtavasti onnellisuuspuuskia.\n    <\/p>\n<p class=\"article__paragraph\">\n      Entisess\u00e4 el\u00e4m\u00e4ss\u00e4\u00e4n Lassila oli tottunut siihen, ett\u00e4 koko el\u00e4m\u00e4 oli tarkkaan suunniteltua ja aikataulutettua. Talvet meniv\u00e4t aina hiihdon ehdoilla, oikeastaan kes\u00e4tkin. Kilpaurheilijana valintoja oli teht\u00e4v\u00e4, ja aina h\u00e4n valitsi kilpaurheilun.\n    <\/p>\n<p>&#8221;\u202fUskon t\u00e4ysin kohtaloon. Tuli mit\u00e4 tuli, otan vastaan. Vaikka ei aina tuntuisi hyv\u00e4lt\u00e4, niin ajattelen, ett\u00e4 jossain vaiheessa viel\u00e4 tuntuu ja jossain vaiheessa viel\u00e4 tied\u00e4n, miksi n\u00e4in on k\u00e4ynyt.&#8221;<\/p>\n<p class=\"article__paragraph\">\n      Kuvaavaa on, ett\u00e4 kun yksi h\u00e4nen yst\u00e4vist\u00e4\u00e4n meni naimisiin, h\u00e4n kertoi ensin Lassilalle, ett\u00e4 haluaisi j\u00e4rjest\u00e4\u00e4 h\u00e4\u00e4t, ja halusi tiet\u00e4\u00e4, miten se h\u00e4nelle sopisi. Vaihtoehtoisia vapaita viikonloppuja oli talven aikana kaksi, ja h\u00e4\u00e4t j\u00e4rjestettiin niist\u00e4 toisena.\n    <\/p>\n<p class=\"article__paragraph\">\n      Siit\u00e4 Lassila on kiitollinen, ett\u00e4 on kaikki n\u00e4m\u00e4 vuodet pystynyt pit\u00e4m\u00e4\u00e4n yll\u00e4 yhteytt\u00e4 yst\u00e4viins\u00e4. Nyt kun heid\u00e4n tukeaan on tarvittu enemm\u00e4n kuin koskaan aikaisemmin, h\u00e4n on saanut huomata, ett\u00e4 siin\u00e4 he ovat.\n    <\/p>\n<p class=\"article__paragraph\">\n      \u2013\u202fEn koe, ett\u00e4 hiihto olisi vienyt minulta mit\u00e4\u00e4n.\n    <\/p>\n<p class=\"article__paragraph\">\n      Nyt kalenterissa on paljon enemm\u00e4n tyhj\u00e4\u00e4. Se on vaatinut totuttelua.\n    <\/p>\n<p class=\"article__paragraph\">\n      Viimeiset kymmenen kuukautta ovat olleet aikaa, joka on pakottanut tutustumaan itseens\u00e4 uudestaan. On l\u00f6ytynyt piirteit\u00e4, jotka olivat olleet unohduksissa: spontaaniutta, heitt\u00e4ytymist\u00e4, luottamusta tulevaan.\n    <\/p>\n<p>    <img decoding=\"async\" class=\"responsive-image article__image-image lozad\"   src=\"https:\/\/www.europesays.com\/fi\/wp-content\/uploads\/2025\/12\/wAJcXHq2iQuVwqyoTozB2TvFCNEuQ_yo1vWU6SZ4S6w8RkpJVO99tR5QJLcTuFLx-NpVGrgn77_1XqjnaG8Uwmlq9LmsOaLY3MgD.jpeg\" alt=\"Kilpaurheilu on m\u00e4\u00e4ritt\u00e4nyt Lassilan el\u00e4m\u00e4\u00e4, mutta nyt kalenterissa on enemm\u00e4n tilaa muille asioille.\"\/><\/p>\n<p>\n                Kilpaurheilu on m\u00e4\u00e4ritt\u00e4nyt Lassilan el\u00e4m\u00e4\u00e4, mutta nyt kalenterissa on enemm\u00e4n tilaa muille asioille.\n              <\/p>\n<p>\n                Kuva: Jussi Leinonen\n              <\/p>\n<p class=\"article__paragraph\">\n      Lassila on huomannut olevansa paljon sosiaalisempi ihminen kuin oli ajautunut olemaan, avoin ja sellainen, joka haluaa uskoa ihmisiss\u00e4 ja asioissa hyv\u00e4\u00e4n.\n    <\/p>\n<p class=\"article__paragraph\">\n      \u2013\u202fUskon t\u00e4ysin kohtaloon. Tuli mit\u00e4 tuli, otan vastaan. Vaikka ei aina tuntuisi hyv\u00e4lt\u00e4, niin ajattelen, ett\u00e4 jossain vaiheessa viel\u00e4 tuntuu ja jossain vaiheessa viel\u00e4 tied\u00e4n, miksi n\u00e4in on k\u00e4ynyt.\n    <\/p>\n<p class=\"article__paragraph\">\n      V\u00e4ljempi kalenteri ei tarkoita sit\u00e4, etteik\u00f6 Lassilalla edelleen olisi valtavaa paloa kehitt\u00e4\u00e4 itse\u00e4\u00e4n, vaikka kilpailullisia tavoitteita hiihtoon ei en\u00e4\u00e4 olekaan.\n    <\/p>\n<p class=\"article__paragraph\">\n      Kev\u00e4\u00e4ll\u00e4 h\u00e4n p\u00e4\u00e4tti osallistua Terwamaratonille ja juoksi naisten yleisen sarjan ylivoimaiseen voittoon, ajalla 1.21.05. Levill\u00e4 syyskuussa j\u00e4rjestetyss\u00e4 Ruskamaratonissa h\u00e4n juoksi reilut 21 kilometri\u00e4 ajassa 1.21.44.\n    <\/p>\n<p class=\"article__paragraph\">\n      \u2013\u202fLevill\u00e4 reitti oli kovempi, pid\u00e4n sit\u00e4 kovempana tuloksena. Oli ihan hitonmoinen yll\u00e4tys, ett\u00e4 se meni niin hyvin.\n    <\/p>\n<p class=\"article__paragraph\">\n      Levin kisaa varten Lassila teki itselleen kuuden viikon harjoitusohjelman ja treenasi systemaattisesti. Tavoitteena ei ollut voitto, vaan mahdollisimman hyv\u00e4 suoritus.\n    <\/p>\n<p class=\"article__paragraph\">\n      Ensi kes\u00e4n\u00e4 h\u00e4n haluaa juosta my\u00f6s, mutta samalla asenteella. Kisat eiv\u00e4t saa sotkea muita suunnitelmia. Urheilu ei tule en\u00e4\u00e4 ensimm\u00e4isen\u00e4.\n    <\/p>\n<p class=\"article__paragraph\">\n      \u2013\u202fOlen toisella puolella nyt, auttamassa muita.\n    <\/p>\n<p>    <img decoding=\"async\" class=\"responsive-image article__image-image lozad\"   src=\"https:\/\/www.europesays.com\/fi\/wp-content\/uploads\/2025\/12\/OGOsRT14RSCd9ys4CPhE-gLcbAprrLHmCcM6epm1xCG_JRb9-LEIU3Y0pcg-oDp6jdDSpxs65IThWYN0uiNjz_R_2FJDjCNCvcYF.jpeg\" alt=\"Lassila ulkoilee Ibran kanssa sen mukaan, miten koiravanhus jaksaa. Silloin kun h\u00e4n l\u00e4htee tunturiin 4\u20135 tunnin mittaisille lenkeilleen, koira j\u00e4\u00e4 suosiolla kotiin.\"\/><\/p>\n<p>\n                Lassila ulkoilee Ibran kanssa sen mukaan, miten koiravanhus jaksaa. Silloin kun h\u00e4n l\u00e4htee tunturiin 4\u20135 tunnin mittaisille lenkeilleen, koira j\u00e4\u00e4 suosiolla kotiin.\n              <\/p>\n<p>\n                Kuva: Jussi Leinonen\n              <\/p>\n<p class=\"article__paragraph\">\n      P\u00e4\u00e4ty\u00f6n\u00e4\u00e4n Lassila vet\u00e4\u00e4 et\u00e4n\u00e4 j\u00e4rjestett\u00e4vi\u00e4 hiihtovalmennuksia kuntohiiht\u00e4jille yhdess\u00e4 Lasse Sepp\u00e4sen ja Toni Roposen kanssa perustamassaan yrityksess\u00e4.\n    <\/p>\n<p class=\"article__paragraph\">\n      Leville muutettuaan h\u00e4n on my\u00f6s alkanut antaa yksityisi\u00e4 hiihtotunteja ja vet\u00e4\u00e4 treenej\u00e4 kuntoporukoille. Kyselyj\u00e4 on tullut joka p\u00e4iv\u00e4, ja siit\u00e4 h\u00e4n on iloinen.\n    <\/p>\n<p class=\"article__paragraph\">\n      \u2013\u202fOn ihanaa saada opettaa ihmisille hiihtoa ja olla keskell\u00e4 luontoa.\u202fOlen ylpe\u00e4 itsest\u00e4ni ja siit\u00e4, ett\u00e4 kun avaan siipeni, ne kantavat. En olisi sit\u00e4 aina uskonut.\n    <\/p>\n<p class=\"article__paragraph\">\n      Lassila on kertonut el\u00e4m\u00e4st\u00e4\u00e4n my\u00f6s sosiaalisessa mediassa. H\u00e4n ei jaa kaikkea, mutta jakamansa asiat h\u00e4n on halunnut kertoa omana itsen\u00e4\u00e4n, niin kuin on ne kokenut.\n    <\/p>\n<p class=\"article__paragraph\">\n      H\u00e4n on saanut kannustusta ja tukea ja paljon viestej\u00e4 ihmisilt\u00e4, jotka ovat olleet el\u00e4m\u00e4ss\u00e4\u00e4n samassa pisteess\u00e4.\n    <\/p>\n<p class=\"article__paragraph\">\n      \u2013\u202fOlen huomannut, ett\u00e4 monet ovat n\u00e4iden asioiden kanssa hyvin yksin. Ajattelen, ett\u00e4 kannattaa uskoa tulevaan, vaikka el\u00e4m\u00e4 kuinka s\u00e4rkyy. Uskon, ett\u00e4 aina on toivoa ja meit\u00e4 varten jotain viel\u00e4 tulossa.\n    <\/p>\n<p class=\"article__paragraph\">\n      Muutamaa p\u00e4iv\u00e4\u00e4 aikaisemmin, kun Lassila oli ajelemassa Haukiputaalle vanhempiaan tapaamaan, h\u00e4n pys\u00e4htyi menomatkalla Rovaniemen Prisman kahvilassa ja huomasi yht\u00e4kki\u00e4 jonkun tuntemattoman ihmisen hymyilev\u00e4n h\u00e4nelle.\n    <\/p>\n<p class=\"article__paragraph\">\n      \u2013\u202fKun h\u00e4n huomasi, ett\u00e4 n\u00e4in h\u00e4nen hymyns\u00e4, h\u00e4n tuli kysym\u00e4\u00e4n, ett\u00e4 viel\u00e4k\u00f6 suksi luistaa. Ennen kuljin laput silmill\u00e4 enk\u00e4 olisi huomannut sit\u00e4 hymy\u00e4.\n    <\/p>\n","protected":false},"excerpt":{"rendered":"Tiivistelm\u00e4 Entinen huippuhiiht\u00e4j\u00e4 Riitta-Liisa Lassila on rakentanut uutta el\u00e4m\u00e4\u00e4 Levill\u00e4 avioeron ja Haukiputaalta muuton j\u00e4lkeen. Kuluneen vuoden aikana&hellip;\n","protected":false},"author":2,"featured_media":126026,"comment_status":"","ping_status":"","sticky":false,"template":"","format":"standard","meta":{"footnotes":""},"categories":[158],"tags":[33,31,30,159,32,160],"class_list":{"0":"post-126025","1":"post","2":"type-post","3":"status-publish","4":"format-standard","5":"has-post-thumbnail","7":"category-urheilu","8":"tag-fi","9":"tag-finland","10":"tag-finnish","11":"tag-sports","12":"tag-suomi","13":"tag-urheilu"},"share_on_mastodon":{"url":"https:\/\/pubeurope.com\/@fi\/115784193683268160","error":""},"_links":{"self":[{"href":"https:\/\/www.europesays.com\/fi\/wp-json\/wp\/v2\/posts\/126025","targetHints":{"allow":["GET"]}}],"collection":[{"href":"https:\/\/www.europesays.com\/fi\/wp-json\/wp\/v2\/posts"}],"about":[{"href":"https:\/\/www.europesays.com\/fi\/wp-json\/wp\/v2\/types\/post"}],"author":[{"embeddable":true,"href":"https:\/\/www.europesays.com\/fi\/wp-json\/wp\/v2\/users\/2"}],"replies":[{"embeddable":true,"href":"https:\/\/www.europesays.com\/fi\/wp-json\/wp\/v2\/comments?post=126025"}],"version-history":[{"count":0,"href":"https:\/\/www.europesays.com\/fi\/wp-json\/wp\/v2\/posts\/126025\/revisions"}],"wp:featuredmedia":[{"embeddable":true,"href":"https:\/\/www.europesays.com\/fi\/wp-json\/wp\/v2\/media\/126026"}],"wp:attachment":[{"href":"https:\/\/www.europesays.com\/fi\/wp-json\/wp\/v2\/media?parent=126025"}],"wp:term":[{"taxonomy":"category","embeddable":true,"href":"https:\/\/www.europesays.com\/fi\/wp-json\/wp\/v2\/categories?post=126025"},{"taxonomy":"post_tag","embeddable":true,"href":"https:\/\/www.europesays.com\/fi\/wp-json\/wp\/v2\/tags?post=126025"}],"curies":[{"name":"wp","href":"https:\/\/api.w.org\/{rel}","templated":true}]}}