{"id":12603,"date":"2025-08-22T00:17:11","date_gmt":"2025-08-22T00:17:11","guid":{"rendered":"https:\/\/www.europesays.com\/fi\/12603\/"},"modified":"2025-08-22T00:17:11","modified_gmt":"2025-08-22T00:17:11","slug":"mikko-kekalainen-pyorsi-paatoksensa","status":"publish","type":"post","link":"https:\/\/www.europesays.com\/fi\/12603\/","title":{"rendered":"Mikko Kek\u00e4l\u00e4inen py\u00f6rsi p\u00e4\u00e4t\u00f6ksens\u00e4"},"content":{"rendered":"<p>            ATTE KAJOVA\n        <\/p>\n<p class=\"subtitle \">Mikko on oppinut, ettei ikin\u00e4 kannattaisi sanoa &#8221;ei koskaan&#8221;.<\/p>\n<p class=\"article-content article-content-width !bg-background\">Toimittaja , 48, on ty\u00f6ns\u00e4 puolesta tuttu l\u00e4hes kaikille suomalaisille. H\u00e4n juontaa Ylen Puoli seitsem\u00e4n -ohjelmaa yhdess\u00e4  kanssa.\u00a0<\/p>\n<p class=\"article-content article-content-width !bg-background\">Viime vuosina Mikko on alkanut kasvattamaan repertuaariaan my\u00f6s asiaohjelmien ulkopuolelle. 2024 h\u00e4n kisaili Amazing Race -seikkailurealityss\u00e4 kummit\u00e4tins\u00e4  kanssa. Parin kilpa p\u00e4\u00e4ttyi keskeytykseen Mervin jalkavaivojen takia. T\u00e4n\u00e4 syksyn\u00e4 Mikko n\u00e4hd\u00e4\u00e4n j\u00e4lleen tosi-televisiossa, sill\u00e4 h\u00e4n on yksi Erikoisjoukot -ohjelman kuudestatoista kokelaasta.\u00a0<\/p>\n<p>        <a itemprop=\"url\" href=\"https:\/\/www.seiska.fi\/katso\/ella-kanninen-ihmetteli-juontajakollegansa-katoamista-syy-selvisi\/1892359\" rel=\"nofollow noopener\" target=\"_blank\"><\/p>\n<p>\nMikko Kek\u00e4l\u00e4isen\n<\/p>\n<p class=\"section-date\">\n        <strong class=\"article-section\" data-section=\"katso\"><br \/>\n            katso<br \/>\n        <\/strong><br \/>\n        7.8. 09:16\n    <\/p>\n<p>    Ella Kanninen ihmetteli juontajakollegansa katoamista \u2013 syy selvisi<\/p>\n<p itemprop=\"description\" class=\"subtitle \">\n    Mikko Kek\u00e4l\u00e4inen paljasti yll\u00e4tysuutisen Instagramissa.\n<\/p>\n<p>        <\/a><\/p>\n<p>Hyv\u00e4, muttei mukava\u00a0<\/p>\n<p class=\"article-content article-content-width !bg-background\">Mikko toteaa ohjelman mediatilaisuudessa vannoneensa, ettei ikin\u00e4 l\u00e4htisi ohjelmaan mukaan. Kutsun k\u00e4ydess\u00e4 mieli kuitenkin muuttui nopeasti.\u00a0<\/p>\n<p class=\"article-content article-content-width !bg-background\">\u2013 Ei ollut erityisen kivaa, se ei j\u00e4\u00e4nyt p\u00e4\u00e4llimm\u00e4isen\u00e4 mieleen. Kokemus oli kuitenkin hyv\u00e4, Mikko pohdiskelee.<\/p>\n<p>        <a itemprop=\"url\" href=\"https:\/\/www.seiska.fi\/katso\/mikko-kekalainen-yritti-lopettaa-pinttyneen-tapansa-nain-kavi\/1833472\" rel=\"nofollow noopener\" target=\"_blank\"><\/p>\n<p>\nMikko Kek\u00e4l\u00e4inen\n<\/p>\n<p class=\"section-date\">\n        <strong class=\"article-section\" data-section=\"katso\"><br \/>\n            katso<br \/>\n        <\/strong><br \/>\n        11.6. 12:15\n    <\/p>\n<p>    Mikko Kek\u00e4l\u00e4inen yritti lopettaa pinttyneen tapansa \u2013 n\u00e4in k\u00e4vi<\/p>\n<p itemprop=\"description\" class=\"subtitle \">\n    Suosikkijuontaja teki p\u00e4\u00e4t\u00f6ksen huolellisen harkinnan tuloksena.\n<\/p>\n<p>        <\/a><\/p>\n<p class=\"article-content article-content-width !bg-background\">\u2013 Ikin\u00e4 ei pit\u00e4isi sanoa ei koskaan. T\u00e4m\u00e4 alkoi tuntua hyv\u00e4lt\u00e4 ajatukselta heti kun kysyttiin mukaan, ett\u00e4 kyll\u00e4h\u00e4n min\u00e4 siell\u00e4 varmaan p\u00e4rj\u00e4\u00e4n, h\u00e4n nauraa.<\/p>\n<p>Yll\u00e4tt\u00e4v\u00e4 yst\u00e4v\u00e4<\/p>\n<p class=\"article-content article-content-width !bg-background\">Erikoisjoukot ei ole ensimm\u00e4inen asia, jolle Mikko on sanonut ehdottomasti ei vain py\u00f6rt\u00e4\u00e4kseen p\u00e4\u00e4t\u00f6ksens\u00e4 my\u00f6hemmin. Mikko ei miss\u00e4\u00e4n nimess\u00e4 halunnut koiraa. Nyt sellainen Kek\u00e4l\u00e4isten perheest\u00e4 kuitenkin l\u00f6ytyy. Ja kenet karvaturri onkaan ihmisekseen valinnut?<\/p>\n<p class=\"article-content article-content-width !bg-background\">\u2013 Perhe sanoo, ett\u00e4 kyll\u00e4h\u00e4n se vissiin minun koirani on, Mikko my\u00f6nt\u00e4\u00e4.\u00a0<\/p>\n<p>                <img decoding=\"async\" src=\"https:\/\/www.europesays.com\/fi\/wp-content\/uploads\/2025\/08\/1906150.webp\" width=\"576\" height=\"720\" alt=\"Mikon koira on lagotto. Rotu valikoitui sen perusteella, ett\u00e4 se sopii usein my\u00f6s allergikoille.\" loading=\"lazy\" \/>            <\/p>\n<p>\n            Mikon koira on lagotto. Rotu valikoitui sen perusteella, ett\u00e4 se sopii usein my\u00f6s allergikoille.<br \/>\n            ATTE KAJOVA\n        <\/p>\n<p class=\"article-content article-content-width !bg-background\">\u2013 N\u00e4in siin\u00e4 sitten k\u00e4vi. P\u00e4ivitt\u00e4in sanon sille, etten ole yht\u00e4\u00e4n koira-ihminen, enk\u00e4 tykk\u00e4\u00e4 koirista, mutta aika l\u00e4llytt\u00e4v\u00e4ll\u00e4 \u00e4\u00e4nell\u00e4, h\u00e4n jatkaa hymyillen.<\/p>\n<p>Karvainen unikaveri<\/p>\n<p class=\"article-content article-content-width !bg-background\">Mikon lagotto-rotuisen hurtan nimi on\u00a0. Sen keksi kukapa muukaan kuin Mikko. Nykyisin kaksikko tekee l\u00e4hes kaiken yhdess\u00e4.\u00a0<\/p>\n<p>        <a itemprop=\"url\" href=\"https:\/\/www.seiska.fi\/kotimaa\/podcast-mikko-kekalaisen-kristiina-vaimolta-raju-avautuminen-terveydestaan\/1709834\" rel=\"nofollow noopener\" target=\"_blank\"><\/p>\n<p>\nMikko Kek\u00e4l\u00e4isen Kristiina-vaimo podcastissa:\n<\/p>\n<p class=\"section-date\">\n        <strong class=\"article-section\" data-section=\"kotimaa\"><br \/>\n            kotimaa<br \/>\n        <\/strong><br \/>\n        22.5. 07:30\n    <\/p>\n<p>    Podcast: Mikko Kek\u00e4l\u00e4isen Kristiina-vaimolta raju avautuminen terveydest\u00e4\u00e4n<\/p>\n<p itemprop=\"description\" class=\"subtitle \">\n    Mikko kuvailee vuosien takaisia aikoja pimeiksi.\n<\/p>\n<p>        <\/a><\/p>\n<p class=\"article-content article-content-width !bg-background\">\u2013 Kajo on seurallinen ja haluaa olla kaikessa mukana. Ennen koiraa ajattelin, ettei se saisi tulla s\u00e4nkyyn nukkumaan. Pentuna se ei osannut hyp\u00e4t\u00e4 pedille, mutta sen opittuaan se on nukkunut v\u00e4liss\u00e4mme joka y\u00f6, Mikko kertoo.<\/p>\n<p class=\"article-content article-content-width !bg-background\">\u2013 Olen ajatellut, ett\u00e4 jos koira ei nuku y\u00f6ll\u00e4 vieress\u00e4, niin siit\u00e4h\u00e4n menee tavallaan puolet hukkaan, juontaja nauraa.<\/p>\n","protected":false},"excerpt":{"rendered":"ATTE KAJOVA Mikko on oppinut, ettei ikin\u00e4 kannattaisi sanoa &#8221;ei koskaan&#8221;. Toimittaja , 48, on ty\u00f6ns\u00e4 puolesta tuttu&hellip;\n","protected":false},"author":2,"featured_media":12604,"comment_status":"","ping_status":"","sticky":false,"template":"","format":"standard","meta":{"footnotes":""},"categories":[136],"tags":[407,137,2159,33,31,30,408,3434,4632,5314,98,32,109,1149,5315],"class_list":{"0":"post-12603","1":"post","2":"type-post","3":"status-publish","4":"format-standard","5":"has-post-thumbnail","7":"category-julkkikset","8":"tag-celebrities","9":"tag-entertainment","10":"tag-erikoisjoukot","11":"tag-fi","12":"tag-finland","13":"tag-finnish","14":"tag-julkkikset","15":"tag-koira","16":"tag-lemmikit","17":"tag-mikko-kekalainen","18":"tag-perhe","19":"tag-suomi","20":"tag-viihde","21":"tag-yle","22":"tag-ystava"},"share_on_mastodon":{"url":"","error":""},"_links":{"self":[{"href":"https:\/\/www.europesays.com\/fi\/wp-json\/wp\/v2\/posts\/12603","targetHints":{"allow":["GET"]}}],"collection":[{"href":"https:\/\/www.europesays.com\/fi\/wp-json\/wp\/v2\/posts"}],"about":[{"href":"https:\/\/www.europesays.com\/fi\/wp-json\/wp\/v2\/types\/post"}],"author":[{"embeddable":true,"href":"https:\/\/www.europesays.com\/fi\/wp-json\/wp\/v2\/users\/2"}],"replies":[{"embeddable":true,"href":"https:\/\/www.europesays.com\/fi\/wp-json\/wp\/v2\/comments?post=12603"}],"version-history":[{"count":0,"href":"https:\/\/www.europesays.com\/fi\/wp-json\/wp\/v2\/posts\/12603\/revisions"}],"wp:featuredmedia":[{"embeddable":true,"href":"https:\/\/www.europesays.com\/fi\/wp-json\/wp\/v2\/media\/12604"}],"wp:attachment":[{"href":"https:\/\/www.europesays.com\/fi\/wp-json\/wp\/v2\/media?parent=12603"}],"wp:term":[{"taxonomy":"category","embeddable":true,"href":"https:\/\/www.europesays.com\/fi\/wp-json\/wp\/v2\/categories?post=12603"},{"taxonomy":"post_tag","embeddable":true,"href":"https:\/\/www.europesays.com\/fi\/wp-json\/wp\/v2\/tags?post=12603"}],"curies":[{"name":"wp","href":"https:\/\/api.w.org\/{rel}","templated":true}]}}