{"id":126036,"date":"2025-12-26T05:32:07","date_gmt":"2025-12-26T05:32:07","guid":{"rendered":"https:\/\/www.europesays.com\/fi\/126036\/"},"modified":"2025-12-26T05:32:07","modified_gmt":"2025-12-26T05:32:07","slug":"venaja-hukkasi-juri-gagarinin-aikaisen-kyvyn-nyt-asiantuntija-povaa-lisaa-tappioita-avaruudessa-ulkomaat","status":"publish","type":"post","link":"https:\/\/www.europesays.com\/fi\/126036\/","title":{"rendered":"Ven\u00e4j\u00e4 hukkasi Juri Gagarinin aikaisen kyvyn \u2013 nyt asiantuntija povaa lis\u00e4\u00e4 tappioita avaruudessa | Ulkomaat"},"content":{"rendered":"<p class=\"aw-1gybjub aw-1p7kakr kEtdKx cEmitX yle__article__paragraph\">1957: Neuvostoliitto l\u00e4hett\u00e4\u00e4 avaruuteen maailman ensimm\u00e4isen satelliitin Sputnikin.<\/p>\n<p class=\"aw-1gybjub aw-1p7kakr kEtdKx cEmitX yle__article__paragraph\">1961: Juri Gagarinista tulee ensimm\u00e4inen ihminen avaruudessa.<\/p>\n<p class=\"aw-1gybjub aw-1p7kakr kEtdKx cEmitX yle__article__paragraph\">1963: Valentina Tere\u0161kovasta tulee ensimm\u00e4inen nainen avaruudessa.<\/p>\n<p class=\"aw-1gybjub aw-1p7kakr kEtdKx cEmitX yle__article__paragraph\">1965: Aleksei Leonov suorittaa historian ensimm\u00e4isen avaruusk\u00e4velyn.<\/p>\n<p class=\"aw-1gybjub aw-1p7kakr kEtdKx cEmitX yle__article__paragraph\">1970: Neuvostoliitto onnistuu ensimm\u00e4ist\u00e4 kertaa laskeutumaan toiselle planeetalle, kun Venera 7 -luotain saavuttaa Venuksen pinnan. 1980-luvulle jatkunut Venus-ohjelma saavuttaa useita kunnianhimoisia tavoitteitaan.<\/p>\n<p class=\"aw-1gybjub aw-1p7kakr kEtdKx cEmitX yle__article__paragraph\">1971: Saljut 1:st\u00e4 tulee maailman ensimm\u00e4inen avaruusasema.<\/p>\n<p class=\"aw-1gybjub aw-1p7kakr kEtdKx cEmitX yle__article__paragraph\">\u2014<\/p>\n<p class=\"aw-1gybjub aw-1p7kakr kEtdKx cEmitX yle__article__paragraph\">1997: Mir-avaruusasemalla riehuu vakava tulipalo. Aseman viimeisi\u00e4 vuosia varjostavat toistuvat tekniset viat.<\/p>\n<p class=\"aw-1gybjub aw-1p7kakr kEtdKx cEmitX yle__article__paragraph\">2018: Sojuz-raketin miehitetty lento ep\u00e4onnistuu, miehist\u00f6 pelastuu h\u00e4t\u00e4kapselilla.<\/p>\n<p class=\"aw-1gybjub aw-1p7kakr kEtdKx cEmitX yle__article__paragraph\">2010\u201320-luvut \u2013 Ven\u00e4j\u00e4n Vostot\u0161nyin avaruuskeskuksen rakennust\u00f6iss\u00e4 ilmenee valtavia ongelmia viiv\u00e4stysten, kulujen ylitysten ja laajan korruption takia. Keskus ei ole pystynyt lunastamaan sille annettuja tavoitteita, kuten laukaisemaan miehitettyj\u00e4 avaruuslentoja.<\/p>\n<p class=\"aw-1gybjub aw-1p7kakr kEtdKx cEmitX yle__article__paragraph\">2022: Kansainv\u00e4liseen avaruusasemaan telakoitunut Sojuz-alus k\u00e4rsii vuodon ja se joudutaan poistamaan miehist\u00f6k\u00e4yt\u00f6st\u00e4.<\/p>\n<p class=\"aw-1gybjub aw-1p7kakr kEtdKx cEmitX yle__article__paragraph\">2023: Ven\u00e4j\u00e4n kunnianhimoisin avaruustiedehanke vuosikymmeniin ep\u00e4onnistuu, kun Luna-25-luotain t\u00f6rm\u00e4\u00e4 Kuuhun ja tuhoutuu ennen laskeutumista.<\/p>\n","protected":false},"excerpt":{"rendered":"1957: Neuvostoliitto l\u00e4hett\u00e4\u00e4 avaruuteen maailman ensimm\u00e4isen satelliitin Sputnikin. 1961: Juri Gagarinista tulee ensimm\u00e4inen ihminen avaruudessa. 1963: Valentina Tere\u0161kovasta&hellip;\n","protected":false},"author":2,"featured_media":126037,"comment_status":"","ping_status":"","sticky":false,"template":"","format":"standard","meta":{"footnotes":""},"categories":[114],"tags":[1497,453,1124,1323,1087,1205,22425,33,31,30,1327,118,452,32,119,56,547,22426,22427],"class_list":{"0":"post-126036","1":"post","2":"type-post","3":"status-publish","4":"format-standard","5":"has-post-thumbnail","7":"category-avaruus","8":"tag-astronautit","9":"tag-avaruus","10":"tag-avaruusalukset","11":"tag-avaruusasemat","12":"tag-avaruusliikenne","13":"tag-avaruusohjelmat","14":"tag-baikonur","15":"tag-fi","16":"tag-finland","17":"tag-finnish","18":"tag-kansainvalinen-avaruusasema","19":"tag-science","20":"tag-space","21":"tag-suomi","22":"tag-tiede","23":"tag-ulkomaat","24":"tag-venaja","25":"tag-venajan-avaruusjarjesto","26":"tag-venajan-avaruusohjelma"},"share_on_mastodon":{"url":"https:\/\/pubeurope.com\/@fi\/115784236630755270","error":""},"_links":{"self":[{"href":"https:\/\/www.europesays.com\/fi\/wp-json\/wp\/v2\/posts\/126036","targetHints":{"allow":["GET"]}}],"collection":[{"href":"https:\/\/www.europesays.com\/fi\/wp-json\/wp\/v2\/posts"}],"about":[{"href":"https:\/\/www.europesays.com\/fi\/wp-json\/wp\/v2\/types\/post"}],"author":[{"embeddable":true,"href":"https:\/\/www.europesays.com\/fi\/wp-json\/wp\/v2\/users\/2"}],"replies":[{"embeddable":true,"href":"https:\/\/www.europesays.com\/fi\/wp-json\/wp\/v2\/comments?post=126036"}],"version-history":[{"count":0,"href":"https:\/\/www.europesays.com\/fi\/wp-json\/wp\/v2\/posts\/126036\/revisions"}],"wp:featuredmedia":[{"embeddable":true,"href":"https:\/\/www.europesays.com\/fi\/wp-json\/wp\/v2\/media\/126037"}],"wp:attachment":[{"href":"https:\/\/www.europesays.com\/fi\/wp-json\/wp\/v2\/media?parent=126036"}],"wp:term":[{"taxonomy":"category","embeddable":true,"href":"https:\/\/www.europesays.com\/fi\/wp-json\/wp\/v2\/categories?post=126036"},{"taxonomy":"post_tag","embeddable":true,"href":"https:\/\/www.europesays.com\/fi\/wp-json\/wp\/v2\/tags?post=126036"}],"curies":[{"name":"wp","href":"https:\/\/api.w.org\/{rel}","templated":true}]}}