{"id":126049,"date":"2025-12-26T05:54:08","date_gmt":"2025-12-26T05:54:08","guid":{"rendered":"https:\/\/www.europesays.com\/fi\/126049\/"},"modified":"2025-12-26T05:54:08","modified_gmt":"2025-12-26T05:54:08","slug":"teinipojat-poseerasivat-musiikkivideolla-oikean-aseen-kanssa-ehdollista-vankeutta","status":"publish","type":"post","link":"https:\/\/www.europesays.com\/fi\/126049\/","title":{"rendered":"Teinipojat poseerasivat musiikkivideolla oikean aseen kanssa: Ehdollista vankeutta"},"content":{"rendered":"<p>Tuomiot|Kolme poikaa tuomittiin ehdolliseen vankeuteen sen j\u00e4lkeen, kun n\u00e4m\u00e4 olivat kuvanneet alaik\u00e4isin\u00e4 musiikkivideon, jonka rekvisiittana oli oikea ase.<\/p>\n<p>Lue tiivistelm\u00e4<\/p>\n<p class=\"article-body mb-nof-24 px-nof-16 sndp-summary-bullet-point-font\">Kolme tapahtuma-aikaan alaik\u00e4ist\u00e4 poikaa tuomittiin ehdolliseen vankeuteen sen j\u00e4lkeen, kun he kuvasivat musiikkivideon toimintakuntoisella aseella helmikuussa 2024.<\/p>\n<p class=\"article-body mb-nof-24 px-nof-16 sndp-summary-bullet-point-font\">K\u00e4r\u00e4j\u00e4oikeus katsoi poikien syyllistyneen t\u00f6rke\u00e4\u00e4n ampuma-aserikokseen, vaikka he v\u00e4ittiv\u00e4t, etteiv\u00e4t tienneet aseen olevan toimiva.<\/p>\n<p class=\"article-body mb-nof-24 px-nof-16 sndp-summary-bullet-point-font\">Rangaistukset vaihtelivat kolmesta kuuteen kuukauteen ehdollista vankeutta, ja yksi pojista sai lis\u00e4ksi vuoden ja kolmen kuukauden valvonnan.<\/p>\n<p class=\"article-body mb-nof-24 px-nof-16\">Kolme tapahtuma-aikaan alaik\u00e4ist\u00e4 poikaa p\u00e4\u00e4tti kuvata musiikkivideon helmikuussa 2024. Musiikkivideon rekvisiittana oli toimintakuntoinen ase.<\/p>\n<p class=\"article-body mb-nof-24 px-nof-16\">Videolla pojat ovat kolmistaan rappuk\u00e4yt\u00e4v\u00e4ss\u00e4. Yksi pojista tekee ampuma-ase k\u00e4dess\u00e4\u00e4n tanssiliikkeit\u00e4 musiikin tahdissa, oikeuden asiakirjoissa kuvaillaan. Videolla my\u00f6s esitet\u00e4\u00e4n, ett\u00e4 yht\u00e4 pojista ammutaan p\u00e4\u00e4h\u00e4n.<\/p>\n<p class=\"article-body mb-nof-24 px-nof-16\">Ase oli syytt\u00e4j\u00e4n mukaan itselataava kertatuliase, jolla voi laukaista yli 21 patruunaa uudelleenlatausta. Asetta oli muokattu lis\u00e4\u00e4m\u00e4ll\u00e4 siihen 30 patruunan lipas.<\/p>\n<p class=\"article-body mb-nof-24 px-nof-16\">Pojat kiistiv\u00e4t syyllistyneens\u00e4 t\u00f6rke\u00e4\u00e4n ampuma-aserikokseen, josta syytt\u00e4j\u00e4 haki kolmikolle tuomiota. Pojat eiv\u00e4t omien sanojensa mukaan tienneet aseen olevan toimintakuntoinen.<\/p>\n<p class=\"article-body mb-nof-24 px-nof-16\">Oikeus katsoi, ett\u00e4 kolmikko oli toiminut yhteisymm\u00e4rryksess\u00e4. Videolla ase on my\u00f6s vuorotellen jokaisen k\u00e4dess\u00e4. Poliisi oli my\u00f6s videon perusteella arvioinut, ett\u00e4 ase on toimiva. Videolla n\u00e4kyy tyhj\u00e4 laukaus.<\/p>\n<p class=\"article-body mb-nof-24 px-nof-16\">K\u00e4r\u00e4j\u00e4oikeus piti lievent\u00e4v\u00e4n\u00e4 asianhaarana, ettei asetta yritetty k\u00e4ytt\u00e4\u00e4 kenenk\u00e4\u00e4n vahingoittamiseen tai rikoksen tekemiseen. Toisaalta aseen kanssa heiluttiin rappuk\u00e4yt\u00e4v\u00e4ss\u00e4 ja sit\u00e4 k\u00e4siteltiin oikeuden mukaan varomattomasti.<\/p>\n<p class=\"article-body mb-nof-24 px-nof-16\">Kell\u00e4\u00e4n kolmesta syytetyst\u00e4 ei ollut aiempia tuomioita, mutta he olivat niin sanotusti poliisille tuttuja.<\/p>\n<p class=\"article-body mb-nof-24 px-nof-16\">V\u00e4hiten videolla asetta k\u00e4sitellyt vuonna 2007 syntynyt poika tuomittiin nuorena henkil\u00f6n\u00e4 tehdyst\u00e4 t\u00f6rke\u00e4st\u00e4 ampuma-aserikoksesta kolmen kuukauden ehdolliseen vankeuteen. Samana vuonna syntynyt, enemm\u00e4n asetta esitellyt poika sai samasta rikoksesta viiden kuukauden ehdollisen vankeusrangaistuksen.<\/p>\n<p class=\"article-body mb-nof-24 px-nof-16\">Vuonna 2007 syntynyt poika tuomittiin nuorena henkil\u00f6n\u00e4 tehdyn t\u00f6rke\u00e4n ampuma-aserikoksen lis\u00e4ksi samana vuonna tapahtuneesta nuorena henkil\u00f6n\u00e4 tehdyst\u00e4 ampuma-aserikoksesta. Poliisi l\u00f6ysi pojan repusta kaksi asetta. Poika yritti piilottaa aseet heitt\u00e4m\u00e4ll\u00e4 repun parvekkeelta alas.<\/p>\n<p class=\"article-body mb-nof-24 px-nof-16\">H\u00e4net tuomittiin kuuden kuukauden ehdolliseen vankeuteen ja vuoden ja kolmen kuukauden valvontaan.<\/p>\n<p class=\"article-body mb-nof-24 px-nof-16\">Asiaa k\u00e4siteltiin yhden nuoren osalta my\u00f6s hovioikeudessa, joka ei muuttanut k\u00e4r\u00e4j\u00e4oikeuden ratkaisua.<\/p>\n","protected":false},"excerpt":{"rendered":"Tuomiot|Kolme poikaa tuomittiin ehdolliseen vankeuteen sen j\u00e4lkeen, kun n\u00e4m\u00e4 olivat kuvanneet alaik\u00e4isin\u00e4 musiikkivideon, jonka rekvisiittana oli oikea ase.&hellip;\n","protected":false},"author":2,"featured_media":96697,"comment_status":"","ping_status":"","sticky":false,"template":"","format":"standard","meta":{"footnotes":""},"categories":[5],"tags":[22,23,26,27,33,31,30,17,46,24,25,28,29,15,18,21,32,19,20,16],"class_list":{"0":"post-126049","1":"post","2":"type-post","3":"status-publish","4":"format-standard","5":"has-post-thumbnail","7":"category-otsikot","8":"tag-breaking-news","9":"tag-breakingnews","10":"tag-featured-news","11":"tag-featurednews","12":"tag-fi","13":"tag-finland","14":"tag-finnish","15":"tag-headlines","16":"tag-helsingin-sanomat","17":"tag-latest-news","18":"tag-latestnews","19":"tag-main-news","20":"tag-mainnews","21":"tag-news","22":"tag-otsikot","23":"tag-paauutiset","24":"tag-suomi","25":"tag-top-stories","26":"tag-topstories","27":"tag-uutiset"},"share_on_mastodon":{"url":"https:\/\/pubeurope.com\/@fi\/115784323124834070","error":""},"_links":{"self":[{"href":"https:\/\/www.europesays.com\/fi\/wp-json\/wp\/v2\/posts\/126049","targetHints":{"allow":["GET"]}}],"collection":[{"href":"https:\/\/www.europesays.com\/fi\/wp-json\/wp\/v2\/posts"}],"about":[{"href":"https:\/\/www.europesays.com\/fi\/wp-json\/wp\/v2\/types\/post"}],"author":[{"embeddable":true,"href":"https:\/\/www.europesays.com\/fi\/wp-json\/wp\/v2\/users\/2"}],"replies":[{"embeddable":true,"href":"https:\/\/www.europesays.com\/fi\/wp-json\/wp\/v2\/comments?post=126049"}],"version-history":[{"count":0,"href":"https:\/\/www.europesays.com\/fi\/wp-json\/wp\/v2\/posts\/126049\/revisions"}],"wp:featuredmedia":[{"embeddable":true,"href":"https:\/\/www.europesays.com\/fi\/wp-json\/wp\/v2\/media\/96697"}],"wp:attachment":[{"href":"https:\/\/www.europesays.com\/fi\/wp-json\/wp\/v2\/media?parent=126049"}],"wp:term":[{"taxonomy":"category","embeddable":true,"href":"https:\/\/www.europesays.com\/fi\/wp-json\/wp\/v2\/categories?post=126049"},{"taxonomy":"post_tag","embeddable":true,"href":"https:\/\/www.europesays.com\/fi\/wp-json\/wp\/v2\/tags?post=126049"}],"curies":[{"name":"wp","href":"https:\/\/api.w.org\/{rel}","templated":true}]}}