{"id":126051,"date":"2025-12-26T06:06:16","date_gmt":"2025-12-26T06:06:16","guid":{"rendered":"https:\/\/www.europesays.com\/fi\/126051\/"},"modified":"2025-12-26T06:06:16","modified_gmt":"2025-12-26T06:06:16","slug":"nama-julkkiserot-kohauttivat-vuonna-2025","status":"publish","type":"post","link":"https:\/\/www.europesays.com\/fi\/126051\/","title":{"rendered":"N\u00e4m\u00e4 julkkiserot kohauttivat vuonna 2025"},"content":{"rendered":"<p>IS kokosi t\u00e4h\u00e4n artikkeliin pareja, jotka ilmoittivat t\u00e4n\u00e4 vuonna erostaan.<\/p>\n<p class=\"article-body mb-nof-24 px-nof-16\">Vuosi 2025 on pit\u00e4nyt sis\u00e4ll\u00e4\u00e4n niin rakkautta kuin suruakin, eiv\u00e4tk\u00e4 julkkikset ole t\u00e4ll\u00e4 rintamalla poikkeus.<\/p>\n<p class=\"article-body mb-nof-24 px-nof-16\">Monet suomalaiset julkisuuden henkil\u00f6t kertoivat parisuhteidensa p\u00e4\u00e4ttymisest\u00e4 vuonna 2025.<\/p>\n<p class=\"article-body mb-nof-24 px-nof-16\">Ensimm\u00e4iset erot tulivat julki jo tammikuussa. Tuolloin tanssinopettaja <a class=\"article-personlink\" href=\"https:\/\/www.is.fi\/haku\/?query=Anna-Liisa%20%E2%80%9DAnsku%E2%80%9D%20Bergstr%C3%B6m\" rel=\"nofollow noopener\" target=\"_blank\">Anna-Liisa \u201dAnsku\u201d Bergstr\u00f6m<\/a> ja entinen ammattinyrkkeilij\u00e4 <a class=\"article-personlink\" href=\"https:\/\/www.is.fi\/haku\/?query=Elina%20Gustafsson\" rel=\"nofollow noopener\" target=\"_blank\">Elina Gustafsson<\/a> kertoivat, ett\u00e4 yli kolmen vuoden suhde oli tullut p\u00e4\u00e4t\u00f6kseens\u00e4.<\/p>\n<p><img decoding=\"async\" src=\"https:\/\/www.europesays.com\/fi\/wp-content\/uploads\/2025\/12\/1766729170_65_468.jpg\" alt=\"Ansku Bergstr\u00f6m ja Elina Gustafsson jakoivat suhteensa aikana someen paljon sis\u00e4lt\u00f6\u00e4 yhdess\u00e4.\" class=\"_Img_1rerz_1\" style=\"aspect-ratio:0.6666666666666666\" loading=\"eager\"\/><\/p>\n<p class=\"article-picture-caption\">Ansku Bergstr\u00f6m ja Elina Gustafsson jakoivat suhteensa aikana someen paljon sis\u00e4lt\u00f6\u00e4 yhdess\u00e4. Kuva:\u00a0Piia Arnould<\/p>\n<p class=\"article-body mb-nof-24 px-nof-16\">Bergstr\u00f6m ja Gustafsson tutustuivat Tanssii t\u00e4htien kanssa -ohjelmassa vuonna 2021. Kaksikon taival kilpailussa p\u00e4\u00e4ttyi lyhyeen, mutta he tekiv\u00e4t historiaa ohjelman ensimm\u00e4isen\u00e4 samaa sukupuolta olevana parina.<\/p>\n<p class=\"article-body mb-nof-24 px-nof-16\">Kaksikko julkisti suhteensa joulukuussa 2021 yhteiskuvalla. Samalla kaavalla hoitui ilmoitus erosta.<\/p>\n<p class=\"article-body mb-nof-24 px-nof-16\">\u2013 Takana on kaunis yhteinen matka, paljon rakkautta ja seikkailuja. P\u00e4\u00e4t\u00f6kseen ei liity kolmansia osapuolia ja erot tekee aina kipe\u00e4\u00e4, joten toivomme asian suhteen rauhaa, <a class=\"underline underline-offset-[0.12em] [text-decoration-thickness:var(--generic-link-underline-thickness)] [text-decoration-color:var(--generic-link-underline-color)] [text-decoration-skip-ink:var(--generic-link-underline-skip-ink)] break-words\" href=\"https:\/\/www.is.fi\/viihde\/art-2000010969542.html\" rel=\"nofollow noopener\" target=\"_blank\">kirjoitti <\/a>kaksikko erojulkaisussaan tammikuussa.<\/p>\n<p class=\"article-body mb-nof-24 px-nof-16\">Aina liitto ei p\u00e4\u00e4ty mutkitta. Erikoisjoukot-ohjelmasta tutun valmentajan <a class=\"article-personlink\" href=\"https:\/\/www.is.fi\/haku\/?query=Matias%20Pet%C3%A4ist%C3%B6n\" rel=\"nofollow noopener\" target=\"_blank\">Matias Pet\u00e4ist\u00f6n<\/a> puoliso <a class=\"article-personlink\" href=\"https:\/\/www.is.fi\/haku\/?query=Anette%20Pet%C3%A4ist%C3%B6\" rel=\"nofollow noopener\" target=\"_blank\">Anette Pet\u00e4ist\u00f6<\/a> haki avioeroa tammikuussa yksin. Pariskunta piti <a class=\"underline underline-offset-[0.12em] [text-decoration-thickness:var(--generic-link-underline-thickness)] [text-decoration-color:var(--generic-link-underline-color)] [text-decoration-skip-ink:var(--generic-link-underline-skip-ink)] break-words\" href=\"https:\/\/www.seiska.fi\/vain-seiskassa\/erikoisjoukot-matiaksen-erosta-uutta-hammentavaa-tietoa\/1584055\" rel=\"nofollow noopener\" target=\"_blank\">Seiskan <\/a>mukaan yht\u00e4 yli kymmenen vuotta.<\/p>\n<p class=\"article-body mb-nof-24 px-nof-16\">Eroprosessi on ollut pitk\u00e4, sill\u00e4 asia on viel\u00e4kin kesken.<\/p>\n<p class=\"article-body mb-nof-24 px-nof-16\">Alkuper\u00e4isen erohakemuksen yhteydess\u00e4 Anette Pet\u00e4ist\u00f6 pyysi, ett\u00e4 oikeus velvoittaisi Matias Pet\u00e4ist\u00f6n muuttamaan pois parin yhteisest\u00e4 kodista. IS on n\u00e4hnyt asiakirjan. Anette Pet\u00e4ist\u00f6 my\u00f6s perusteli, miksi halusi erota.<\/p>\n<p class=\"article-body mb-nof-24 px-nof-16\">\u2013 Mieheni on l\u00e4hes jatkuvasti pois kotoa, joten mit\u00e4\u00e4n todellista yhteisel\u00e4m\u00e4\u00e4 meill\u00e4 ei ole, h\u00e4n kirjoitti liitteess\u00e4.<\/p>\n<p><img decoding=\"async\" src=\"https:\/\/www.europesays.com\/fi\/wp-content\/uploads\/2025\/12\/1766729171_664_468.jpg\" alt=\"Matias Pet\u00e4ist\u00f6n avioeroasia on ollut vireill\u00e4 tammikuusta asti. Anette Pet\u00e4ist\u00f6n asianajaja kertoi IS:lle marraskuussa, ett\u00e4 omaisuuden jakaminen on aiheuttanut erimielisyyksi\u00e4.\" class=\"_Img_1rerz_1\" style=\"aspect-ratio:1.5\" loading=\"eager\"\/><\/p>\n<p class=\"article-picture-caption\">Matias Pet\u00e4ist\u00f6n avioeroasia on ollut vireill\u00e4 tammikuusta asti. Anette Pet\u00e4ist\u00f6n asianajaja kertoi IS:lle marraskuussa, ett\u00e4 omaisuuden jakaminen on aiheuttanut erimielisyyksi\u00e4. Kuva:\u00a0Outi Pyh\u00e4ranta \/ HS<\/p>\n<p class=\"article-body mb-nof-24 px-nof-16\">Matias Pet\u00e4ist\u00f6 j\u00e4tti toisen vaiheen avioerohakemuksen syyskuussa, mutta Anette Pet\u00e4ist\u00f6\u00e4 ei ole tavoitettu hoitamaan osuuttaan. H\u00e4nen per\u00e4\u00e4ns\u00e4 on l\u00e4hetetty haastemies, jotta prosessi saataisiin loppuun, mutta homma ei etene.<\/p>\n<p class=\"article-body mb-nof-24 px-nof-16\">Anette Pet\u00e4ist\u00f6n asianajaja <a class=\"article-personlink\" href=\"https:\/\/www.is.fi\/haku\/?query=Aarni%20Oksanen\" rel=\"nofollow noopener\" target=\"_blank\">Aarni Oksanen<\/a> kertoi IS:lle marraskuussa, ett\u00e4 parhaillaan k\u00e4yd\u00e4\u00e4n neuvotteluja.<\/p>\n<p class=\"article-body mb-nof-24 px-nof-16\">\u2013 Erilaiset n\u00e4kemykset koskevat t\u00e4ll\u00e4 hetkell\u00e4 p\u00e4\u00e4asiassa avio-oikeuden alaisen omaisuuden arvostusta koskevia kysymyksi\u00e4, Oksanen sanoi.<\/p>\n<p class=\"article-body mb-nof-24 px-nof-16\">Helmikuussa julkisuuteen ilmoitettiin erosta, joka nousi uudelleen keskusteluun viel\u00e4 loppuvuodesta. Somevaikuttajat <a class=\"article-personlink\" href=\"https:\/\/www.is.fi\/haku\/?query=Janne%20Naakka\" rel=\"nofollow noopener\" target=\"_blank\">Janne Naakka<\/a> ja <a class=\"article-personlink\" href=\"https:\/\/www.is.fi\/haku\/?query=Valtteri%20Sandberg\" rel=\"nofollow noopener\" target=\"_blank\">Valtteri Sandberg<\/a> kertoivat eroavansa 12 vuoden j\u00e4lkeen.<\/p>\n<p class=\"article-body mb-nof-24 px-nof-16\">Kaksikko kertoi erostaan somessa helmikuussa, mutta ero oli tapahtunut jo loppuvuodesta 2024. Erityist\u00e4 huomiota kiinnitti eron syy.<\/p>\n<p class=\"article-body mb-nof-24 px-nof-16\">\u2013 Noin kaksi vuotta sitten sain tiet\u00e4\u00e4 Valtterin pett\u00e4neen minua useasti suhteemme aikana. Eniten satutti kuitenkin tapa, mill\u00e4 Valtteri oli valehdellut minulle pett\u00e4misest\u00e4. Valtteri lupasi korjata suhteemme ja min\u00e4 lupasin yritt\u00e4\u00e4 luottaa h\u00e4neen uudelleen, kirjoitti Naakka<a class=\"underline underline-offset-[0.12em] [text-decoration-thickness:var(--generic-link-underline-thickness)] [text-decoration-color:var(--generic-link-underline-color)] [text-decoration-skip-ink:var(--generic-link-underline-skip-ink)] break-words\" href=\"https:\/\/www.instagram.com\/reel\/DGTckiBNvG0\/?utm_source=ig_embed\" rel=\"nofollow noopener\" target=\"_blank\"> Instagram-julkaisussa<\/a>.<\/p>\n<p class=\"article-body mb-nof-24 px-nof-16\">\u2013 Kun aloin vaatimaan tekoja, Valtteri halusi erota. 12 vuoden suhteemme p\u00e4\u00e4ttyi.<\/p>\n<p class=\"article-body mb-nof-24 px-nof-16\">Valtteri my\u00f6nsi omassa julkaisussaan pett\u00e4neens\u00e4 kumppaniaan.<\/p>\n<p><img decoding=\"async\" src=\"https:\/\/www.europesays.com\/fi\/wp-content\/uploads\/2025\/12\/1766729172_491_468.jpg\" alt=\"Naakka ja Sandberg huhtikuussa 2023 oikeudenk\u00e4ynniss\u00e4, jossa k\u00e4siteltiin Naakkaan kohdistuneeseen kiusaamiseen liittyneit\u00e4 syytteit\u00e4.\" class=\"_Img_1rerz_1\" style=\"aspect-ratio:1.5\" loading=\"eager\"\/><\/p>\n<p class=\"article-picture-caption\">Naakka ja Sandberg huhtikuussa 2023 oikeudenk\u00e4ynniss\u00e4, jossa k\u00e4siteltiin Naakkaan kohdistuneeseen kiusaamiseen liittyneit\u00e4 syytteit\u00e4. Kuva:\u00a0Aleksi Jalava \/ IS<\/p>\n<p class=\"article-body mb-nof-24 px-nof-16\">Myll\u00e4kk\u00e4 yltyi marraskuussa, kun Naakka julkaisi pitk\u00e4n blogitekstin. Siin\u00e4 h\u00e4n kertoi oman n\u00e4k\u00f6kulmansa tapahtumista ja nimesi kirjoituksessaan muita julkisuuden henkil\u00f6it\u00e4.<\/p>\n<p class=\"article-body mb-nof-24 px-nof-16\">Eron nousi sosiaalisessa mediassa j\u00e4lleen keskustelijoiden kynsiin. Naakka kertoi IS:lle p\u00e4\u00e4t\u00f6ksest\u00e4\u00e4n julkaista blogikirjoitus.<\/p>\n<p class=\"article-body mb-nof-24 px-nof-16\">\u2013 Yksi syy, miksi p\u00e4\u00e4tin kirjoittaa niist\u00e4 oli se, etten ollut p\u00e4\u00e4ssyt niist\u00e4 eteenp\u00e4in.<\/p>\n<p class=\"article-body mb-nof-24 px-nof-16\">Maaliskuussa toimittaja <a class=\"article-personlink\" href=\"https:\/\/www.is.fi\/haku\/?query=Laura%20Arffman\" rel=\"nofollow noopener\" target=\"_blank\">Laura Arffman<\/a> kertoi somessa, ett\u00e4 h\u00e4nen ja ex-hiiht\u00e4j\u00e4 <a class=\"article-personlink\" href=\"https:\/\/www.is.fi\/haku\/?query=Anssi%20Pentsisen\" rel=\"nofollow noopener\" target=\"_blank\">Anssi Pentsisen<\/a> suhde oli tullut p\u00e4\u00e4t\u00f6kseens\u00e4. Kaksikko piti yht\u00e4 kymmenisen vuotta ja avioitui vuonna 2017. Heill\u00e4 on kaksi yhteist\u00e4 lasta.<\/p>\n<p class=\"article-body mb-nof-24 px-nof-16\">\u2013 El\u00e4m\u00e4ni kymmenen parasta vuotta. En olisi koskaan uskonut, ett\u00e4 t\u00e4m\u00e4 p\u00e4iv\u00e4 koittaa. En olisi halunnut t\u00e4t\u00e4 viel\u00e4 julkisuuteen, mutta media p\u00e4\u00e4tti sen puolestani, Arffman kirjoitti.<\/p>\n<p><img decoding=\"async\" src=\"https:\/\/www.europesays.com\/fi\/wp-content\/uploads\/2025\/12\/1764738669_53_468.jpg\" alt=\"Laura Arffman ja Anssi Pentsinen vuonna 2023.\" class=\"_Img_1rerz_1\" style=\"aspect-ratio:1.5\" loading=\"eager\"\/><\/p>\n<p class=\"article-picture-caption\">Laura Arffman ja Anssi Pentsinen vuonna 2023. Kuva:\u00a0Antti H\u00e4m\u00e4l\u00e4inen \/ IS<\/p>\n<p class=\"article-body mb-nof-24 px-nof-16\">\u2013 Alkuvuodesta ajettiin t\u00e4ysill\u00e4 p\u00e4in sein\u00e4\u00e4, enk\u00e4 tied\u00e4 miten t\u00e4st\u00e4 itseni kasaan. Olisin ollut valmis tekem\u00e4\u00e4n meid\u00e4n eteen enemm\u00e4n.<\/p>\n<p class=\"article-body mb-nof-24 px-nof-16\">Avioerohakemus tuli vireille huhtikuun lopulla. Pentsinen haki avioeroa yksin.<\/p>\n<p class=\"article-body mb-nof-24 px-nof-16\">N\u00e4yttelij\u00e4pariskunta <a class=\"article-personlink\" href=\"https:\/\/www.is.fi\/haku\/?query=Oona%20Airolan\" rel=\"nofollow noopener\" target=\"_blank\">Oona Airolan<\/a> ja <a class=\"article-personlink\" href=\"https:\/\/www.is.fi\/haku\/?query=Leo%20Sj%C3%B6manin\" rel=\"nofollow noopener\" target=\"_blank\">Leo Sj\u00f6manin<\/a> erosta uutisoitiin huhtikuussa.<\/p>\n<p class=\"article-body mb-nof-24 px-nof-16\">Pariskunta oli yksityisel\u00e4m\u00e4st\u00e4\u00e4n julkisuudessa vaitonainen l\u00e4pi koko suhteensa. Se kuitenkin tiedet\u00e4\u00e4n, ett\u00e4 ex-pari oli naimisissa ja heill\u00e4 on vuonna 2022 syntynyt lapsi.<\/p>\n<p><img decoding=\"async\" src=\"https:\/\/www.europesays.com\/fi\/wp-content\/uploads\/2025\/12\/1766729174_150_468.jpg\" alt=\"Oona Airola ja Leo Sj\u00f6man ovat pit\u00e4neet parisuhteensa pitk\u00e4lti poissa julkisuudesta. Kuvassa he poseeraavat Jussi-gaalassa vuonna 2024.\" class=\"_Img_1rerz_1\" style=\"aspect-ratio:0.6666666666666666\" loading=\"eager\"\/><\/p>\n<p class=\"article-picture-caption\">Oona Airola ja Leo Sj\u00f6man ovat pit\u00e4neet parisuhteensa pitk\u00e4lti poissa julkisuudesta. Kuvassa he poseeraavat Jussi-gaalassa vuonna 2024. Kuva:\u00a0JUSSI HELTTUNEN<\/p>\n<p class=\"article-body mb-nof-24 px-nof-16\">Airola on palkittu Jussi-pystill\u00e4 per\u00e4ti kahdesti, vuosina 2016 ja 2018. Leo Sj\u00f6man tunnetaan erityisesti Jussi Vareksen roolistaan elokuvassa Vares X ja roolistaan Maria Kallio-tv-sarjassa.<\/p>\n<p class=\"article-body mb-nof-24 px-nof-16\">Niin ik\u00e4\u00e4n huhtikuussa p\u00e4\u00e4t\u00f6kseens\u00e4 tuli Bachelor-ohjelmassa toisensa l\u00f6yt\u00e4neiden <a class=\"article-personlink\" href=\"https:\/\/www.is.fi\/haku\/?query=Joonas%20Kentt%C3%A4miehen\" rel=\"nofollow noopener\" target=\"_blank\">Joonas Kentt\u00e4miehen<\/a> ja <a class=\"article-personlink\" href=\"https:\/\/www.is.fi\/haku\/?query=Monica%20Torin\" rel=\"nofollow noopener\" target=\"_blank\">Monica Torin<\/a> suhde. Pariskunta oli yhdess\u00e4 syyskuusta 2024 l\u00e4htien.<\/p>\n<p class=\"article-body mb-nof-24 px-nof-16\">Tor kertoi parin erosta <a class=\"underline underline-offset-[0.12em] [text-decoration-thickness:var(--generic-link-underline-thickness)] [text-decoration-color:var(--generic-link-underline-color)] [text-decoration-skip-ink:var(--generic-link-underline-skip-ink)] break-words\" href=\"https:\/\/www.seiska.fi\/kotimaa\/shokkipaatos-bachelor-parin-yllatysero-monica-paljastaa-taustat-seiskalle\/1663889\" rel=\"nofollow noopener\" target=\"_blank\">Seiska<\/a>-lehdelle pian tapahtuneen j\u00e4lkeen. H\u00e4n kertoi, ett\u00e4 Kentt\u00e4mies olisi halunnut viel\u00e4 yritt\u00e4\u00e4, mutta ett\u00e4 p\u00e4\u00e4t\u00f6s oli molempien mielest\u00e4 oikea.<\/p>\n<p><img decoding=\"async\" src=\"https:\/\/www.europesays.com\/fi\/wp-content\/uploads\/2025\/12\/1766729175_149_468.jpg\" alt=\"Helmikuussa Joonas Kentt\u00e4mies ja Monica Tor edustivat yhdess\u00e4 H\u00e4jyt 2 -elokuvan kutsuvierasn\u00e4yt\u00f6ksess\u00e4.\" class=\"_Img_1rerz_1\" style=\"aspect-ratio:0.9625\" loading=\"eager\"\/><\/p>\n<p class=\"article-picture-caption\">Helmikuussa Joonas Kentt\u00e4mies ja Monica Tor edustivat yhdess\u00e4 H\u00e4jyt 2 -elokuvan kutsuvierasn\u00e4yt\u00f6ksess\u00e4. Kuva:\u00a0Jonna \u00d6hrnberg<\/p>\n<p class=\"article-body mb-nof-24 px-nof-16\">Kentt\u00e4mies puolestaan kommentoi <a class=\"underline underline-offset-[0.12em] [text-decoration-thickness:var(--generic-link-underline-thickness)] [text-decoration-color:var(--generic-link-underline-color)] [text-decoration-skip-ink:var(--generic-link-underline-skip-ink)] break-words\" href=\"https:\/\/www.mtvuutiset.fi\/artikkeli\/joonas-kenttamies-avaa-tuntemuksiaan-erosta-ja-valeistaan-monican-kanssa-pian-bachelorin-elamassa-tapahtuu-muutos\/9177030\" rel=\"nofollow noopener\" target=\"_blank\">MTV:lle<\/a>, ett\u00e4 kaksikko oli eron j\u00e4lkeen hyviss\u00e4 v\u00e4leiss\u00e4. Homma kariutui siihen, ett\u00e4 Kentt\u00e4mies ty\u00f6skentelee Yhdysvalloissa ja Tor puolestaan asuu Suomessa.<\/p>\n<p class=\"article-body mb-nof-24 px-nof-16\">\u2013 Oli niin paljon v\u00e4\u00e4nnett\u00e4v\u00e4\u00e4, ettei me semmoiseen oltu valmiita. Sitten j\u00e4inkin Suomeen talveksi, enk\u00e4 l\u00e4htenyt takaisin Jenkkeihin jatkamaan uraani. Tein ensimm\u00e4isen askeleen, mutta se ei ollutkaan pidemm\u00e4n p\u00e4\u00e4lle oikea ratkaisu, Kentt\u00e4mies sanoo MTV:lle.<\/p>\n<p class=\"article-body mb-nof-24 px-nof-16\">Suhde j\u00e4i lyhyeksi, mutta sit\u00e4 ruodittiin julkisuudessa paljon. Syttyih\u00e4n kipin\u00e4 televisiossa. Keskustelua aiheutti se, ett\u00e4 vain hetke\u00e4 ennen kuin Kentt\u00e4mies valitsi kumppanikseen Torin, h\u00e4n harrasti ohjelmassa seksi\u00e4 toisen kumppaniehdokkaan kanssa.<\/p>\n<p class=\"article-body mb-nof-24 px-nof-16\">Kentt\u00e4mies ja Tor aloittivat seurustelun ohjelman j\u00e4lkeen. Helmikuussa Kentt\u00e4mies muutti Torin luokse.<\/p>\n<p class=\"article-body mb-nof-24 px-nof-16\">Yksi kohauttanut ero tapahtui hein\u00e4kuussa, kun rallikartturi <a class=\"article-personlink\" href=\"https:\/\/www.is.fi\/haku\/?query=Janni%20Hussi\" rel=\"nofollow noopener\" target=\"_blank\">Janni Hussi<\/a> ja purjehtija <a class=\"article-personlink\" href=\"https:\/\/www.is.fi\/haku\/?query=Joel%20Harkimo\" rel=\"nofollow noopener\" target=\"_blank\">Joel Harkimo<\/a> ilmoittivat avioliittonsa p\u00e4\u00e4ttymisest\u00e4.<\/p>\n<p class=\"article-body mb-nof-24 px-nof-16\">\u2013 Pitk\u00e4n harkinnan j\u00e4lkeen ollaan tultu siihen p\u00e4\u00e4t\u00f6kseen, ett\u00e4 tulemme j\u00e4tt\u00e4m\u00e4\u00e4n avioerohakemuksen l\u00e4hiviikkoina ja jatkamme el\u00e4m\u00e4ss\u00e4 yst\u00e4vin\u00e4. Meill\u00e4 on ollut paljon iloisia ja ihania rakkaudent\u00e4yteisi\u00e4 hetki\u00e4 vuosien varrella ja p\u00e4\u00e4t\u00f6s on meille molemmille tosi raskas, kaksikko kirjoitti <a class=\"underline underline-offset-[0.12em] [text-decoration-thickness:var(--generic-link-underline-thickness)] [text-decoration-color:var(--generic-link-underline-color)] [text-decoration-skip-ink:var(--generic-link-underline-skip-ink)] break-words\" href=\"https:\/\/www.instagram.com\/p\/DMKHV0HIHBi\/?utm_source=ig_embed\" rel=\"nofollow noopener\" target=\"_blank\">Instagram-julkaisussa<\/a>.<\/p>\n<p class=\"article-body mb-nof-24 px-nof-16\">Sosiaalisessa mediassa oli spekuloitu erosta, mutta pari kiisti v\u00e4itteet. Hussin lomailua ja h\u00e4nen julkaisujensa kappalevalintoja pidettiin merkkein\u00e4 erosta.<\/p>\n<p><img decoding=\"async\" src=\"https:\/\/www.europesays.com\/fi\/wp-content\/uploads\/2025\/12\/1766729176_90_468.jpg\" alt=\"Hussi ja Harkimo olivat naimisissa kahden vuoden ajan.\" class=\"_Img_1rerz_1\" style=\"aspect-ratio:1.4988290398126465\" loading=\"eager\"\/><\/p>\n<p class=\"article-picture-caption\">Hussi ja Harkimo olivat naimisissa kahden vuoden ajan. Kuva:\u00a0Janne Aaltonen<\/p>\n<p class=\"article-body mb-nof-24 px-nof-16\">Sek\u00e4 Hussi ett\u00e4 Harkimo ottivat huhuihin kantaa.<\/p>\n<p class=\"article-body mb-nof-24 px-nof-16\">\u2013 Jotkut el\u00e4v\u00e4t el\u00e4m\u00e4\u00e4ns\u00e4 symbioosissa ja toiset toteuttavat omia juttujaan. Me kuulumme t\u00e4h\u00e4n j\u00e4lkimm\u00e4iseen. Meid\u00e4n suhteessa on onneksi ok, ett\u00e4 vaimo lomailee, k\u00e4y beach clubilla ja tanssii siell\u00e4. Meill\u00e4 my\u00f6s yhteydenpito ja toisen tukeminen hoidetaan l\u00e4hes kokonaan yksityisesti, eik\u00e4 esimerkiksi julkisesti toisen kanssa sometilien kommenttikentiss\u00e4, h\u00e4n totesi julkaisussaan.<\/p>\n<p class=\"article-body mb-nof-24 px-nof-16\">Parin suhde alkoi vuonna 2018 ja kihlat solmittiin kolme vuotta my\u00f6hemmin. Vuonna 2023 Hussi ja Harkimo avioituivat n\u00e4ytt\u00e4vin menoin Helsingiss\u00e4.<\/p>\n<p class=\"article-body mb-nof-24 px-nof-16\">P\u00e4\u00e4t\u00f6kseens\u00e4 tuli kes\u00e4n aikana my\u00f6s laulaja <a class=\"article-personlink\" href=\"https:\/\/www.is.fi\/haku\/?query=Sannin\" rel=\"nofollow noopener\" target=\"_blank\">Sannin <\/a>eli <a class=\"article-personlink\" href=\"https:\/\/www.is.fi\/haku\/?query=Sanni%20Kurkisuon\" rel=\"nofollow noopener\" target=\"_blank\">Sanni Kurkisuon<\/a> ja vuoden 2016 Miss Suomena ja juontajana tunnetun <a class=\"article-personlink\" href=\"https:\/\/www.is.fi\/haku\/?query=Shirly%20Karvisen\" rel=\"nofollow noopener\" target=\"_blank\">Shirly Karvisen<\/a> parisuhde. Kaksikko kertoi suhteen p\u00e4\u00e4ttymisest\u00e4 pian sen j\u00e4lkeen, kun Karvisen n\u00e4htiin suutelevan r\u00e4pp\u00e4ri <a class=\"article-personlink\" href=\"https:\/\/www.is.fi\/haku\/?query=Ahti\" rel=\"nofollow noopener\" target=\"_blank\">Ahti<\/a> festareilla.<\/p>\n<p class=\"article-body mb-nof-24 px-nof-16\">\u2013 Parisuhteeni on p\u00e4\u00e4ttynyt jo jonkin aikaa sitten. En kommentoi asiaa sen enemp\u00e4\u00e4. El\u00e4m\u00e4 jatkuu, Karvinen kirjoitti sosiaalisessa mediassa hein\u00e4kuussa.<\/p>\n<p class=\"article-body mb-nof-24 px-nof-16\">\u2013 Olemme eronneet v\u00e4h\u00e4n aikaa sitten. En kommentoi asiaa enemp\u00e4\u00e4, Sanni kirjoitti niin ik\u00e4\u00e4n Instagram-tarinoissaan.<\/p>\n<p><img decoding=\"async\" src=\"https:\/\/www.europesays.com\/fi\/wp-content\/uploads\/2025\/12\/1766729176_926_468.jpg\" alt=\"Sanni Kurkisuo ja Shirly Karvinen Emma-gaalassa vuonna 2023.\" class=\"_Img_1rerz_1\" style=\"aspect-ratio:0.6666666666666666\" loading=\"eager\"\/><\/p>\n<p class=\"article-picture-caption\">Sanni Kurkisuo ja Shirly Karvinen Emma-gaalassa vuonna 2023. Kuva:\u00a0Pete Aarre-Ahtio \/ IS<\/p>\n<p class=\"article-body mb-nof-24 px-nof-16\">Karvinen sivusi asiaa my\u00f6s <a class=\"article-personlink\" href=\"https:\/\/www.is.fi\/haku\/?query=Julianna%20Jokelan\" rel=\"nofollow noopener\" target=\"_blank\">Julianna Jokelan<\/a> kanssa luotsaamassaan Olipa kerran otsikko -podcastissa. H\u00e4n kertoi, ettei eroon liittynyt ulkopuolisia ja p\u00e4\u00e4t\u00f6s tehtiin yhteisymm\u00e4rryksess\u00e4.<\/p>\n<p class=\"article-body mb-nof-24 px-nof-16\">\u2013 Joskus on oikea p\u00e4\u00e4t\u00f6s nostaa kytkint\u00e4 ja painaa eri suuntiin, h\u00e4n summasi.<\/p>\n<p class=\"article-body mb-nof-24 px-nof-16\">Ex-pari julkisti suhteensa vuonna 2021. He edustivat ensimm\u00e4ist\u00e4 kertaa julkisuudessa Emma-gaalan punaisella matolla vuonna 2023.<\/p>\n<p class=\"article-body mb-nof-24 px-nof-16\">Kes\u00e4ll\u00e4 alkoivat my\u00f6s spekulaatiot <a class=\"article-personlink\" href=\"https:\/\/www.is.fi\/haku\/?query=Martina%20Aitolehden\" rel=\"nofollow noopener\" target=\"_blank\">Martina Aitolehden<\/a> ja h\u00e4nen australialaisen kihlattunsa parisuhteen tilasta. Kaksikon oli tarkoitus avioitua kes\u00e4n mittaan, mutta h\u00e4it\u00e4 ei kuulunut.<\/p>\n<p class=\"article-body mb-nof-24 px-nof-16\">Lokakuussa Aitolehti vahvisti BFF-podcastissa vieraillessaan, ett\u00e4 h\u00e4n on sinkku. H\u00e4n ei tarkentanut kuitenkaan, milloin suhde kihlatun kanssa loppui. H\u00e4n totesi my\u00f6s, ett\u00e4 oli suhteessa palavasti rakastunut.<\/p>\n<p class=\"article-body mb-nof-24 px-nof-16\">\u2013 Olen vasta ehk\u00e4 tottunut ajatukseen, ett\u00e4 nyt voi tehd\u00e4 ihan mit\u00e4 haluaa, h\u00e4n kuitenkin totesi.<\/p>\n<p class=\"article-body mb-nof-24 px-nof-16\">\u2013 Rakkaus muuttaa muotoaan niin nopeasti ja helposti, mik\u00e4 on sitten se rakkaus? h\u00e4n pohti.<\/p>\n<p class=\"article-body mb-nof-24 px-nof-16\">Aitolehti ja ex-kumppani aloittivat suhteensa loppuvuodesta 2022. Seuraavana vuonna Aitolehti kertoi suhteesta my\u00f6s julkisuuteen.<\/p>\n<p class=\"article-body mb-nof-24 px-nof-16\">Marraskuussa 2024 mies kosi Aitolehte\u00e4 Malediiveilla.<\/p>\n<p class=\"article-body mb-nof-24 px-nof-16\">Vuoteen 2025 mahtui my\u00f6s <a class=\"article-personlink\" href=\"https:\/\/www.is.fi\/haku\/?query=Kalle%20Palanderin\" rel=\"nofollow noopener\" target=\"_blank\">Kalle Palanderin<\/a> ja <a class=\"article-personlink\" href=\"https:\/\/www.is.fi\/haku\/?query=Riina-Maija%20Palanderin\" rel=\"nofollow noopener\" target=\"_blank\">Riina-Maija Palanderin<\/a> eroilmoitus, joka sai yll\u00e4tt\u00e4vi\u00e4 k\u00e4\u00e4nteit\u00e4.<\/p>\n<p class=\"article-body mb-nof-24 px-nof-16\">Kalle Palander j\u00e4tti erohakemuksen L\u00e4nsi-Uudenmaan k\u00e4r\u00e4j\u00e4oikeuteen tammikuun alussa, mutta huhtikuussa uutisoitiin, ett\u00e4 asia seisoo viel\u00e4kin. Riina-Maija Palander ei ollut toimittanut oikeudelle lausuntoaan avioeroasiassa.<\/p>\n<p><img decoding=\"async\" src=\"https:\/\/www.europesays.com\/fi\/wp-content\/uploads\/2025\/12\/1766729176_330_468.jpg\" alt=\"Kalle ja Riina-Maija Palander vuonna 2019.\" class=\"_Img_1rerz_1\" style=\"aspect-ratio:1.1947728686994399\" loading=\"eager\"\/><\/p>\n<p class=\"article-picture-caption\">Kalle ja Riina-Maija Palander vuonna 2019. Kuva:\u00a0Jonna \u00d6hrnberg<\/p>\n<p class=\"article-body mb-nof-24 px-nof-16\">20. toukokuuta tapahtui yll\u00e4tt\u00e4v\u00e4 k\u00e4\u00e4nne, kun avioerohakemus p\u00e4\u00e4tettiin j\u00e4tt\u00e4\u00e4 k\u00e4sittelem\u00e4tt\u00e4. P\u00e4\u00e4t\u00f6ksen mukaan oikeus oli pyyt\u00e4nyt Kalle Palanderia t\u00e4ydent\u00e4m\u00e4\u00e4n hakemusta ilmoittamalla puolisonsa osoitteen tai vaihtoehtoisesti ilmoittamalla, ett\u00e4 h\u00e4n sitoutuu maksamaan kuulutuskulut. Palander j\u00e4tti t\u00e4ydennyksen tekem\u00e4tt\u00e4 m\u00e4\u00e4r\u00e4aikaan 16. toukokuuta menness\u00e4.<\/p>\n<p><script async src=\"\/\/www.instagram.com\/embed.js\"><\/script><\/p>\n","protected":false},"excerpt":{"rendered":"IS kokosi t\u00e4h\u00e4n artikkeliin pareja, jotka ilmoittivat t\u00e4n\u00e4 vuonna erostaan. Vuosi 2025 on pit\u00e4nyt sis\u00e4ll\u00e4\u00e4n niin rakkautta kuin&hellip;\n","protected":false},"author":2,"featured_media":126052,"comment_status":"","ping_status":"","sticky":false,"template":"","format":"standard","meta":{"footnotes":""},"categories":[136],"tags":[407,137,33,31,30,34,408,32,109],"class_list":{"0":"post-126051","1":"post","2":"type-post","3":"status-publish","4":"format-standard","5":"has-post-thumbnail","7":"category-julkkikset","8":"tag-celebrities","9":"tag-entertainment","10":"tag-fi","11":"tag-finland","12":"tag-finnish","13":"tag-ilta-sanomat","14":"tag-julkkikset","15":"tag-suomi","16":"tag-viihde"},"share_on_mastodon":{"url":"https:\/\/pubeurope.com\/@fi\/115784370880591259","error":""},"_links":{"self":[{"href":"https:\/\/www.europesays.com\/fi\/wp-json\/wp\/v2\/posts\/126051","targetHints":{"allow":["GET"]}}],"collection":[{"href":"https:\/\/www.europesays.com\/fi\/wp-json\/wp\/v2\/posts"}],"about":[{"href":"https:\/\/www.europesays.com\/fi\/wp-json\/wp\/v2\/types\/post"}],"author":[{"embeddable":true,"href":"https:\/\/www.europesays.com\/fi\/wp-json\/wp\/v2\/users\/2"}],"replies":[{"embeddable":true,"href":"https:\/\/www.europesays.com\/fi\/wp-json\/wp\/v2\/comments?post=126051"}],"version-history":[{"count":0,"href":"https:\/\/www.europesays.com\/fi\/wp-json\/wp\/v2\/posts\/126051\/revisions"}],"wp:featuredmedia":[{"embeddable":true,"href":"https:\/\/www.europesays.com\/fi\/wp-json\/wp\/v2\/media\/126052"}],"wp:attachment":[{"href":"https:\/\/www.europesays.com\/fi\/wp-json\/wp\/v2\/media?parent=126051"}],"wp:term":[{"taxonomy":"category","embeddable":true,"href":"https:\/\/www.europesays.com\/fi\/wp-json\/wp\/v2\/categories?post=126051"},{"taxonomy":"post_tag","embeddable":true,"href":"https:\/\/www.europesays.com\/fi\/wp-json\/wp\/v2\/tags?post=126051"}],"curies":[{"name":"wp","href":"https:\/\/api.w.org\/{rel}","templated":true}]}}