{"id":126055,"date":"2025-12-26T06:13:23","date_gmt":"2025-12-26T06:13:23","guid":{"rendered":"https:\/\/www.europesays.com\/fi\/126055\/"},"modified":"2025-12-26T06:13:23","modified_gmt":"2025-12-26T06:13:23","slug":"emme-odottaneet-suomalaisilta-sellaista-faniryhma-fuengirolasta-murskasi-espanjalaisten-stereotypiat-suomesta-urheilu","status":"publish","type":"post","link":"https:\/\/www.europesays.com\/fi\/126055\/","title":{"rendered":"\u201dEmme odottaneet suomalaisilta sellaista\u201d \u2013 faniryhm\u00e4 Fuengirolasta murskasi espanjalaisten stereotypiat Suomesta | Urheilu"},"content":{"rendered":"<p class=\"aw-1gybjub aw-1p7kakr kEtdKx cEmitX yle__article__paragraph\">Suomalaisravintola Uuden Reflan ymp\u00e4rill\u00e4 riitt\u00e4\u00e4 kuhinaa marraskuisena sunnuntai-iltana.<\/p>\n<p class=\"aw-1gybjub aw-1p7kakr kEtdKx cEmitX yle__article__paragraph\">Fuengirolan pienvenesatamassa sijaitsevaan paikkaan on saapunut iso joukko innokkaita suomalaisia. Osa heist\u00e4 haluaa n\u00e4hd\u00e4 ravintolan TV-ruuduilta Tanssii t\u00e4htien kanssa -ohjelman finaalin, osa on tullut paikalle urheilun vuoksi.<\/p>\n<p class=\"aw-1gybjub aw-1p7kakr kEtdKx cEmitX yle__article__paragraph\">Ravintolanpit\u00e4j\u00e4 <strong class=\"aw-ak79eh KyCXm yle__article__strong\">Lauri P. Pietik\u00e4inen<\/strong> toteaa hymyillen, ett\u00e4 urheilubaari vet\u00e4\u00e4 puoleensa ihmisi\u00e4, joilla on erilaisia intohimoja. Aina niiden yhdist\u00e4minen ei ole helppoa.<\/p>\n<p class=\"aw-1gybjub aw-1p7kakr kEtdKx cEmitX yle__article__paragraph\">\u2013 Toisinaan asiakkaiden v\u00e4lille on syntynyt kovia keskusteluja, mit\u00e4 t\u00e4\u00e4ll\u00e4 pit\u00e4isi n\u00e4ytt\u00e4\u00e4. Olen k\u00e4ytt\u00e4nyt siin\u00e4 naurava tuomari -taktiikkaa ja pyrkinyt ratkaisemaan tilanteita hyv\u00e4ss\u00e4 hengess\u00e4.<\/p>\n<blockquote class=\"aw-5b7r8f cbYKVf\">\n<p class=\"aw-1gybjub aw-c9wyj2 kEtdKx bijWeu\">Suomalaiset ovat yll\u00e4tt\u00e4neet meid\u00e4t monta kertaa vuosien varrella.<\/p>\n<p class=\"aw-1gybjub aw-1pgj57y kEtdKx feofuq\">Sergio Valencia, M\u00e1laga CF<\/p>\n<\/blockquote>\n<p class=\"aw-1gybjub aw-1p7kakr kEtdKx cEmitX yle__article__paragraph\">Nyt ei tarvita erotuomaria. TTK-fanit nauttivat television antimista, ja Pietik\u00e4inen johdattaa urheilun yst\u00e4v\u00e4t reilun 30 kilometrin p\u00e4\u00e4h\u00e4n M\u00e1lagaan.<\/p>\n<p class=\"aw-1gybjub aw-1p7kakr kEtdKx cEmitX yle__article__paragraph\">Siell\u00e4 Aurinkorannikon jalkapalloylpeys, Espanjan toiseksi korkeimmalla sarjatasolla pelaava M\u00e1laga CF kohtaa kotiottelussaan maan pohjoisosasta tulevan Mirandesin.<\/p>\n<p class=\"aw-1gybjub aw-1p7kakr kEtdKx cEmitX yle__article__paragraph\">Pietik\u00e4inen on j\u00e4rjest\u00e4nyt paikalle kaksi linja-autoa, jotka viev\u00e4t suomalaiset futisfanit legendaariselle La Rosaleda -stadionille. Bussit pys\u00e4htyv\u00e4t matkalla tunnetuissa turistikaupungeissa Benalmadenassa ja Torremolinosissa. Niist\u00e4 nousee kyytiin lis\u00e4\u00e4 porukkaa.<\/p>\n<p>Kannattajayhdistyksen puheenjohtaja Lauri P. Pietik\u00e4inen viihdytti futiskansaa bussimatkalla Fuengirolasta M\u00e1lagaan. <\/p>\n<p class=\"aw-1gybjub aw-1p7kakr kEtdKx cEmitX yle__article__paragraph\">2000-luvun alussa Espanjaan muuttanut Pietik\u00e4inen on j\u00e4rjest\u00e4nyt fanimatkoja M\u00e1lagan otteluihin yli 15 vuotta.<\/p>\n<p class=\"aw-1gybjub aw-1p7kakr kEtdKx cEmitX yle__article__paragraph\">Ensimm\u00e4iset suomalaiskannattajien t\u00e4ytt\u00e4m\u00e4t bussit starttasivat peleihin vuonna 2010. Vuotta my\u00f6hemmin Pietik\u00e4inen ja liikekumppani <strong class=\"aw-ak79eh KyCXm yle__article__strong\">Marko Levander<\/strong> perustivat M\u00e1laga CF:n suomalaisen kannattajayhdistyksen.<\/p>\n<p class=\"aw-1gybjub aw-1p7kakr kEtdKx cEmitX yle__article__paragraph\">Vuosien aikana on tapahtunut paljon niin futiskent\u00e4ll\u00e4 kuin sen ulkopuolella, mutta kiitos Pietik\u00e4isen ja kumppaneiden M\u00e1lagan kotipeleiss\u00e4 on riitt\u00e4nyt suomalaisia.<\/p>\n<p class=\"aw-1gybjub aw-1p7kakr kEtdKx cEmitX yle__article__paragraph\">Otteluja kiert\u00e4v\u00e4 joukko on onnistunut tekem\u00e4\u00e4n vaikutuksen etel\u00e4espanjalaisiin futispomoihin ja rikkomaan pohjoisen kansaan liitettyj\u00e4 stereotypioita.<\/p>\n<p class=\"aw-1gybjub aw-1p7kakr kEtdKx cEmitX yle__article__paragraph\">\u2013 Suomalaisista on tullut meille t\u00e4rke\u00e4 ryhm\u00e4. He ovat yll\u00e4tt\u00e4neet meid\u00e4t monta kertaa vuosien varrella, M\u00e1laga CF:n kansainv\u00e4lisist\u00e4 suhteista vastaava <strong class=\"aw-ak79eh KyCXm yle__article__strong\">Sergio Valencia<\/strong> sanoo Yle Urheilulle.<\/p>\n<p><img decoding=\"async\" alt=\"Liikemiehet Marko Levander (vas.) ja Lauri P. Pietik\u00e4inen panivat vuonna 2011 pystyyn M\u00e1laga CF:n suomalaisen faniyhdistyksen. \" src=\"https:\/\/www.europesays.com\/fi\/wp-content\/uploads\/2025\/12\/39-15703636940569ae2e9c.jpeg\" loading=\"lazy\" class=\"aw-1l9m598 hKVVvP\"\/><\/p>\n<p>Avaa kuvien katselu<\/p>\n<p>Ravintolanomistajat Marko Levander (vas.) ja Lauri P. Pietik\u00e4inen panivat vuonna 2011 pystyyn M\u00e1laga CF:n suomalaisen faniyhdistyksen. Kuva: Jelena Lepp\u00e4nen \/ Yle <\/p>\n<p class=\"aw-1gybjub aw-1p7kakr kEtdKx cEmitX yle__article__paragraph\">Fanibusseja ajavat espanjalaiskuskit tervehtiv\u00e4t Pietik\u00e4ist\u00e4 iloisesti.<\/p>\n<p class=\"aw-1gybjub aw-1p7kakr kEtdKx cEmitX yle__article__paragraph\">\u2013 T\u00e4n\u00e4\u00e4n joukkue viimein voittaa, toinen kuskeista ilmoittaa, mutta kaikki eiv\u00e4t ole siit\u00e4 yht\u00e4 varmoja.<\/p>\n<p class=\"aw-1gybjub aw-1p7kakr kEtdKx cEmitX yle__article__paragraph\">M\u00e1laga CF:n l\u00e4hihistoria on ollut myrskyis\u00e4. Seura pelasi pitk\u00e4\u00e4n Espanjan p\u00e4\u00e4sarjassa ja esiintyi jopa Mestarien liigassa, mutta kev\u00e4\u00e4ll\u00e4 2018 Andalusian ylpeys putosi kakkostasolle Segunda Divisi\u00f3niin.<\/p>\n<p><img decoding=\"async\" alt=\"Malaga CF:n pelaajat juhlivat maalia Real Sociedadin kakkosjoukkuetta vastaan elokuussa 2025. \" src=\"https:\/\/www.europesays.com\/fi\/wp-content\/uploads\/2025\/12\/39-1567873693a82684f026.jpeg\" loading=\"lazy\" class=\"aw-1l9m598 hKVVvP\"\/><\/p>\n<p>Avaa kuvien katselu<\/p>\n<p>M\u00e1laga CF:n pelaajat tuulettivat elokuussa maalia Real Sociedadin kakkosjoukkuetta vastaan. Kuluva kausi Segundassa on ollut kuitenkin kaikkea muuta kuin pelkk\u00e4\u00e4 juhlaa.  Kuva: Joaquin Corchero \/ Getty Images<\/p>\n<p class=\"aw-1gybjub aw-1p7kakr kEtdKx cEmitX yle__article__paragraph\">Sekava urheilujohtaminen, pahat talousvaikeudet ja ailahtelevat otteet kent\u00e4ll\u00e4 pudottivat M\u00e1lagan kolmosdivariin kauden 2022\u20132023 p\u00e4\u00e4tteeksi. Sielt\u00e4 seura nousi takaisin Segundaan, jossa se pelaa parhaillaan.<\/p>\n<p class=\"aw-1gybjub aw-1p7kakr kEtdKx cEmitX yle__article__paragraph\">Tuskaisista vuosista huolimatta kannattajat ovat pysyneet M\u00e1lagan tukena. Seuran otteita on seurannut tiiviisti my\u00f6s uskollinen suomalaisjoukko.<\/p>\n<p class=\"aw-1gybjub aw-1p7kakr kEtdKx cEmitX yle__article__paragraph\">\u2013 Seurasta on tullut meille syd\u00e4men asia, er\u00e4\u00e4nlainen koti. Aina kun tulemme t\u00e4nne, tarkistamme ensin, montako kotipeli\u00e4 p\u00e4\u00e4semme katsomaan, Fuengirolassa s\u00e4\u00e4nn\u00f6llisesti lomaileva pariskunta <strong class=\"aw-ak79eh KyCXm yle__article__strong\">Erkki<\/strong> ja <strong class=\"aw-ak79eh KyCXm yle__article__strong\">Maritta Innanen<\/strong> kertoo.<\/p>\n<p><img decoding=\"async\" alt=\"Lauri P. Pietik\u00e4inen (vas.), Maritta ja Erkki Innanen sek\u00e4 Seppo Pennanen juuri ennen l\u00e4ht\u00f6\u00e4 Malaga CF:n futispeliin. \" src=\"https:\/\/www.europesays.com\/fi\/wp-content\/uploads\/2025\/12\/39-1569053693c26733adc6.jpeg\" loading=\"lazy\" class=\"aw-1l9m598 hKVVvP\"\/><\/p>\n<p>Avaa kuvien katselu<\/p>\n<p>Lauri P. Pietik\u00e4inen (vas.), Maritta ja Erkki Innanen sek\u00e4 Seppo Pennanen odottivat innolla illan jalkapalloel\u00e4myst\u00e4. Kuva: Jelena Lepp\u00e4nen \/ Yle <\/p>\n<p class=\"aw-1gybjub aw-1p7kakr kEtdKx cEmitX yle__article__paragraph\">M\u00e1lagan peleiss\u00e4 vuodesta 2009 k\u00e4yneet Innaset ovat l\u00e4hd\u00f6ss\u00e4 noin sadan suomalaisen tavoin illan otteluun.<\/p>\n<p class=\"aw-1gybjub aw-1p7kakr kEtdKx cEmitX yle__article__paragraph\">Matkanjohtaja Pietik\u00e4inen arvioi, ett\u00e4 sinivalkoisen faniryhm\u00e4n keski-ik\u00e4 nousee p\u00e4\u00e4lle viidenkympin, mutta joukossa on yht\u00e4 lailla lapsia ja nuoria aikuisia.<\/p>\n<p class=\"aw-1gybjub aw-1p7kakr kEtdKx cEmitX yle__article__paragraph\">Osan vuodesta Valkeakoskella ja osan Fuengirolassa asuva <strong class=\"aw-ak79eh KyCXm yle__article__strong\">Arto<\/strong> kertoo k\u00e4yneens\u00e4 M\u00e1lagan otteluissa noin viisi vuotta. T\u00e4ll\u00e4 kertaa mukaan l\u00e4htev\u00e4t Espanjassa lomailevat yst\u00e4v\u00e4t <strong class=\"aw-ak79eh KyCXm yle__article__strong\">Erkki<\/strong> ja <strong class=\"aw-ak79eh KyCXm yle__article__strong\">Pertsa<\/strong>.<\/p>\n<p class=\"aw-1gybjub aw-1p7kakr kEtdKx cEmitX yle__article__paragraph\">\u2013 M\u00e1lagan peleiss\u00e4 k\u00e4y intohimoista porukkaa ja tunnelma on kova. Ja pelin tasokin on ihan hyv\u00e4, kun kyseess\u00e4 on ammattilaisjoukkue, Arto sanoo.<\/p>\n<p><img decoding=\"async\" alt=\"Malaga CF:n suomalaisfanit l\u00e4hd\u00f6ss\u00e4 ottelureissuun Fuengirolasta marraskuussa 2025. \" src=\"https:\/\/www.europesays.com\/fi\/wp-content\/uploads\/2025\/12\/39-1567014693835fae4961.jpeg\" class=\"aw-1l9m598 hKVVvP\"\/><\/p>\n<p>Avaa kuvien katselu<\/p>\n<p><img decoding=\"async\" alt=\"Tero Auvinen l\u00e4hti Malaga CF:n peliin tytt\u00e4rens\u00e4 Veera Auvisen ja t\u00e4m\u00e4n kumppanin Jesse Peltomaan kanssa.\" src=\"https:\/\/www.europesays.com\/fi\/wp-content\/uploads\/2025\/12\/39-1569030693c22f5cac88.jpeg\" class=\"aw-1l9m598 hKVVvP\"\/><\/p>\n<p>Avaa kuvien katselu<\/p>\n<p><img decoding=\"async\" alt=\"Malaga CF:n suomalaiskannattajilla on oma fanihuivinsa. \" src=\"https:\/\/www.europesays.com\/fi\/wp-content\/uploads\/2025\/12\/39-15703736940652b4c008.jpeg\" class=\"aw-1l9m598 hKVVvP\"\/><\/p>\n<p>Avaa kuvien katselu<\/p>\n<p><img decoding=\"async\" alt=\"Suomalaiset Malaga CF:n fanit Arto (oik.), Pertsa ja Erkki viettiv\u00e4t iltaa Fuengirolassa ennen l\u00e4ht\u00f6\u00e4 Segundan otteluun. \" src=\"https:\/\/www.europesays.com\/fi\/wp-content\/uploads\/2025\/12\/39-1569017693c203dc72c0.jpeg\" class=\"aw-1l9m598 hKVVvP\"\/><\/p>\n<p>Avaa kuvien katselu<\/p>\n<p><img decoding=\"async\" alt=\"M\u00e1laga CF:n suomalaisfanit nousivat kannattajabussin kyytiin Benalmadenasta. \" src=\"https:\/\/www.europesays.com\/fi\/wp-content\/uploads\/2025\/12\/39-157037169406443be5b3.jpeg\" class=\"aw-1l9m598 hKVVvP\"\/><\/p>\n<p>Avaa kuvien katselu<\/p>\n<p><img decoding=\"async\" alt=\"Sami Virmanen (oik.), Waltteri Virmanen, Jarmo Virtanen ja Jussi Markkanen tulivat katsomaan M\u00e1laga CF:n ottelua. \" src=\"https:\/\/www.europesays.com\/fi\/wp-content\/uploads\/2025\/12\/39-15703746940659439a76.jpeg\" class=\"aw-1l9m598 hKVVvP\"\/><\/p>\n<p>Avaa kuvien katselu<\/p>\n<p>\u201dNyt ei olla s\u00e4\u00e4nt\u00f6-Suomessa\u201d<\/p>\n<p class=\"aw-1gybjub aw-1p7kakr kEtdKx cEmitX yle__article__paragraph\">Linja-auto huristelee t\u00e4ytt\u00e4 h\u00e4k\u00e4\u00e4 pitkin AP-7-moottoritiet\u00e4.<\/p>\n<p class=\"aw-1gybjub aw-1p7kakr kEtdKx cEmitX yle__article__paragraph\">Matkalla riitt\u00e4\u00e4 tapahtumia, kun bussin etuosan p\u00e4\u00e4ovi l\u00e4v\u00e4ht\u00e4\u00e4 auki kesken ajon. Edellisess\u00e4 el\u00e4m\u00e4ss\u00e4 huvipuiston jarrumiehen\u00e4 ty\u00f6skennellyt Pietik\u00e4inen sanoo olevansa tyytyv\u00e4inen, ettei ollut oven vieress\u00e4 \u2013 vaikka vauhdista tykk\u00e4\u00e4kin.<\/p>\n<p class=\"aw-1gybjub aw-1p7kakr kEtdKx cEmitX yle__article__paragraph\">Bussikuskia pikku sattumus ei hetkauta. Suomalaisten kuljettaminen on h\u00e4nelle mieluisaa puuhaa. Pietik\u00e4inen kertoo, ett\u00e4 takavuosina ihmiset ymp\u00e4ri Espanjaa ker\u00e4siv\u00e4t tilausajojen p\u00e4\u00e4tteeksi kuljettajille kolehtia. Sittemmin tapa on hiipunut, mutta suomalaiset jalkapallon yst\u00e4v\u00e4t ovat pit\u00e4neet siit\u00e4 kiinni.<\/p>\n<p class=\"aw-1gybjub aw-1p7kakr kEtdKx cEmitX yle__article__paragraph\">Muutama kymppi ottelunmatkan j\u00e4lkeen l\u00e4mmitt\u00e4\u00e4 kuljettajien mielt\u00e4. Futismatkalaiset taas arvostavat, ett\u00e4 bussissa saa halutessaan nauttia vapaasti virvokkeita.<\/p>\n<p class=\"aw-1gybjub aw-1p7kakr kEtdKx cEmitX yle__article__paragraph\">\u2013 N\u00e4m\u00e4 eiv\u00e4t ole mit\u00e4\u00e4n ryyppyreissuja, mutta matkalla voi ottaa oluen tai pari, jos mieli tekee. Nyt ei olla s\u00e4\u00e4nt\u00f6-Suomessa, Pietik\u00e4inen sanoo.<\/p>\n<p>Fanibussin reitti Fuengirolan ytimest\u00e4 La Rosaleda -stadionille Malagaan. Animaatio: Joonas Haverinen \/ Yle, Mapcreator, OpenstreetmapVideo: Suomalaisfaneista on tullut M\u00e1lagan futispiireiss\u00e4 pienimuotoinen ilmi\u00f6. <\/p>\n<p class=\"aw-1gybjub aw-1p7kakr kEtdKx cEmitX yle__article__paragraph\">Suomalaisen kannattajayhdistyksen toiminta oli hyvinkin vire\u00e4\u00e4 koronavuosiin saakka. Pietik\u00e4isen mukaan p\u00e4\u00e4sarja-aikana pelireissun l\u00e4hti parhaimmillaan kymmenen bussillista v\u00e4ke\u00e4.<\/p>\n<p class=\"aw-1gybjub aw-1p7kakr kEtdKx cEmitX yle__article__paragraph\">\u2013 Silloin M\u00e1lagan vieraaksi tuli FC Barcelona ja ihmiset janosivat n\u00e4hd\u00e4 <strong class=\"aw-ak79eh KyCXm yle__article__strong\">Lionel Messin<\/strong>.<\/p>\n<p class=\"aw-1gybjub aw-1p7kakr kEtdKx cEmitX yle__article__paragraph\">Suomalaisjoukko sai todistaa j\u00e4ttiseuran vierailua La Rosaledalla, mutta Messi j\u00e4i n\u00e4kem\u00e4tt\u00e4. Argentiinalainen supert\u00e4hti suuntasi M\u00e1lagan sijaan sairaalaan todistamaan poikansa syntym\u00e4\u00e4.<\/p>\n<p class=\"aw-1gybjub aw-1p7kakr kEtdKx cEmitX yle__article__paragraph\">\u2013 Ihmisi\u00e4 ei naurattanut, kun selvisi, ettei Messi ollut mukana. Halvimmat matsiliput olivat satasen luokkaa, ja osa oli lent\u00e4nyt Suomesta asti katsomaan kyseist\u00e4 ottelua, Pietik\u00e4inen muistelee.<\/p>\n<p class=\"aw-1gybjub aw-1p7kakr kEtdKx cEmitX yle__article__paragraph\">\u2013 Mutta ei sota yht\u00e4 miest\u00e4 kaipaa. Tunnelma oli silti loistava.<\/p>\n<p><img decoding=\"async\" alt=\"Malaga CF:n suomalaisfanit kokoontuivat La Rosaleda -stadionille ennen kotiottelua Mirandesia vastaan marraskuussa 2025. \" src=\"https:\/\/www.europesays.com\/fi\/wp-content\/uploads\/2025\/12\/39-157035169404a9578591.jpeg\" loading=\"lazy\" class=\"aw-1l9m598 hKVVvP\"\/><\/p>\n<p>Avaa kuvien katselu<\/p>\n<p>Suomalaisfanit poseerasivat La Rosaleda -stadionin takana ennen M\u00e1lagan ja Mirandesin kohtaamista. Kuva: Jelena Lepp\u00e4nen \/ Yle <\/p>\n<p>Ennakkok\u00e4sitykset uusiksi<\/p>\n<p class=\"aw-1gybjub aw-1p7kakr kEtdKx cEmitX yle__article__paragraph\">M\u00e1laga CF:ss\u00e4 suomalaisfaneista on tullut jo er\u00e4\u00e4nlainen k\u00e4site. Esimerkiksi Pietik\u00e4isen perustamassa M\u00e1lagan suomalaiskannattajien Facebook-ryhm\u00e4ss\u00e4 on yli 6\u00a0000 j\u00e4sent\u00e4.<\/p>\n<p class=\"aw-1gybjub aw-1p7kakr kEtdKx cEmitX yle__article__paragraph\">Seuran kansainv\u00e4lisist\u00e4 suhteista ja kannattajayhdistystoiminnasta vastaava Sergio Valencia sanoo suomalaisen porukan olevan monella tapaa ainutlaatuinen.<\/p>\n<p class=\"aw-1gybjub aw-1p7kakr kEtdKx cEmitX yle__article__paragraph\">\u2013 Yleens\u00e4 t\u00e4nne tulevat ulkomaalaiset kannattavat suurseuroja Real Madridia tai Barcelonaa. Suomalaiset ottivat kuitenkin M\u00e1lagan omakseen. Kun joukkue putosi kolmannelle sarjatasolle, otteluissa k\u00e4vi 100\u2013150 suomalaista. Se teki ison vaikutuksen. Emme odottaneet heilt\u00e4 sellaista.<\/p>\n<p><img decoding=\"async\" alt=\"Malaga CF:n kansainv\u00e4lisest\u00e4 toiminnasta vastaava Sergio Valencia kuvattuna La Rosaleda -stadionilla marraskuussa 2025. \" src=\"https:\/\/www.europesays.com\/fi\/wp-content\/uploads\/2025\/12\/39-1570335694042d743504.jpeg\" loading=\"lazy\" class=\"aw-1l9m598 hKVVvP\"\/><\/p>\n<p>Avaa kuvien katselu<\/p>\n<p>Sergio Valencia kertoo, ett\u00e4 M\u00e1laga CF:ll\u00e4 on kaikkiaan 47 kannattajayhdistyst\u00e4. Valencia arvioi, ett\u00e4 suomalaiset ovat myytyjen lippujen m\u00e4\u00e4r\u00e4ss\u00e4 kuuden suurimman yhdistyksen joukossa.  Kuva: Jelena Lepp\u00e4nen \/ Yle <img decoding=\"async\" alt=\"Malaga CF:n kotistadionin La Rosaledan lattiaan on liimattu suomenkielinen kannustustarra. \" src=\"https:\/\/www.europesays.com\/fi\/wp-content\/uploads\/2025\/12\/39-1569123693c442233c48.jpeg\" loading=\"lazy\" class=\"aw-1l9m598 hKVVvP\"\/><\/p>\n<p>Avaa kuvien katselu<\/p>\n<p>\u201dHakkaa p\u00e4\u00e4lle\u201d. La Rosaleda -stadionin lattiaan on liimattu suomenkielinen kannustustarra. Valencian mukaan se on kunnianosoitus uskollisille suomalaisfaneille. Kuva: Jelena Lepp\u00e4nen \/ Yle <\/p>\n<p class=\"aw-1gybjub aw-1p7kakr kEtdKx cEmitX yle__article__paragraph\">20 vuotta seurassa ty\u00f6skennellyt Valencia muistaa el\u00e4v\u00e4sti, kuinka liikemiehet Pietik\u00e4inen ja Levander tulivat ensi kertaa seuran toimistolle ostamaan ottelulippuja. Valencia ja muu seurav\u00e4ki olivat ihmeiss\u00e4\u00e4n peliin mielivien suomalaisten m\u00e4\u00e4r\u00e4st\u00e4.<\/p>\n<p class=\"aw-1gybjub aw-1p7kakr kEtdKx cEmitX yle__article__paragraph\">Tarkempi tutustuminen opetti my\u00f6s, etteiv\u00e4t stereotypiat pid\u00e4 aina paikkaansa.<\/p>\n<p class=\"aw-1gybjub aw-1p7kakr kEtdKx cEmitX yle__article__paragraph\">\u2013 Espanjalaisilla on tiettyj\u00e4 ennakkok\u00e4sityksi\u00e4 suomalaisista ja ylip\u00e4\u00e4ns\u00e4 pohjoismaalaisista ihmisist\u00e4. Tapaamamme kannattajat ovat olleet kuitenkin avoimia ja todella l\u00e4mminhenkisi\u00e4. Jalkapallon ansiosta huomasimme, miten sympaattisia suomalaiset ovat.<\/p>\n<p><img decoding=\"async\" alt=\"Malaga CF:n suomalaisfani Erkki Innanen poseerasi seuran pelaajien Badr Boulahroudin (vas.) ja Pawe\u0142 Kieszekin kanssa vuonna 2018. \" src=\"https:\/\/www.europesays.com\/fi\/wp-content\/uploads\/2025\/12\/39-1569124693c472c2ab6d.jpeg\" loading=\"lazy\" class=\"aw-1l9m598 hKVVvP\"\/><\/p>\n<p>Avaa kuvien katselu<\/p>\n<p>M\u00e1laga CF:n ja Suomi-fanien suhteet ovat olleet l\u00e4mpim\u00e4t jo pitk\u00e4\u00e4n. Kuvassa Erkki Innanen M\u00e1lagaa edustaneiden Badr Boulahroudin (vas.) ja Pawe\u0142 Kieszekin kanssa kannattajayhdistyksen juhlatapahtumassa vuonna 2018.  Kuva: Erkki Innasen kuvat <\/p>\n<p class=\"aw-1gybjub aw-1p7kakr kEtdKx cEmitX yle__article__paragraph\">Yhdeks\u00e4n vuotta M\u00e1lagan pelej\u00e4 kiert\u00e4nyt urheilun monitoimimies <strong class=\"aw-ak79eh KyCXm yle__article__strong\">Tero Auvinen<\/strong> on samoilla linjoilla.<\/p>\n<p class=\"aw-1gybjub aw-1p7kakr kEtdKx cEmitX yle__article__paragraph\">\u2013 T\u00e4m\u00e4 ei ole mik\u00e4\u00e4n sis\u00e4piirin juttu, vaan t\u00e4ss\u00e4 porukassa on oikeasti helppo olla. Ihan sama, tuleeko t\u00e4nne ensimm\u00e4ist\u00e4 kertaa vai onko asunut Aurinkorannikolla 10 vuotta, kaikki ovat samassa asemassa, osan vuodesta Benalmadenassa viett\u00e4v\u00e4 Auvinen fiilistelee.<\/p>\n<p class=\"aw-1gybjub aw-1p7kakr kEtdKx cEmitX yle__article__paragraph\">Vajaat 20\u00a0000 ihmist\u00e4 nieleskelee pettymyst\u00e4 La Rosaleda -stadionilla.<\/p>\n<p class=\"aw-1gybjub aw-1p7kakr kEtdKx cEmitX yle__article__paragraph\">Avauspuolikkaan j\u00e4lkeen M\u00e1laga on johtanut ottelua Mirandesia vastaan 2\u20130 <strong class=\"aw-ak79eh KyCXm yle__article__strong\">Adri\u00e1n Ni\u00f1on<\/strong> osumilla. Sitten on tapahtunut jotain, mihin fanit ovat joutuneet tottumaan liian monta kertaa.<\/p>\n<p class=\"aw-1gybjub aw-1p7kakr kEtdKx cEmitX yle__article__paragraph\">Heikot ratkaisut seuraavat toisella jaksolla toisiaan. M\u00e1lagan puolustus sekoilee, ja <strong class=\"aw-ak79eh KyCXm yle__article__strong\">Gonzalo Petit<\/strong> tasoittaa ottelun 79. minuutilla 2\u20132:een.<\/p>\n<p class=\"aw-1gybjub aw-1p7kakr kEtdKx cEmitX yle__article__paragraph\">\u2013 T\u00e4t\u00e4 t\u00e4m\u00e4 on. Ei kannata fanittaa M\u00e1lagaa, jos haluat s\u00e4ilytt\u00e4\u00e4 hiuksesi, peli\u00e4 seuraavat <strong class=\"aw-ak79eh KyCXm yle__article__strong\">Jyrki Ramstedt<\/strong> ja Erkki Innanen tiivist\u00e4v\u00e4t monien tuntoja.<\/p>\n<p>Suomalaisfanien usko oli koetuksella ottelun loppuhetkill\u00e4. <\/p>\n<p class=\"aw-1gybjub aw-1p7kakr kEtdKx cEmitX yle__article__paragraph\">Tuhannet ihmiset j\u00e4tt\u00e4v\u00e4t stadionin. Malagalaiskannattajat laulavat seurajohdolle potkuja. Kausi on alkanut kaikkea muuta kuin odotusten mukaan. P\u00e4\u00e4valmentaja <strong class=\"aw-ak79eh KyCXm yle__article__strong\">Sergio Pellicer<\/strong> on saanut hiljattain l\u00e4hte\u00e4, ja nyt edustusjoukkueen luotsiksi on nostettu nelosdivarista <strong class=\"aw-ak79eh KyCXm yle__article__strong\">Juan Funes<\/strong>.<\/p>\n<p class=\"aw-1gybjub aw-1p7kakr kEtdKx cEmitX yle__article__paragraph\">Ramstedt el\u00e4ytyy otteluun niin tunteella, ett\u00e4 edess\u00e4 istuvat malagalaiset luovat kuusikymppiseen futisintoilijaan huvittuneita katseita. M\u00e1laga CF on Ramstedtin suuri rakkaus. Sen merkitys ulottuu syvemm\u00e4lle kuin moni tiet\u00e4\u00e4k\u00e4\u00e4n.<\/p>\n<p class=\"aw-1gybjub aw-1p7kakr kEtdKx cEmitX yle__article__paragraph\">Ramstedt muutti yli nelj\u00e4 vuotta sitten Fuengirolaan. Avioero oli j\u00e4tt\u00e4nyt j\u00e4lkens\u00e4, ja alkoholia kului. Ramstedt kertoo pys\u00e4htyneens\u00e4, kun h\u00e4n n\u00e4ki yst\u00e4vist\u00e4\u00e4n, mit\u00e4 juominen voi saada aikaan.<\/p>\n<p class=\"aw-1gybjub aw-1p7kakr kEtdKx cEmitX yle__article__paragraph\">\u2013 Sitten tytt\u00e4reni kysyiv\u00e4t, haluatko isk\u00e4 saman kohtalon.<\/p>\n<blockquote class=\"aw-5b7r8f cbYKVf\">\n<p class=\"aw-1gybjub aw-c9wyj2 kEtdKx bijWeu\">T\u00e4t\u00e4 ei vain voi olla rakastamatta.<\/p>\n<p class=\"aw-1gybjub aw-1pgj57y kEtdKx feofuq\">Jyrki Ramstedt<\/p>\n<\/blockquote>\n<p class=\"aw-1gybjub aw-1p7kakr kEtdKx cEmitX yle__article__paragraph\">Kun korkki meni kiinni, jalkapallo toi el\u00e4m\u00e4\u00e4n t\u00e4rke\u00e4\u00e4 sis\u00e4lt\u00f6\u00e4.<\/p>\n<p class=\"aw-1gybjub aw-1p7kakr kEtdKx cEmitX yle__article__paragraph\">\u2013 Olen ollut useamman vuoden ilman pisaraakaan alkoholia, koska on vaan niin pirun kiva olla. Urheilu auttoi tajuamaan, ett\u00e4 maailmassa on muutakin kuin juominen. Saan katsoa hyvi\u00e4 pelej\u00e4 ihanien ihmisten kanssa, saunabisnest\u00e4 Aurinkorannikolla py\u00f6ritt\u00e4v\u00e4 Ramstedt kertoo.<\/p>\n<p class=\"aw-1gybjub aw-1p7kakr kEtdKx cEmitX yle__article__paragraph\">Ramstedt ei ole ainoa, jolle urheilu on tarjonnut uutta suuntaa. Moni juttuun haastateltu suomalainen kertoo, ett\u00e4 yhteiset futisreissut ovat auttaneet sopeutumaan uuteen maahan ja arkeen.<\/p>\n<p class=\"aw-1gybjub aw-1p7kakr kEtdKx cEmitX yle__article__paragraph\">\u2013 Espanjaan tulevien joukossa on my\u00f6s paljon yksin\u00e4isi\u00e4 ihmisi\u00e4. T\u00e4m\u00e4 on yksi mahdollisuus p\u00e4\u00e4st\u00e4 t\u00e4\u00e4ll\u00e4 kiinni el\u00e4m\u00e4\u00e4n ja l\u00f6yt\u00e4\u00e4 uusia yst\u00e4vi\u00e4, Maritta Innanen sanoo.<\/p>\n<p><img decoding=\"async\" alt=\"M\u00e1laga CF:n otteluissa riitt\u00e4\u00e4 katsojia, vaikka seura pelaa Espanjan toiseksi korkeimmalla sarjatasolla. \" src=\"https:\/\/www.europesays.com\/fi\/wp-content\/uploads\/2025\/12\/39-15703756940663f40a33.jpeg\" loading=\"lazy\" class=\"aw-1l9m598 hKVVvP\"\/><\/p>\n<p>Avaa kuvien katselu<\/p>\n<p>M\u00e1lagan otteluissa riitt\u00e4\u00e4 tunnetta.  Kuva: Jelena Lepp\u00e4nen \/ Yle<\/p>\n<p class=\"aw-1gybjub aw-1p7kakr kEtdKx cEmitX yle__article__paragraph\">M\u00e1lagan ja Mirandesin ottelussa pelataan lis\u00e4aikaa, kun andalusialaiset saavat vapaapotkun 40 metrist\u00e4. Odotukset eiv\u00e4t ole korkealla, sill\u00e4 aikaa on minuutti eik\u00e4 M\u00e1laga ole erityisemmin loistanut erikoistilanteissa.<\/p>\n<p class=\"aw-1gybjub aw-1p7kakr kEtdKx cEmitX yle__article__paragraph\">Vapari leijuu Mirandesin rangaistusalueelle, ja pienen flipperin j\u00e4lkeen <strong class=\"aw-ak79eh KyCXm yle__article__strong\">Einar Garcia<\/strong> sijoittaa paluupallon maaliin.<\/p>\n<p class=\"aw-1gybjub aw-1p7kakr kEtdKx cEmitX yle__article__paragraph\">Voitto-osuma saa katsojat euforiseen tilaan.<\/p>\n<p class=\"aw-1gybjub aw-1p7kakr kEtdKx cEmitX yle__article__paragraph\">Edess\u00e4 istuva malagalaismies nappaa Ramstedtin halaukseen. Lyhyt onnenhetki on t\u00e4ynn\u00e4 tunnetta. Kollektiivisen juhlan keskell\u00e4 on helppo ymm\u00e4rt\u00e4\u00e4, miksi monet palaavat stadionille kerta toisensa j\u00e4lkeen.<\/p>\n<p class=\"aw-1gybjub aw-1p7kakr kEtdKx cEmitX yle__article__paragraph\">\u2013 Ei sit\u00e4 osaa pukea sanoiksi. T\u00e4t\u00e4 ei vain voi olla rakastamatta, Jyrki Ramstedt saa sanotuksi ennen kuin yhtyy ymp\u00e4rill\u00e4 olevien huutoon.<\/p>\n<p>M\u00e1lagan voitto sai fanit hullaantumaan. <\/p>\n","protected":false},"excerpt":{"rendered":"Suomalaisravintola Uuden Reflan ymp\u00e4rill\u00e4 riitt\u00e4\u00e4 kuhinaa marraskuisena sunnuntai-iltana. Fuengirolan pienvenesatamassa sijaitsevaan paikkaan on saapunut iso joukko innokkaita suomalaisia.&hellip;\n","protected":false},"author":2,"featured_media":126056,"comment_status":"","ping_status":"","sticky":false,"template":"","format":"standard","meta":{"footnotes":""},"categories":[158],"tags":[1819,33,31,30,43,3954,22431,159,32,160],"class_list":{"0":"post-126055","1":"post","2":"type-post","3":"status-publish","4":"format-standard","5":"has-post-thumbnail","7":"category-urheilu","8":"tag-espanja","9":"tag-fi","10":"tag-finland","11":"tag-finnish","12":"tag-jalkapallo","13":"tag-jalkapallofanit","14":"tag-malaga-cf","15":"tag-sports","16":"tag-suomi","17":"tag-urheilu"},"share_on_mastodon":{"url":"https:\/\/pubeurope.com\/@fi\/115784400108081767","error":""},"_links":{"self":[{"href":"https:\/\/www.europesays.com\/fi\/wp-json\/wp\/v2\/posts\/126055","targetHints":{"allow":["GET"]}}],"collection":[{"href":"https:\/\/www.europesays.com\/fi\/wp-json\/wp\/v2\/posts"}],"about":[{"href":"https:\/\/www.europesays.com\/fi\/wp-json\/wp\/v2\/types\/post"}],"author":[{"embeddable":true,"href":"https:\/\/www.europesays.com\/fi\/wp-json\/wp\/v2\/users\/2"}],"replies":[{"embeddable":true,"href":"https:\/\/www.europesays.com\/fi\/wp-json\/wp\/v2\/comments?post=126055"}],"version-history":[{"count":0,"href":"https:\/\/www.europesays.com\/fi\/wp-json\/wp\/v2\/posts\/126055\/revisions"}],"wp:featuredmedia":[{"embeddable":true,"href":"https:\/\/www.europesays.com\/fi\/wp-json\/wp\/v2\/media\/126056"}],"wp:attachment":[{"href":"https:\/\/www.europesays.com\/fi\/wp-json\/wp\/v2\/media?parent=126055"}],"wp:term":[{"taxonomy":"category","embeddable":true,"href":"https:\/\/www.europesays.com\/fi\/wp-json\/wp\/v2\/categories?post=126055"},{"taxonomy":"post_tag","embeddable":true,"href":"https:\/\/www.europesays.com\/fi\/wp-json\/wp\/v2\/tags?post=126055"}],"curies":[{"name":"wp","href":"https:\/\/api.w.org\/{rel}","templated":true}]}}