{"id":126057,"date":"2025-12-26T06:14:07","date_gmt":"2025-12-26T06:14:07","guid":{"rendered":"https:\/\/www.europesays.com\/fi\/126057\/"},"modified":"2025-12-26T06:14:07","modified_gmt":"2025-12-26T06:14:07","slug":"kai-hyttinen-iso-kaanne-terveydessa-sairaalahoito-pelasti","status":"publish","type":"post","link":"https:\/\/www.europesays.com\/fi\/126057\/","title":{"rendered":"Kai Hyttinen: iso k\u00e4\u00e4nne terveydess\u00e4 \u2013 sairaalahoito pelasti"},"content":{"rendered":"<p class=\"has-drop-cap\"><strong>Kai \u201dKuju\u201d Hyttinen<\/strong>, 78, on sinivalkoinen iskelm\u00e4legenda.<\/p>\n<p>Pitk\u00e4n uran tehnyt laulaja tunnetaan tietysti klassikkohitist\u00e4\u00e4n\u00a0Dirlanda\u00a0sek\u00e4 muista suosikkikappaleistaan kuten\u00a0K\u00e4ym\u00e4\u00e4n vain,\u00a0Tuulen tie,\u00a0Flirtaten,\u00a0Naiset, Nosta lippu salkoon\u00a0ja\u00a0Kurki.<\/p>\n<p>Esikosisinkku\u00a0Tytt\u00f6\u00a0ilmestyi jo vuonna 1966, se oli k\u00e4\u00e4nn\u00f6sversio The Beatles -hitist\u00e4\u00a0Girl.<\/p>\n<p>\u201dOlen el\u00e4nyt. Ei sen enemp\u00e4\u00e4 eik\u00e4 v\u00e4hemp\u00e4\u00e4\u201d, Kuju on kuvaillut el\u00e4m\u00e4\u00e4ns\u00e4.<\/p>\n<p>1970-luvulla viina virtasi. <a href=\"https:\/\/www.tanssiin.fi\/tag\/kai-hyttinen\/\" title=\"kai hyttinen\" rel=\"nofollow noopener\" target=\"_blank\">Kuju <\/a>my\u00f6nt\u00e4\u00e4, ett\u00e4 illat olivat kosteita kuten siihen aikaan oli tapana.<\/p>\n<p>\u201dKyll\u00e4styin juomiseen 2000-luvun puolella. Huomasin, ett\u00e4 on paljon mukavampiakin asioita. Hurahdin golfiin. Tuntui hauskemmalta pelata golfia kuin olla kankkusessa.\u201d<\/p>\n<p><strong>Lue my\u00f6s:<\/strong> <a href=\"https:\/\/www.tanssiin.fi\/kai-hyttinen-kyllastyi-juomiseen-ja-hylkasi-alkoholin-suree-kaytostaan-lastensa-kanssa\/\" title=\"Kai Hyttinen kyll\u00e4styi juomiseen ja hylk\u00e4si alkoholin \u2013 suree k\u00e4yt\u00f6st\u00e4\u00e4n lastensa kanssa\" rel=\"nofollow noopener\" target=\"_blank\">Kai Hyttinen kyll\u00e4styi juomiseen ja hylk\u00e4si alkoholin \u2013 suree k\u00e4yt\u00f6st\u00e4\u00e4n lastensa kanssa<\/a><\/p>\n<p>Kuju opiskeli er\u00e4oppaaksi ja ihastui Lappiin<\/p>\n<p>2000-luvun alussa Hyttinen my\u00f6s k\u00e4\u00e4nsi uuden sivun el\u00e4m\u00e4ss\u00e4\u00e4n. Iskelmien esitt\u00e4minen alkoi tuntua toden teolla ty\u00f6lt\u00e4 ja Kuju halusi uutta sis\u00e4lt\u00f6\u00e4 arkeensa.<\/p>\n<p>\u201dEn halunnut en\u00e4\u00e4 olla se esiintyv\u00e4 ihminen, joka ansaitsee erityist\u00e4 kohtelua. Halusin tehd\u00e4 arkista ja ruumiillista ty\u00f6t\u00e4\u201d, h\u00e4n kertoo <a href=\"https:\/\/www.etlehti.fi\" title=\"\" rel=\"nofollow noopener\" target=\"_blank\">ET-lehden<\/a> haastattelussa marraskuussa 2025.<\/p>\n<p>Kuku alkoi opiskella uuteen ammattiin 55-vuotiaana ja valmistui Muonion er\u00e4opaskoulusta er\u00e4oppaaksi 2002. Yli 30 vuotta kest\u00e4nyt avioliitto oli jo silloin miehen mukaan \u201dlev\u00e4ll\u00e4\u00e4n\u201d  ja lapsetkin aikuisia, joten mik\u00e4\u00e4n ei pid\u00e4tellyt Kujua etel\u00e4ss\u00e4.<\/p>\n<p>Niinp\u00e4 Hyttinen p\u00e4\u00e4tti j\u00e4\u00e4d\u00e4 pysyv\u00e4sti Lappiin. H\u00e4n veti mm. turisteille hiihtovaelluksia ja nautti asumisesta Kilpisj\u00e4rvell\u00e4.<\/p>\n<p><strong>Lue my\u00f6s:<\/strong> <a href=\"https:\/\/www.tanssiin.fi\/kai-hyttinen-ja-pasi-kaunisto-yhdistivat-voimansa-meita-on-enaa-kourallinen-kiertamassa\/\" title=\"Kai Hyttinen ja Pasi Kaunisto yhdistiv\u00e4t voimansa: \u201dMeit\u00e4 on en\u00e4\u00e4 kourallinen kiert\u00e4m\u00e4ss\u00e4\u201d\" rel=\"nofollow noopener\" target=\"_blank\">Kai Hyttinen ja Pasi Kaunisto yhdistiv\u00e4t voimansa: \u201dMeit\u00e4 on en\u00e4\u00e4 kourallinen kiert\u00e4m\u00e4ss\u00e4\u201d<\/a><\/p>\n<p>Ortodoksisuus puhuttelee Kujua<\/p>\n<p>Lappi toi Kai Hyttisen el\u00e4m\u00e4\u00e4n my\u00f6s uuden rakkauden. H\u00e4n muistelee ET-lehdess\u00e4, kuinka sai s\u00e4hk\u00f6postia er\u00e4\u00e4lt\u00e4 <strong>Annelta<\/strong> vuonna 2008. Anne halusi p\u00e4\u00e4st\u00e4 tunturivaellukselle mukaan.<\/p>\n<p>Norjan ja Ruotsin tunturien varjossa Annen ja Kujun kemiat kohtasivat, ja he alkoivat vaelluksen j\u00e4lkeen soitella, tapailla ja lopulta seurustella.<\/p>\n<p>Rakkauden lis\u00e4ksi Kuju l\u00f6ysi rauhan uskosta. H\u00e4n tutustui ortodoksiseen uskontoon, mist\u00e4 h\u00e4n ammensi anteeksiannon avaimet.<\/p>\n<p>\u201dKun sain itseni kiinni ik\u00e4vist\u00e4 ajatuksista, tein ristinmerkin. Huomasin, ett\u00e4 se auttoi\u201d, h\u00e4n kuvailee lehdess\u00e4.<\/p>\n<blockquote>\n<p>Kuju raitistui 16 vuotta sitten<\/p>\n<\/blockquote>\n<p>Itsens\u00e4 tutkiskelu johti my\u00f6s lopulliseen raittiuteen. Kuju j\u00e4tti alkoholiin kokonaan kuutisentoista vuotta sitten.\u00a0<\/p>\n<p>Vuonna 2012 Hyttinen p\u00e4\u00e4si Joensuun yliopistoon opiskelemaan ortodoksista kirkkomusiikkia ja sivuaineena ven\u00e4j\u00e4n kielt\u00e4.<\/p>\n<p>Ortodoksisuuteen k\u00e4\u00e4ntynyt laulaja asui Joensuussa kunnes vuonna 2016 p\u00e4\u00e4tti keskitty\u00e4 perhe-el\u00e4m\u00e4\u00e4n Annensa kanssa ja muutti Orivedelle.<\/p>\n<p>Kuju loukkasi marraskuussa pahoin polvensa<\/p>\n<p>Kai Hyttinen esiintyy yh\u00e4. Moni muistaa supersuositut Yhdess\u00e4-kiertueet <strong><a href=\"https:\/\/www.tanssiin.fi\/tag\/lea-laven\/\" title=\"lea laven\" rel=\"nofollow noopener\" target=\"_blank\">Lea Lavenin<\/a><\/strong>, <strong><a href=\"https:\/\/www.tanssiin.fi\/tag\/marion-rung\/\" title=\"marion rung\" rel=\"nofollow noopener\" target=\"_blank\">Marion Rungin<\/a><\/strong> ja <strong><a href=\"https:\/\/www.tanssiin.fi\/tag\/markku-aro\/\" title=\"markku aro\" rel=\"nofollow noopener\" target=\"_blank\">Markku Aron<\/a><\/strong> kanssa 2023-25.<\/p>\n<p>T\u00e4n\u00e4 talvena Kuju t\u00e4hditti toisen laulajalegendan, <strong><a href=\"https:\/\/www.tanssiin.fi\/tag\/pasi-kaunisto\/\" title=\"pasi kaunisto\" rel=\"nofollow noopener\" target=\"_blank\">Pasi Kauniston<\/a><\/strong> kanssa Kotiseutu Pohjolassa\u00a0-kiertuetta, joka kuitenkin katkesi Kujun osalta ik\u00e4v\u00e4\u00e4n loukkaantumiseen.<\/p>\n<p>Tanssiin.fi uutisoi marraskuussa, ett\u00e4 Kuju loukkasi polvensa niin pahoin, ett\u00e4 loppuvuoden konsertit siirtyiv\u00e4t kev\u00e4\u00e4lle 2026.<\/p>\n<p><strong>Lue my\u00f6s:<\/strong> <a href=\"https:\/\/www.tanssiin.fi\/kai-kuju-hyttinen-loukkaantui-loppuvuoden-konsertit-siirtyvat\/\" title=\"Kai \u201dKuju\u201d Hyttinen loukkaantui \u2013 loppuvuoden konsertit siirtyv\u00e4t\" rel=\"nofollow noopener\" target=\"_blank\">Kai \u201dKuju\u201d Hyttinen loukkaantui \u2013 loppuvuoden konsertit siirtyv\u00e4t<\/a><\/p>\n<blockquote>\n<p>&#8221;Nyt jaksan taas k\u00e4vell\u00e4 ja uida&#8221;<\/p>\n<p>kai hyttinen et-lehdess\u00e4<\/p><\/blockquote>\n<p>Toisenlaisestakin terveyshaasteesta Kuju on k\u00e4rsinyt: h\u00e4n kertoo ET-lehdess\u00e4 saaneensa sairaalassa avun v\u00e4symykseens\u00e4 ja vet\u00e4m\u00e4tt\u00f6myyteens\u00e4. Operaatiossa laulajan sepelvaltimoon tullut ahtauma hoidettiin ennen kuin se ehti aiheuttaa syd\u00e4ninfarktin.<\/p>\n<p>Terveysk\u00e4\u00e4nne oli iso ja merkitt\u00e4v\u00e4.<\/p>\n<p>&#8221;Nyt jaksan taas k\u00e4vell\u00e4, touhuta pihat\u00f6it\u00e4, uida ja hiiht\u00e4\u00e4. Paino on pudonnut ja kolesteroli my\u00f6s.&#8221;<\/p>\n<p>Syksyll\u00e4 2026 Kuju on lupautunut esiintym\u00e4\u00e4n Kokkolan teatterissa Mielens\u00e4pahoittaja-n\u00e4ytelm\u00e4ss\u00e4.<\/p>\n<p>&#8221;Pid\u00e4n ennen joka esityst\u00e4 pienen hiljaisen hetken ja heit\u00e4n rukousta taivaalle, ett\u00e4 kuulijat saisivat esityksest\u00e4 jotain \u2013\u00a0lohdutusta tai mit\u00e4 nyt kukin tarvitsee. Minua rukous auttaa keskittym\u00e4\u00e4n.&#8221;<\/p>\n<p>Kujulla on nelj\u00e4 lasta: kolme tyt\u00e4rt\u00e4 ja yksi poika.\u00a0<\/p>\n<p><strong>Katso<\/strong> video Pasi Kaunisto ja Kai Hyttinen Kotiseutu pohjolassa lokakuussa 2025:<\/p>\n<p>Kirjoittanut:<br \/>\n<img loading=\"lazy\" data-lazyloaded=\"1\" width=\"512\" height=\"512\" decoding=\"async\" class=\"aioseo-author-image\" src=\"https:\/\/www.europesays.com\/fi\/wp-content\/uploads\/2025\/10\/cropped-tanssiin-logo.jpg\" alt=\"author avatar\"\/><\/p>\n<p>Tanssiin.fi<\/p>\n<p>\nTanssi- ja iskelm\u00e4musiikin uutiset asiantuntevasti.<\/p>\n<p><img loading=\"lazy\" decoding=\"async\" data-lazyloaded=\"1\" width=\"512\" height=\"512\" class=\"aioseo-author-bio-compact-image\" src=\"https:\/\/www.europesays.com\/fi\/wp-content\/uploads\/2025\/10\/cropped-tanssiin-logo.jpg\" alt=\"author avatar\"\/><br \/>\nTanssi- ja iskelm\u00e4musiikin uutiset asiantuntevasti.<\/p>\n<p>0%<br \/>\nIhana<\/p>\n<p>0%<br \/>\nHauska<\/p>\n<p>0%<br \/>\nVau<\/p>\n<p>0%<br \/>\nSurullinen<\/p>\n<p>0%<br \/>\nVihainen\n<\/p>\n<p>Post navigation<\/p>\n","protected":false},"excerpt":{"rendered":"Kai \u201dKuju\u201d Hyttinen, 78, on sinivalkoinen iskelm\u00e4legenda. Pitk\u00e4n uran tehnyt laulaja tunnetaan tietysti klassikkohitist\u00e4\u00e4n\u00a0Dirlanda\u00a0sek\u00e4 muista suosikkikappaleistaan kuten\u00a0K\u00e4ym\u00e4\u00e4n vain,\u00a0Tuulen&hellip;\n","protected":false},"author":2,"featured_media":126058,"comment_status":"","ping_status":"","sticky":false,"template":"","format":"standard","meta":{"footnotes":""},"categories":[130],"tags":[137,33,31,30,19593,8972,667,1077,98,1311,22432,32,4049,167,3312,16,109],"class_list":{"0":"post-126057","1":"post","2":"type-post","3":"status-publish","4":"format-standard","5":"has-post-thumbnail","7":"category-viihde","8":"tag-entertainment","9":"tag-fi","10":"tag-finland","11":"tag-finnish","12":"tag-kai-hyttinen","13":"tag-keikat","14":"tag-lappi","15":"tag-media","16":"tag-perhe","17":"tag-rakkaus","18":"tag-sepelvaltimo","19":"tag-suomi","20":"tag-tanssitahdet","21":"tag-terveys","22":"tag-usko","23":"tag-uutiset","24":"tag-viihde"},"share_on_mastodon":{"url":"https:\/\/pubeurope.com\/@fi\/115784401960098974","error":""},"_links":{"self":[{"href":"https:\/\/www.europesays.com\/fi\/wp-json\/wp\/v2\/posts\/126057","targetHints":{"allow":["GET"]}}],"collection":[{"href":"https:\/\/www.europesays.com\/fi\/wp-json\/wp\/v2\/posts"}],"about":[{"href":"https:\/\/www.europesays.com\/fi\/wp-json\/wp\/v2\/types\/post"}],"author":[{"embeddable":true,"href":"https:\/\/www.europesays.com\/fi\/wp-json\/wp\/v2\/users\/2"}],"replies":[{"embeddable":true,"href":"https:\/\/www.europesays.com\/fi\/wp-json\/wp\/v2\/comments?post=126057"}],"version-history":[{"count":0,"href":"https:\/\/www.europesays.com\/fi\/wp-json\/wp\/v2\/posts\/126057\/revisions"}],"wp:featuredmedia":[{"embeddable":true,"href":"https:\/\/www.europesays.com\/fi\/wp-json\/wp\/v2\/media\/126058"}],"wp:attachment":[{"href":"https:\/\/www.europesays.com\/fi\/wp-json\/wp\/v2\/media?parent=126057"}],"wp:term":[{"taxonomy":"category","embeddable":true,"href":"https:\/\/www.europesays.com\/fi\/wp-json\/wp\/v2\/categories?post=126057"},{"taxonomy":"post_tag","embeddable":true,"href":"https:\/\/www.europesays.com\/fi\/wp-json\/wp\/v2\/tags?post=126057"}],"curies":[{"name":"wp","href":"https:\/\/api.w.org\/{rel}","templated":true}]}}