{"id":126061,"date":"2025-12-26T06:18:07","date_gmt":"2025-12-26T06:18:07","guid":{"rendered":"https:\/\/www.europesays.com\/fi\/126061\/"},"modified":"2025-12-26T06:18:07","modified_gmt":"2025-12-26T06:18:07","slug":"haku-maailman-tarkeimpaan-virkaan-on-auki-olisiko-nailla-suomalaisilla-mahdollisuuksia","status":"publish","type":"post","link":"https:\/\/www.europesays.com\/fi\/126061\/","title":{"rendered":"Haku maailman t\u00e4rkeimp\u00e4\u00e4n virkaan on auki \u2013 Olisiko n\u00e4ill\u00e4 suomalaisilla mahdollisuuksia?"},"content":{"rendered":"<p>Yhdistyneille kansakunnille valitaan ensi vuonna uusi p\u00e4\u00e4sihteeri.<\/p>\n<ul>\n<li>Haku YK:n uudeksi p\u00e4\u00e4sihteeriksi aukesi marraskuun lopulla. T\u00e4ll\u00e4kin kertaa p\u00e4\u00e4sihteeriksi toivottaisiin viimeinkin naista. <\/li>\n<li>Turvallisuusneuvoston pysyvill\u00e4 j\u00e4senill\u00e4 on suurta valtaa my\u00f6s uuden p\u00e4\u00e4sihteerin valinnassa.<\/li>\n<li>Uudella p\u00e4\u00e4sihteerill\u00e4 tulee olemaan edess\u00e4\u00e4n vaikeita haasteita aikana, jona koko YK:n uskottavuutta kyseenalaistetaan.<\/li>\n<\/ul>\n<p class=\"paragraph\">Haku kenties maailman t\u00e4rkeimp\u00e4\u00e4n virkaan k\u00e4ynnistyi j\u00e4lleen marraskuussa, kun Yhdistyneiden kansakuntien turvallisuusneuvosto l\u00e4hetti j\u00e4senmailleen pyynn\u00f6n esitt\u00e4\u00e4 henkil\u00f6it\u00e4, jotka sopisivat YK:n p\u00e4\u00e4sihteeriksi.<\/p>\n<p class=\"paragraph\">Virassa on t\u00e4h\u00e4n menness\u00e4 toiminut vain pieni kymmenen hengen joukko ihmisi\u00e4, mutta heist\u00e4 jopa kaksi on tullut Pohjoismaista. Norjan <a href=\"https:\/\/www.iltalehti.fi\/henkilot\/Trygve Lie\" class=\"article-link-person-page\" rel=\"nofollow noopener\" target=\"_blank\">Trygve Lie<\/a> oli YK:n ensimm\u00e4inen varsinainen p\u00e4\u00e4sihteeri ja Ruotsin <a href=\"https:\/\/www.iltalehti.fi\/henkilot\/Dag Hammarskj\u00f6ld\" class=\"article-link-person-page\" rel=\"nofollow noopener\" target=\"_blank\">Dag Hammarskj\u00f6ld<\/a> toinen.<\/p>\n<p class=\"paragraph\">Olisiko t\u00e4ll\u00e4 kertaa siis kenties jonkun suomalaisen, kuten entisen presidentin <a href=\"https:\/\/www.iltalehti.fi\/henkilot\/Sauli Niinist\u00f6\" class=\"article-link-person-page\" rel=\"nofollow noopener\" target=\"_blank\">Sauli Niinist\u00f6n<\/a> tai entisen p\u00e4\u00e4ministerin <a href=\"https:\/\/www.iltalehti.fi\/henkilot\/Sanna Marin\" class=\"article-link-person-page\" rel=\"nofollow noopener\" target=\"_blank\">Sanna Marinin<\/a> vuoro?<\/p>\n<p class=\"paragraph\">\u2013 Molemmat olisivat varmasti vahvoja kandidaatteja, mutta en voi t\u00e4t\u00e4 enemp\u00e4\u00e4 arvioida, koska nyt ei ole Euroopan vuoro, kertoo Iltalehdelle Suomen YK-liiton toiminnanjohtaja <strong>Helena Laukko<\/strong>.<\/p>\n<p>Suomen entisell\u00e4 presidentill\u00e4 Sauli Niinist\u00f6ll\u00e4 olisi teht\u00e4v\u00e4\u00e4n kaivattua kokemusta diplomatiasta. Mikko Huisko<\/p>\n<p class=\"paragraph\">Laukko viittaa valintaan liittyv\u00e4\u00e4n k\u00e4yt\u00e4nt\u00f6\u00f6n, jonka mukaan p\u00e4\u00e4sihteerin viran tulisi kiert\u00e4\u00e4 tasaisesti ymp\u00e4ri maailmaa.<\/p>\n<p class=\"paragraph\">T\u00e4ll\u00e4 hetkell\u00e4 virassa toimii portugalilainen <a href=\"https:\/\/www.iltalehti.fi\/henkilot\/Ant\u00f3nio Guterres\" class=\"article-link-person-page\" rel=\"nofollow noopener\" target=\"_blank\">Ant\u00f3nio Guterres<\/a>, joten eurooppalainen p\u00e4\u00e4sihteeri on eritt\u00e4in ep\u00e4todenn\u00e4k\u00f6inen. Seuraavaan p\u00e4\u00e4sihteerin povataankin tulevan mahdollisesti jostakin Latinalaisen Amerikan maasta.<\/p>\n<p class=\"paragraph\">T\u00e4st\u00e4 syyst\u00e4 ehdokasvalintaan liittyv\u00e4t valmistelut eiv\u00e4t ole my\u00f6sk\u00e4\u00e4n Suomen ulkoministeri\u00f6n YK- ja yleisten globaaliasioiden yksik\u00f6n p\u00e4\u00e4llik\u00f6n <strong>Miia Rainteen<\/strong> mukaan k\u00e4ynniss\u00e4.<\/p>\n<p class=\"paragraph\">\u2013 T\u00e4m\u00e4 asia ei ole meill\u00e4 aktiivisesti esill\u00e4, koska mahdollisuudet tulla valituksi l\u00e4nsiryhm\u00e4st\u00e4 ovat k\u00e4yt\u00e4nn\u00f6ss\u00e4 hyvin pienet. Pit\u00e4isi olla monella tapaa poikkeuksellinen ehdokas, jotta l\u00e4nsiryhm\u00e4n ehdokkuutta harkittaisiin.<\/p>\n<p class=\"paragraph\">Suomi ei toisin sanoen aio ehdottaa ket\u00e4\u00e4n suomalaista YK:n p\u00e4\u00e4sihteeriksi, kun asiaa koskeva \u00e4\u00e4nestys k\u00e4ynnistyy n\u00e4ill\u00e4 n\u00e4kymin hein\u00e4kuussa.<\/p>\n<p>YK:n uudeksi p\u00e4\u00e4sihteeriksi on jo useamman vuoden ajan kaivattu naista. Kuvassa Suomen entinen p\u00e4\u00e4ministeri Sanna Marin. MATTI MATIKAINEN<\/p>\n<p>Kovat vaatimukset<\/p>\n<p class=\"paragraph\">Uuden p\u00e4\u00e4sihteerin nimitt\u00e4\u00e4 YK:n <a href=\"https:\/\/digitallibrary.un.org\/record\/1318135?ln=en&amp;v=pdf\" target=\"_blank\" rel=\"noopener nofollow\">peruskirjan<\/a> 97. artiklan mukaisesti YK:n yleiskokous turvallisuusneuvoston suosituksesta.<\/p>\n<p class=\"paragraph\">Turvallisuusneuvosto pyyt\u00e4\u00e4 kaikkia j\u00e4senmaita l\u00e4hett\u00e4m\u00e4\u00e4n oman ehdokkaansa neuvoston harkittavaksi.<\/p>\n<p class=\"paragraph\">Ehdokkaiden nime\u00e4misess\u00e4 on kuitenkin useita enemm\u00e4n tai v\u00e4hemm\u00e4n ep\u00e4virallisia k\u00e4yt\u00e4nt\u00f6j\u00e4. Ensinn\u00e4kin jokainen maa voi tukea vain yht\u00e4 ehdokasta, eik\u00e4 h\u00e4n voi olla kotoisin yhdest\u00e4k\u00e4\u00e4n turvallisuusneuvoston viidest\u00e4 pysyv\u00e4st\u00e4 j\u00e4senmaasta.<\/p>\n<p class=\"paragraph\">P\u00e4\u00e4sihteeriksi voi t\u00e4m\u00e4n pohjalta periaatteessa ehdottaa ket\u00e4 tahansa, mutta vaativaan virkaan on t\u00e4h\u00e4n menness\u00e4 valittu ainoastaan uradiplomaatteja. Yleisten k\u00e4yt\u00e4nt\u00f6jen mukaan p\u00e4\u00e4sihteerilt\u00e4 vaaditaan my\u00f6s ranskan ja englannin kielten taitoa.<\/p>\n<p class=\"paragraph\">Ehdokkaat l\u00e4hett\u00e4v\u00e4t virallisen julkistamisensa yhteydess\u00e4 turvallisuusneuvostolle my\u00f6s oman n\u00e4kemyksens\u00e4 YK:n kehitt\u00e4misest\u00e4 sek\u00e4 selonteon omista tulonl\u00e4hteist\u00e4\u00e4n.<\/p>\n<p class=\"paragraph\">Mik\u00e4li henkil\u00f6 toimii valintaprosessin aikana jossakin YK:n virassa, h\u00e4nen odotetaan my\u00f6s j\u00e4\u00e4v\u00e4n valinnan julkistamiseen asti virkavapaalle.<\/p>\n<p>YK:n turvallisuusneuvosto p\u00e4\u00e4tt\u00e4\u00e4 yleiskokoukselle ehdotettavasta ehdokkaasta. Kuva turvallisuusneuvoston kokouksesta marraskuulta 2025. AOP<\/p>\n<p class=\"paragraph\">P\u00e4\u00e4sihteerin virkakausi kest\u00e4\u00e4 viisi vuotta, ja k\u00e4yt\u00e4nn\u00f6ss\u00e4 kausien m\u00e4\u00e4r\u00e4 rajattiin vuoden 1946 yleiskokouksen <a href=\"https:\/\/documents.un.org\/doc\/undoc\/gen\/nr0\/751\/39\/img\/nr075139.pdf\" target=\"_blank\" rel=\"noopener nofollow\">p\u00e4\u00e4t\u00f6slauselmassa<\/a> kahteen. Koska p\u00e4\u00e4t\u00f6slauselmat ovat vain suosituksia, periaatteessa sama henkil\u00f6 voisi toimia virassa useammankin kauden.<\/p>\n<p class=\"paragraph\">Laukon mukaan useamman kuin kahden kauden p\u00e4\u00e4sihteeri on kuitenkin ep\u00e4todenn\u00e4k\u00f6ist\u00e4 p\u00e4\u00e4t\u00f6slauselman linjauksen lis\u00e4ksi my\u00f6s viran vaativuuden vuoksi.<\/p>\n<p class=\"paragraph\">\u2013 Kun teht\u00e4v\u00e4kuvaa miettii, ei kukaan sit\u00e4 yksinkertaisesti jaksaisi kymment\u00e4 vuotta pidemp\u00e4\u00e4n.<\/p>\n<p>Veto-oikeus<\/p>\n<p class=\"paragraph\">Turvallisuusneuvoston rooli on monen muun YK:ssa tapahtuvan p\u00e4\u00e4t\u00f6ksen tapaan my\u00f6s p\u00e4\u00e4sihteerin valinnassa merkitt\u00e4v\u00e4.<\/p>\n<p class=\"paragraph\">\u00c4\u00e4nestyksess\u00e4 turvallisuusneuvoston j\u00e4senet ilmoittavat tukevansa tai vastustavansa kutakin ehdokasta.<\/p>\n<p class=\"paragraph\">Neuvoston pysyv\u00e4t j\u00e4senmaat eli Yhdysvallat, Britannia, Ranska, Ven\u00e4j\u00e4 ja Kiina voivat k\u00e4ytt\u00e4\u00e4 veto-oikeuttaan p\u00e4\u00e4sihteeriehdokkaiden valinnassa eli yhdell\u00e4 \u00e4\u00e4nell\u00e4\u00e4n est\u00e4\u00e4 heille sopimatonta ehdokasta p\u00e4\u00e4tym\u00e4st\u00e4 yleiskokouksen hyv\u00e4ksytt\u00e4v\u00e4ksi.<\/p>\n<p>Turvallisuusneuvoston pysyvill\u00e4 j\u00e4senill\u00e4 on suuri valta my\u00f6s uuden p\u00e4\u00e4sihteerin valinnassa. Kuvassa Ven\u00e4j\u00e4n pysyv\u00e4 edustaja YK:ssa Vasili Nebenzja. EPA \/ AOP<\/p>\n<p class=\"paragraph\">Veto-oikeuden k\u00e4ytt\u00e4minen on joitakin poikkeuksia lukuun ottamatta julkinen toimi, mutta nykyinen, vuonna 1981 k\u00e4ytt\u00f6\u00f6n otettu j\u00e4rjestelm\u00e4 sallii p\u00e4\u00e4sihteeriehdokkaiden torppaamisen my\u00f6s salassa.<\/p>\n<p class=\"paragraph\">Nykyisess\u00e4 j\u00e4rjestelm\u00e4ss\u00e4 turvallisuusneuvoston j\u00e4senmaat \u00e4\u00e4nest\u00e4v\u00e4t ehdokkaista salassa, mutta pysyvien j\u00e4senmaiden \u00e4\u00e4net erotellaan punaisilla \u00e4\u00e4nestyslipuilla neuvoston vaihtuvien j\u00e4senmaiden valkoisista lipuista.<\/p>\n<p class=\"paragraph\">Veto-oikeuden k\u00e4ytt\u00f6\u00f6n kaatui my\u00f6s aikanaan Suomen ehdokkaan <a href=\"https:\/\/www.iltalehti.fi\/henkilot\/Max Jakobson\" class=\"article-link-person-page\" rel=\"nofollow noopener\" target=\"_blank\">Max Jakobsonin<\/a> matka YK:n p\u00e4\u00e4sihteeriksi.<\/p>\n<p>Suomalainen diplomaatti Max Jakobson oli mukana YK:n p\u00e4\u00e4sihteerivalinnan k\u00e4rkikahinoissa vuonna 1971. IL-Arkisto<\/p>\n<p class=\"paragraph\">Yhdysvaltalaislehti The New York Timesin <a href=\"https:\/\/www.nytimes.com\/1971\/10\/06\/archives\/5-seek-to-succeed-thant-in-mosf-impossible-job.html\" target=\"_blank\" rel=\"noopener nofollow\">mukaan<\/a> monet pitiv\u00e4t Jakobsonia vuoden 1971 \u00e4\u00e4nestyksen suosikkiehdokkaana. Vastassa olivat Argentiinan <strong>Carlos Ortiz de Rozas<\/strong> ja lopulta p\u00e4\u00e4sihteeriksi p\u00e4\u00e4tynyt It\u00e4vallan <a href=\"https:\/\/www.iltalehti.fi\/henkilot\/Kurt Waldheim\" class=\"article-link-person-page\" rel=\"nofollow noopener\" target=\"_blank\">Kurt Waldheim<\/a>.<\/p>\n<p class=\"paragraph\">Kiina vastusti vahvasti Waldheimin valintaa, mutta Yhdysvaltain ulkoministeri\u00f6n julkistaman <a href=\"https:\/\/history.state.gov\/historicaldocuments\/frus1969-76v05\/d247\" target=\"_blank\" rel=\"noopener nofollow\">s\u00e4hkeen<\/a> mukaan Neuvostoliitto vastusti Jakobsonin valintaa viel\u00e4 jyrkemmin.<\/p>\n<p class=\"paragraph\">It\u00e4naapurissa <a href=\"https:\/\/nakoislehti.il.fi\/730edf87-0bdc-4a05-926d-03b90ff406ca\/2\" target=\"_blank\" rel=\"noopener nofollow\">ei pidetty<\/a> siit\u00e4 ulkopoliittisesta liikkumavarasta, jonka p\u00e4\u00e4sihteeriys Suomelle soisi, joten Neuvostoliitto k\u00e4ytti veto-oikeuttaan Jakobsonin nimityksen est\u00e4miseksi.<\/p>\n<p>Viimeinkin nainen?<\/p>\n<p class=\"paragraph\">Alueellisen kierron lis\u00e4ksi vaihtelun tulisi vuoden 1997 <a href=\"https:\/\/docs.un.org\/en\/a\/res\/51\/241\" target=\"_blank\" rel=\"noopener nofollow\">julkilausuman<\/a> mukaan toteutua my\u00f6s sukupuolten v\u00e4lill\u00e4. T\u00e4m\u00e4 ei ole kuitenkaan koskaan koko YK:n 80-vuotisessa historiassa toteutunut, koska kaikki p\u00e4\u00e4sihteerit ovat t\u00e4h\u00e4n menness\u00e4 olleet miehi\u00e4.<\/p>\n<p class=\"paragraph\">Asia oli esill\u00e4 vahvasti jo Guterresin valinnan aikaan vuonna 2016, mutta tuolloinkaan naista ei valittu virkaan.<\/p>\n<p class=\"paragraph\">T\u00e4n\u00e4kin vuonna ensimm\u00e4inen virallisesti julkistettu ehdokas on mies. H\u00e4n on argentiinalainen YK:n alaisen Kansainv\u00e4lisen atomienergiaj\u00e4rjest\u00f6n (IAEA) nykyinen p\u00e4\u00e4johtaja <a href=\"https:\/\/www.iltalehti.fi\/henkilot\/Rafael Grossi\" class=\"article-link-person-page\" rel=\"nofollow noopener\" target=\"_blank\">Rafael Grossi<\/a>.<\/p>\n<p class=\"paragraph\">Suomalaisille h\u00e4n on saattanut tulla tutuksi Ukrainan sodan aikana. IAEA on valvonut etenkin Ukrainan Zapori\u017e\u017ejan ydinvoimalan turvallisuutta sodan keskell\u00e4.<\/p>\n<p>Kansainv\u00e4lisen atomienergiaj\u00e4rjest\u00f6n p\u00e4\u00e4johtaja Rafael Grossi on ensimm\u00e4inen virallinen ehdokas uudeksi YK:n p\u00e4\u00e4sihteeriksi. EPA \/ AOP<\/p>\n<p class=\"paragraph\">Helena Laukko arvioi, ett\u00e4 Grossi saattaa olla asemansa takia vahvoilla, koska h\u00e4n on roolissaan ollut vahvasti tekemisiss\u00e4 kaikkien turvallisuusneuvoston pysyvien j\u00e4senmaiden kanssa.<\/p>\n<p class=\"paragraph\">\u2013 Jos h\u00e4n on onnistunut niiss\u00e4 neuvotteluissa ja osoittautunut luottamuksen arvoiseksi, h\u00e4nell\u00e4 on sit\u00e4 kautta vahva asema, Laukko arvioi.<\/p>\n<p class=\"paragraph\">Kritiikki\u00e4 voi Laukon mukaan tulla kuitenkin esimerkiksi Iranilta, koska Grossi j\u00e4tt\u00e4ytyi sivuun t\u00e4n\u00e4 kes\u00e4n\u00e4, kun Yhdysvallat pommitti Iranin ydinlaitoksia.<\/p>\n<p class=\"paragraph\">Vaikka Grossi on ainoa virallisesti ilmoitettu ehdokas, muutama muu maa on jo ep\u00e4virallisesti ilmoittanut ehdokkaansa. He ovat molemmat naisia.<\/p>\n<p class=\"paragraph\">Chilen presidentti <a href=\"https:\/\/www.iltalehti.fi\/henkilot\/Gabriel Boric\" class=\"article-link-person-page\" rel=\"nofollow noopener\" target=\"_blank\">Gabriel Boric<\/a> ilmoitti syyskuussa YK:n yleiskokouksessa nimitt\u00e4v\u00e4ns\u00e4 ehdokkaaksi maansa entisen presidentin <a href=\"https:\/\/www.iltalehti.fi\/henkilot\/Michelle Bachelet\" class=\"article-link-person-page\" rel=\"nofollow noopener\" target=\"_blank\">Michelle Bacheletin<\/a>. Costa Rican presidentti <a href=\"https:\/\/www.iltalehti.fi\/henkilot\/Rodrigo Chaves Robles\" class=\"article-link-person-page\" rel=\"nofollow noopener\" target=\"_blank\">Rodrigo Chaves<\/a> ilmoitti elokuussa maansa ehdokkaan olevan entinen varapresidentti <strong>Rebeca Grynspan<\/strong>.<\/p>\n<p>Chilen entinen presidentti Michelle Bachelet tulee olemaan todenn\u00e4k\u00f6isesti maansa virallinen ehdokas. EPA \/ AOP<\/p>\n<p class=\"paragraph\">Molemmilla naisilla on vankka kokemus YK:ssa toimimisesta. Bachelet on YK:n entinen ihmisoikeusvaltuutettu ja Grynspan nykyinen YK:n kauppa- ja kehityskonferenssin (UNCTAD) p\u00e4\u00e4sihteeri.<\/p>\n<p class=\"paragraph\">Laukon mukaan viel\u00e4 ei voi sanoa, olisiko jollakin maalla mahdollisesti heit\u00e4 vastaan jotakin hampaankolossa, mutta Grynspan on h\u00e4nen arvionsa mukaan maailman nykytilanteessa hieman vahvemmilla.<\/p>\n<p class=\"paragraph\">\u2013 Kaupan, kehityksen ja reilun maailmanj\u00e4rjestyksen agendallaan h\u00e4nell\u00e4 on ehk\u00e4 vahvempi tulokulma kuin ihmisoikeusvaltuutetulla. Ihmisoikeudet ovat ottaneet viime vuosina v\u00e4h\u00e4n takapakkia.<\/p>\n<p class=\"paragraph\">Potentiaalisia ehdokkaita ovat my\u00f6s muun muassa Uuden-Seelannin entinen p\u00e4\u00e4ministeri <a href=\"https:\/\/www.iltalehti.fi\/henkilot\/Jacinda Ardern\" class=\"article-link-person-page\" rel=\"nofollow noopener\" target=\"_blank\">Jacinda Ardern<\/a>, Meksikon entinen ulkoministeri <strong>Alicia B\u00e1rcena<\/strong> sek\u00e4 Bolivian varapresidentti <strong>David Choquehuanca<\/strong>.<\/p>\n<p>Costa Rican entinen varapresidentti Rebeca Grynspan saattaa nykyisen virkansa takia olla vahvoilla seuraavaksi YK:n p\u00e4\u00e4sihteeriksi. EPA \/ AOP<\/p>\n<p>Tiukka teht\u00e4v\u00e4<\/p>\n<p class=\"paragraph\">YK:n p\u00e4\u00e4sihteerin virka on rankka toimi. Etenkin t\u00e4n\u00e4 p\u00e4iv\u00e4n\u00e4 koko j\u00e4rjest\u00f6 on useiden konfliktien takia suurten haasteiden edess\u00e4 ja sen uskottavuutta on haastettu useaan otteeseen.<\/p>\n<p class=\"paragraph\">Yksi suuri ongelmakohta on turvallisuusneuvoston kokoonpano, johon muun muassa tasavallan presidentti <a href=\"https:\/\/www.iltalehti.fi\/henkilot\/Alexander Stubb\" class=\"article-link-person-page\" rel=\"nofollow noopener\" target=\"_blank\">Alexander Stubb<\/a> on ehdottanut muutosta. Stubb ja monien muiden maiden edustajat kokevat, ett\u00e4 olisi aika saada pysyviksi j\u00e4seniksi edustajia globaalin etel\u00e4n maista.<\/p>\n<p>Presidentti Alexander Stubb on vaatinut YK:ta tekem\u00e4\u00e4n muutoksia sen turvallisuusneuvostoon. EPA\/AOP<\/p>\n<p class=\"paragraph\">Laukko on asiasta samaa mielt\u00e4.<\/p>\n<p class=\"paragraph\">\u2013 Ongelmana on se, ett\u00e4 turvallisuusneuvoston kokoonpano pysyvien j\u00e4senten osalta ei en\u00e4\u00e4 vastaa t\u00e4m\u00e4n p\u00e4iv\u00e4n maailman ja valtioiden realiteetteja.<\/p>\n<p class=\"paragraph\">Laukon edustama YK-liitto on my\u00f6s mukana 1 for 8 billion -kampanjassa, joka pyrkii tekem\u00e4\u00e4n itse p\u00e4\u00e4sihteerin valintaprosessista l\u00e4pin\u00e4kyv\u00e4mp\u00e4\u00e4 ja demokraattisempaa.<\/p>\n<p class=\"paragraph\">Viime \u00e4\u00e4nestyskierroksella edistyst\u00e4 saatiinkin aikaan, kun kaikkien ehdokkaiden nimet tulivat ajallaan julkisuuteen ja heit\u00e4 p\u00e4\u00e4stiin my\u00f6s haastattelemaan kuulemistilaisuuksissa.<\/p>\n<p class=\"paragraph\">Laukon mukaan tulevalle vuodelle on viel\u00e4 suurempi toive.<\/p>\n<p class=\"paragraph\">\u2013 Se on, ett\u00e4 turvallisuusneuvosto ei esitt\u00e4isi vain yht\u00e4 nime\u00e4, vaan antaisi yleiskokoukselle kaksi tai jopa useamman nimen, joista yleiskokous voisi aidosti tehd\u00e4 koko j\u00e4senist\u00f6n voimin p\u00e4\u00e4t\u00f6ksen.<\/p>\n<p class=\"paragraph\">\u2013 J\u00e4\u00e4 n\u00e4ht\u00e4v\u00e4ksi, toteutuuko t\u00e4m\u00e4.<\/p>\n<p>YK:n p\u00e4\u00e4sihteerit t\u00e4h\u00e4n menness\u00e4<\/p>\n<ul>\n<li><strong>Gladwyn Jebb<\/strong> (Britannia), virkaa tekev\u00e4 p\u00e4\u00e4sihteeri 24.10.1945\u20132.2.1946<\/li>\n<li>Trygve Lie (Norja), 1946\u20131952 (erosi virasta)<\/li>\n<li>Dag Hammarskj\u00f6ld (Ruotsi), 1953\u20131961 (kuoli virassa)<\/li>\n<li><a href=\"https:\/\/www.iltalehti.fi\/henkilot\/U Thant\" class=\"article-link-person-page\" rel=\"nofollow noopener\" target=\"_blank\">U Thant<\/a> (Burma), 1962\u20131971 (vt. p\u00e4\u00e4sihteeri 3.11.1961\u201330.11.1962)<\/li>\n<li>Kurt Waldheim (It\u00e4valta), 1972\u20131991<\/li>\n<li><a href=\"https:\/\/www.iltalehti.fi\/henkilot\/Boutros Boutros-Ghali\" class=\"article-link-person-page\" rel=\"nofollow noopener\" target=\"_blank\">Boutros Boutros-Ghali<\/a> (Egypti), 1992\u20131996 (ainoa yhden kauden p\u00e4\u00e4sihteeri)<\/li>\n<li><a href=\"https:\/\/www.iltalehti.fi\/henkilot\/Kofi Annan\" class=\"article-link-person-page\" rel=\"nofollow noopener\" target=\"_blank\">Kofi Annan<\/a> (Ghana) 1997\u20132006<\/li>\n<li><a href=\"https:\/\/www.iltalehti.fi\/henkilot\/Ban Ki-moon\" class=\"article-link-person-page\" rel=\"nofollow noopener\" target=\"_blank\">Ban Ki-moon<\/a> (Etel\u00e4-Korea) 2007\u20132016<\/li>\n<li>Ant\u00f3nio Guterres (Portugali) 2017\u20132026<\/li>\n<\/ul>\n","protected":false},"excerpt":{"rendered":"Yhdistyneille kansakunnille valitaan ensi vuonna uusi p\u00e4\u00e4sihteeri. Haku YK:n uudeksi p\u00e4\u00e4sihteeriksi aukesi marraskuun lopulla. T\u00e4ll\u00e4kin kertaa p\u00e4\u00e4sihteeriksi toivottaisiin&hellip;\n","protected":false},"author":2,"featured_media":126062,"comment_status":"","ping_status":"","sticky":false,"template":"","format":"standard","meta":{"footnotes":""},"categories":[14],"tags":[35,22,23,26,27,33,31,30,863,17,2260,24,25,28,29,15,18,21,142,637,32,19,20,56,4385,16,59,60,61],"class_list":{"0":"post-126061","1":"post","2":"type-post","3":"status-publish","4":"format-standard","5":"has-post-thumbnail","7":"category-ulkomaat","8":"tag-24h","9":"tag-breaking-news","10":"tag-breakingnews","11":"tag-featured-news","12":"tag-featurednews","13":"tag-fi","14":"tag-finland","15":"tag-finnish","16":"tag-hallitus","17":"tag-headlines","18":"tag-kansainvalisyys","19":"tag-latest-news","20":"tag-latestnews","21":"tag-main-news","22":"tag-mainnews","23":"tag-news","24":"tag-otsikot","25":"tag-paauutiset","26":"tag-poliitikot","27":"tag-politiikka","28":"tag-suomi","29":"tag-top-stories","30":"tag-topstories","31":"tag-ulkomaat","32":"tag-ulkopolitiikka-ja-kansainvalinen-politiikka","33":"tag-uutiset","34":"tag-world","35":"tag-world-news","36":"tag-worldnews"},"share_on_mastodon":{"url":"https:\/\/pubeurope.com\/@fi\/115784417476835367","error":""},"_links":{"self":[{"href":"https:\/\/www.europesays.com\/fi\/wp-json\/wp\/v2\/posts\/126061","targetHints":{"allow":["GET"]}}],"collection":[{"href":"https:\/\/www.europesays.com\/fi\/wp-json\/wp\/v2\/posts"}],"about":[{"href":"https:\/\/www.europesays.com\/fi\/wp-json\/wp\/v2\/types\/post"}],"author":[{"embeddable":true,"href":"https:\/\/www.europesays.com\/fi\/wp-json\/wp\/v2\/users\/2"}],"replies":[{"embeddable":true,"href":"https:\/\/www.europesays.com\/fi\/wp-json\/wp\/v2\/comments?post=126061"}],"version-history":[{"count":0,"href":"https:\/\/www.europesays.com\/fi\/wp-json\/wp\/v2\/posts\/126061\/revisions"}],"wp:featuredmedia":[{"embeddable":true,"href":"https:\/\/www.europesays.com\/fi\/wp-json\/wp\/v2\/media\/126062"}],"wp:attachment":[{"href":"https:\/\/www.europesays.com\/fi\/wp-json\/wp\/v2\/media?parent=126061"}],"wp:term":[{"taxonomy":"category","embeddable":true,"href":"https:\/\/www.europesays.com\/fi\/wp-json\/wp\/v2\/categories?post=126061"},{"taxonomy":"post_tag","embeddable":true,"href":"https:\/\/www.europesays.com\/fi\/wp-json\/wp\/v2\/tags?post=126061"}],"curies":[{"name":"wp","href":"https:\/\/api.w.org\/{rel}","templated":true}]}}