{"id":126067,"date":"2025-12-26T06:32:19","date_gmt":"2025-12-26T06:32:19","guid":{"rendered":"https:\/\/www.europesays.com\/fi\/126067\/"},"modified":"2025-12-26T06:32:19","modified_gmt":"2025-12-26T06:32:19","slug":"jani-sievisen-harvinainen-yhteiskuva-tyttarensa-kanssa-isa-tytar-matka-amsterdamiin","status":"publish","type":"post","link":"https:\/\/www.europesays.com\/fi\/126067\/","title":{"rendered":"Jani Sievisen harvinainen yhteiskuva tytt\u00e4rens\u00e4 kanssa &#8211; is\u00e4-tyt\u00e4r-matka Amsterdamiin"},"content":{"rendered":"<p>            Timo Korhonen\n        <\/p>\n<p class=\"subtitle \">Jani Sievisen vanhin tyt\u00e4r p\u00e4\u00e4si is\u00e4ns\u00e4 kanssa hauskalle matkalle.<\/p>\n<p class=\"article-content article-content-width !bg-background\">Kilpauransa p\u00e4\u00e4tt\u00e4nyt huippu-uimari\u00a0on my\u00f6s viiden lapsen ylpe\u00e4 is\u00e4. Lapsista nuorimmat ovat kolme tyt\u00e4rt\u00e4, jotka h\u00e4n sai\u00a0kanssa.<\/p>\n<p class=\"font-weight-bold m-font-weight-bold article-content article-content-width !bg-background\">Arkistovideo: Krista Kososen lapsenkasvatusvinkit<\/p>\n<p class=\"article-content article-content-width !bg-background\">Tyt\u00e4rkatraan vanhin on 17-vuotias, joka kasvoi sisarustensa ja \u00e4itins\u00e4 kanssa Norjassa. Janin ja Marin avioliitto p\u00e4\u00e4ttyi vuonna 2014, jolloin Mari ja lapset muuttivat Marin kotimaahan Norjaan.<\/p>\n<p class=\"article-content article-content-width !bg-background\">Jani kertoi ajatuksiaan tuolta ajalta Instagramissa joulukuun alussa.<\/p>\n<p class=\"article-content article-content-width !bg-background\">\u2013\u00a0Tiesin etteiv\u00e4t he muuta takaisin kotiin seuraavaan kymmeneen vuoteen. Piti sulkea silm\u00e4t, vet\u00e4\u00e4 syv\u00e4\u00e4n henke\u00e4 muutaman kerran ja keskitty\u00e4. Ensimm\u00e4iset vuodet meniv\u00e4t toivoen, odottaen, suunnitellen tulevaa,\u00a0Jani kertoo.<\/p>\n<p>Vuosia eri maissa<\/p>\n<p class=\"article-content article-content-width !bg-background\">Julkaisun kuvassa h\u00e4n poseeraa laivan ikkunalaudalla istuen, kaksi tyt\u00e4rt\u00e4 syliss\u00e4\u00e4n. H\u00e4n kertoo kuvan olevan viimeinen, joka is\u00e4st\u00e4 ja lapsista napattiin ennen tyt\u00e4rten muuttoa pois Suomesta. Jani ja Mari erosivat vuonna 2014.<\/p>\n<p class=\"article-content article-content-width !bg-background\">\u2013\u00a0Jossain vaiheessa ajatukset tulivat realistisiksi. Kymmenen vuoden kuluessa opin ja ymm\u00e4rsin etteiv\u00e4t he koskaan muuta takaisin muuta kuin tilap\u00e4isesti. Eik\u00e4 my\u00f6sk\u00e4\u00e4n kannata. Nyt on kulunut 11 vuotta,\u00a0Jani toteaa.<\/p>\n<p class=\"article-content article-content-width !bg-background\">Vaikka tytt\u00e4ret varttuivat ulkomailla, on Janilla silti t\u00e4n\u00e4 p\u00e4iv\u00e4n\u00e4 heihin ilmeisen tiiviit v\u00e4lit.<\/p>\n<p>        <a itemprop=\"url\" href=\"https:\/\/www.seiska.fi\/kotimaa\/jani-sievinen-karu-ulkonakomuutos\/2010301\" rel=\"nofollow noopener\" target=\"_blank\"><\/p>\n<p>\nJani Sievinen\n<\/p>\n<p class=\"section-date\">\n        <strong class=\"article-section\" data-section=\"kotimaa\"><br \/>\n            kotimaa<br \/>\n        <\/strong><br \/>\n        3.12. 17:00\n    <\/p>\n<p>Jani Sievinen: Karu ulkon\u00e4k\u00f6muutos\n    <\/p>\n<p itemprop=\"description\" class=\"subtitle \">\n    Janin jalat ovat kokeneet kovia.\n<\/p>\n<p>        <\/a><\/p>\n<p>Is\u00e4-tyt\u00e4r-laatuaikaa<\/p>\n<p class=\"article-content article-content-width !bg-background\">Esikoinen Felicia p\u00e4\u00e4si loppuvuodesta iloisiin tunnelmiin is\u00e4ns\u00e4 kanssa, kun Jani vei h\u00e4net yll\u00e4tysreissulle Alankomaihin.<\/p>\n<p class=\"article-content article-content-width !bg-background\">Jani jakoi Instagram-tilill\u00e4\u00e4n herttaisen yhteiskuvan, jossa hymyilee kameralle tytt\u00e4rens\u00e4 kanssa.<\/p>\n<p class=\"article-content article-content-width !bg-background\">\u2013\u00a0V\u00e4lill\u00e4 is\u00e4-tyt\u00e4r aikaa. Yll\u00e4tin Felician pikku reissulla. Nyt ollaan Amsterdamissa,\u00a0Jani kertoo kuvatunnelmien lomassa.<\/p>\n<p class=\"article-content article-content-width !bg-background\">Edess\u00e4 on my\u00f6s merkitt\u00e4v\u00e4 etappi Felician el\u00e4m\u00e4ss\u00e4.<\/p>\n<p class=\"article-content article-content-width !bg-background\">\u2013\u00a0Muutama kuukausi niin neiti on 18v, oh dear,\u00a0Jani p\u00e4ivittelee julkaisussaan.<\/p>\n<p>        <a itemprop=\"url\" href=\"https:\/\/www.seiska.fi\/kotimaa\/talta-nayttavat-jani-sievisen-aikuiset-pojat-harvinainen-yhteiskuva\/1573247\" rel=\"nofollow noopener\" target=\"_blank\"><\/p>\n<p class=\"section-date\">\n        <strong class=\"article-section\" data-section=\"kotimaa\"><br \/>\n            kotimaa<br \/>\n        <\/strong><br \/>\n        8.1. 09:28\n    <\/p>\n<p>T\u00e4lt\u00e4 n\u00e4ytt\u00e4v\u00e4t Jani Sievisen aikuiset pojat \u2013 harvinainen yhteiskuva!\n    <\/p>\n<p itemprop=\"description\" class=\"subtitle \">\n    Ex-uimari l\u00e4hti luksusristeilylle j\u00e4lkikasvunsa kanssa.\n<\/p>\n<p>        <\/a><\/p>\n","protected":false},"excerpt":{"rendered":"Timo Korhonen Jani Sievisen vanhin tyt\u00e4r p\u00e4\u00e4si is\u00e4ns\u00e4 kanssa hauskalle matkalle. Kilpauransa p\u00e4\u00e4tt\u00e4nyt huippu-uimari\u00a0on my\u00f6s viiden lapsen ylpe\u00e4&hellip;\n","protected":false},"author":2,"featured_media":126068,"comment_status":"","ping_status":"","sticky":false,"template":"","format":"standard","meta":{"footnotes":""},"categories":[136],"tags":[407,137,18463,33,31,30,3084,408,16690,98,32,109],"class_list":{"0":"post-126067","1":"post","2":"type-post","3":"status-publish","4":"format-standard","5":"has-post-thumbnail","7":"category-julkkikset","8":"tag-celebrities","9":"tag-entertainment","10":"tag-felicia-sievinen","11":"tag-fi","12":"tag-finland","13":"tag-finnish","14":"tag-jani-sievinen","15":"tag-julkkikset","16":"tag-mari-samuelsen","17":"tag-perhe","18":"tag-suomi","19":"tag-viihde"},"share_on_mastodon":{"url":"https:\/\/pubeurope.com\/@fi\/115784472592745142","error":""},"_links":{"self":[{"href":"https:\/\/www.europesays.com\/fi\/wp-json\/wp\/v2\/posts\/126067","targetHints":{"allow":["GET"]}}],"collection":[{"href":"https:\/\/www.europesays.com\/fi\/wp-json\/wp\/v2\/posts"}],"about":[{"href":"https:\/\/www.europesays.com\/fi\/wp-json\/wp\/v2\/types\/post"}],"author":[{"embeddable":true,"href":"https:\/\/www.europesays.com\/fi\/wp-json\/wp\/v2\/users\/2"}],"replies":[{"embeddable":true,"href":"https:\/\/www.europesays.com\/fi\/wp-json\/wp\/v2\/comments?post=126067"}],"version-history":[{"count":0,"href":"https:\/\/www.europesays.com\/fi\/wp-json\/wp\/v2\/posts\/126067\/revisions"}],"wp:featuredmedia":[{"embeddable":true,"href":"https:\/\/www.europesays.com\/fi\/wp-json\/wp\/v2\/media\/126068"}],"wp:attachment":[{"href":"https:\/\/www.europesays.com\/fi\/wp-json\/wp\/v2\/media?parent=126067"}],"wp:term":[{"taxonomy":"category","embeddable":true,"href":"https:\/\/www.europesays.com\/fi\/wp-json\/wp\/v2\/categories?post=126067"},{"taxonomy":"post_tag","embeddable":true,"href":"https:\/\/www.europesays.com\/fi\/wp-json\/wp\/v2\/tags?post=126067"}],"curies":[{"name":"wp","href":"https:\/\/api.w.org\/{rel}","templated":true}]}}