{"id":126071,"date":"2025-12-26T06:39:10","date_gmt":"2025-12-26T06:39:10","guid":{"rendered":"https:\/\/www.europesays.com\/fi\/126071\/"},"modified":"2025-12-26T06:39:10","modified_gmt":"2025-12-26T06:39:10","slug":"valioliigassa-vain-yksi-tapaninpaivan-ottelu-naista-syista-urheilua-lyhyesti","status":"publish","type":"post","link":"https:\/\/www.europesays.com\/fi\/126071\/","title":{"rendered":"Valioliigassa vain yksi tapaninp\u00e4iv\u00e4n ottelu \u2013 n\u00e4ist\u00e4 syist\u00e4 | Urheilua lyhyesti"},"content":{"rendered":"<p class=\"aw-1gybjub aw-5vja16 kEtdKx kmuxyA yle__article__paragraph\">Tapaninp\u00e4iv\u00e4n jalkapallo-ottelut ovat pitk\u00e4aikainen perinne Englannissa.<\/p>\n<p><img decoding=\"async\" alt=\"Tyytym\u00e4tt\u00f6m\u00e4n n\u00e4k\u00f6inen Newcastle-kannattaja pit\u00e4\u00e4 yll\u00e4\u00e4n Grinch-naamaria Valioliigan tapaninp\u00e4iv\u00e4n ottelussa St. James\u2019s Parkilla, Newcastlessa, 26. joulukuuta 2023.\" src=\"https:\/\/www.europesays.com\/fi\/wp-content\/uploads\/2025\/12\/39-1574517694e2883e24e1.jpeg\" class=\"aw-1l9m598 hKVVvP\"\/><\/p>\n<p>Avaa kuvien katselu<\/p>\n<p>Tyytym\u00e4tt\u00f6m\u00e4n n\u00e4k\u00f6inen Newcastle-kannattaja pit\u00e4\u00e4 yll\u00e4\u00e4n Grinch-naamaria Valioliigan tapaninp\u00e4iv\u00e4n ottelussa St. James\u2019s Parkilla, Newcastlessa, 26. joulukuuta 2023. Kuva: MI News\/NurPhoto\/Shutterstock\/All Over Press<\/p>\n<p class=\"aw-1gybjub aw-1p7kakr kEtdKx cEmitX yle__article__paragraph\">T\u00e4n\u00e4 vuonna Valioliigassa pelataan perjantaina ainoastaan yksi ottelu \u2013 kello 22 alkava Manchester United \u2013 Newcastle.<\/p>\n<p class=\"aw-1gybjub aw-1p7kakr kEtdKx cEmitX yle__article__paragraph\">Kyseess\u00e4 on pienin m\u00e4\u00e4r\u00e4 tapaninp\u00e4iv\u00e4n otteluita Englannin p\u00e4\u00e4sarjassa sitten toisen maailmansodan.<\/p>\n<p class=\"aw-1gybjub aw-1p7kakr kEtdKx cEmitX yle__article__paragraph\">T\u00e4ss\u00e4 ovat t\u00e4rkeimm\u00e4t syyt, miksi tapaninp\u00e4iv\u00e4n\u00e4 pelataan vain yksi Valioliigan ottelu kaudella 2025\u201326:<\/p>\n<p class=\"aw-1gybjub aw-1p7kakr kEtdKx cEmitX yle__article__paragraph\"><strong class=\"aw-ak79eh KyCXm yle__article__strong\">1. Eurooppalaiset seurakilpailut ovat laajentuneet<\/strong><br \/>Mestarien liigassa, Eurooppa-liigassa ja Konferenssiliigassa pelataan nyt enemm\u00e4n otteluita, mik\u00e4 vaikuttaa my\u00f6s Valioliigan otteluohjelman laatimiseen.<\/p>\n<p class=\"aw-1gybjub aw-1p7kakr kEtdKx cEmitX yle__article__paragraph\"><strong class=\"aw-ak79eh KyCXm yle__article__strong\">2. FA Cupin yksinoikeusviikonloput<\/strong><br \/>Uudistusten my\u00f6t\u00e4 tietyt viikonloput on varattu pelk\u00e4st\u00e4\u00e4n FA Cupin otteluille, eik\u00e4 Valioliiga voi pelata silloin. Valioliigan on pit\u00e4nyt sovittaa otteluohjelma tv-yhti\u00f6iden aikatauluihin ja FA Cupille varattuihin viikonloppuihin.<\/p>\n<p class=\"aw-1gybjub aw-1p7kakr kEtdKx cEmitX yle__article__paragraph\"><strong class=\"aw-ak79eh KyCXm yle__article__strong\">3. Lyhyempi Valioliigan kausi<\/strong><br \/>Valioliiga pelataan nyt vain 33 viikonlopun aikana, mik\u00e4 on v\u00e4hemm\u00e4n kuin aiempina vuosina, vaikka otteluiden kokonaism\u00e4\u00e4r\u00e4 on pysynyt samana (380 ottelua kaudessa).<\/p>\n<p class=\"aw-1gybjub aw-1p7kakr kEtdKx cEmitX yle__article__paragraph\"><strong class=\"aw-ak79eh KyCXm yle__article__strong\">4. Pelaajat saavat enemm\u00e4n lepoaikaa<\/strong><br \/>Joulun ajan otteluihin on tehty erityisj\u00e4rjestelyj\u00e4, jotta joukkueilla olisi enemm\u00e4n lepoaikaa otteluiden v\u00e4lill\u00e4. Yksik\u00e4\u00e4n seura ei saa pelata uutta ottelua 60 tunnin sis\u00e4ll\u00e4 edellisest\u00e4.<\/p>\n<p class=\"aw-1gybjub aw-1p7kakr kEtdKx cEmitX yle__article__paragraph\"><strong class=\"aw-ak79eh KyCXm yle__article__strong\">5. Tapaninp\u00e4iv\u00e4n osuminen arkip\u00e4iv\u00e4lle<\/strong><br \/>T\u00e4n\u00e4 vuonna 26. joulukuuta osuu arkip\u00e4iv\u00e4lle, mik\u00e4 vaikeuttaa otteluiden j\u00e4rjest\u00e4mist\u00e4 ja aikataulutusta. Ensi kaudella tapaninp\u00e4iv\u00e4 osuu lauantaille, jolloin otteluita voidaan j\u00e4rjest\u00e4\u00e4 enemm\u00e4n.<\/p>\n","protected":false},"excerpt":{"rendered":"Tapaninp\u00e4iv\u00e4n jalkapallo-ottelut ovat pitk\u00e4aikainen perinne Englannissa. Avaa kuvien katselu Tyytym\u00e4tt\u00f6m\u00e4n n\u00e4k\u00f6inen Newcastle-kannattaja pit\u00e4\u00e4 yll\u00e4\u00e4n Grinch-naamaria Valioliigan tapaninp\u00e4iv\u00e4n ottelussa&hellip;\n","protected":false},"author":2,"featured_media":126072,"comment_status":"","ping_status":"","sticky":false,"template":"","format":"standard","meta":{"footnotes":""},"categories":[158],"tags":[1924,531,33,31,30,43,2824,1623,159,32,160],"class_list":{"0":"post-126071","1":"post","2":"type-post","3":"status-publish","4":"format-standard","5":"has-post-thumbnail","7":"category-urheilu","8":"tag-brittien-jalkapallo","9":"tag-englannin-valioliiga","10":"tag-fi","11":"tag-finland","12":"tag-finnish","13":"tag-jalkapallo","14":"tag-jalkapalloilijat-miehet","15":"tag-miesten-jalkapallo","16":"tag-sports","17":"tag-suomi","18":"tag-urheilu"},"share_on_mastodon":{"url":"","error":""},"_links":{"self":[{"href":"https:\/\/www.europesays.com\/fi\/wp-json\/wp\/v2\/posts\/126071","targetHints":{"allow":["GET"]}}],"collection":[{"href":"https:\/\/www.europesays.com\/fi\/wp-json\/wp\/v2\/posts"}],"about":[{"href":"https:\/\/www.europesays.com\/fi\/wp-json\/wp\/v2\/types\/post"}],"author":[{"embeddable":true,"href":"https:\/\/www.europesays.com\/fi\/wp-json\/wp\/v2\/users\/2"}],"replies":[{"embeddable":true,"href":"https:\/\/www.europesays.com\/fi\/wp-json\/wp\/v2\/comments?post=126071"}],"version-history":[{"count":0,"href":"https:\/\/www.europesays.com\/fi\/wp-json\/wp\/v2\/posts\/126071\/revisions"}],"wp:featuredmedia":[{"embeddable":true,"href":"https:\/\/www.europesays.com\/fi\/wp-json\/wp\/v2\/media\/126072"}],"wp:attachment":[{"href":"https:\/\/www.europesays.com\/fi\/wp-json\/wp\/v2\/media?parent=126071"}],"wp:term":[{"taxonomy":"category","embeddable":true,"href":"https:\/\/www.europesays.com\/fi\/wp-json\/wp\/v2\/categories?post=126071"},{"taxonomy":"post_tag","embeddable":true,"href":"https:\/\/www.europesays.com\/fi\/wp-json\/wp\/v2\/tags?post=126071"}],"curies":[{"name":"wp","href":"https:\/\/api.w.org\/{rel}","templated":true}]}}