{"id":126077,"date":"2025-12-26T06:44:11","date_gmt":"2025-12-26T06:44:11","guid":{"rendered":"https:\/\/www.europesays.com\/fi\/126077\/"},"modified":"2025-12-26T06:44:11","modified_gmt":"2025-12-26T06:44:11","slug":"yon-uutiskooste-tanaan-vietetaan-tapaninpaivaa-yhdysvallat-iski-luoteis-nigeriassa-ja-ukraina-etela-venajalla-uutissuomalainen","status":"publish","type":"post","link":"https:\/\/www.europesays.com\/fi\/126077\/","title":{"rendered":"Y\u00f6n uutiskooste | T\u00e4n\u00e4\u00e4n vietet\u00e4\u00e4n tapaninp\u00e4iv\u00e4\u00e4, Yhdysvallat iski Luoteis-Nigeriassa ja Ukraina Etel\u00e4-Ven\u00e4j\u00e4ll\u00e4 | Uutissuomalainen"},"content":{"rendered":"<p>\t\t\t\tT\u00e4n\u00e4\u00e4n vietet\u00e4\u00e4n tapaninp\u00e4iv\u00e4\u00e4, mutta kuka onkaan Tapani?<\/p>\n<p>T\u00e4n\u00e4\u00e4n vietet\u00e4\u00e4n tapaninp\u00e4iv\u00e4\u00e4 eli toista joulup\u00e4iv\u00e4\u00e4. Perinteisesti tapanina on l\u00e4hdetty ajelulle, aikanaan hevoskyydeill\u00e4, kun kirkosta ajettiin kilpaa takaisin kotiin.<\/p>\n<p>Tapani-nimitys tulee kristikunnan ensimm\u00e4isest\u00e4 marttyyrista Pyh\u00e4st\u00e4 Stefanoksesta. Kristillisess\u00e4 ajattelussa tapaninp\u00e4iv\u00e4 onkin kaikkien marttyyrien muistop\u00e4iv\u00e4.<\/p>\n<p>Stefanos on suomalaistunut kansan suussa jo aikaa sitten muotoon Tapani. STT<\/p>\n<p>\t\t\t\tViel\u00e4k\u00f6 kinkkua on sy\u00f6m\u00e4tt\u00e4? \u2013 \u00c4l\u00e4 anna sit\u00e4 lemmikille<\/p>\n<p>Joulun r\u00e4\u00e4ppi\u00e4isiin ei kannata kutsua karvaisia perheenj\u00e4seni\u00e4. Kennelliiton el\u00e4inl\u00e4\u00e4k\u00e4ri <a href=\"https:\/\/www.kennelliitto.fi\/tietoa-meista\/uutiset\/turvallinen-joulu-koiran-kanssa-nailla-vinkeilla\" rel=\"nofollow noopener\" target=\"_blank\">muistuttaa<\/a>, ett\u00e4 kinkku on liian suolaista sek\u00e4 rasvaista koiralle ja paistorasvakin voi aiheuttaa haimatulehduksen.<\/p>\n<p>El\u00e4invakuutusyhti\u00f6 Agria puolestaan kertoo, ett\u00e4 joulu n\u00e4kyy vahinkotilastoissa lis\u00e4\u00e4ntynein\u00e4 el\u00e4inl\u00e4\u00e4k\u00e4rik\u00e4yntein\u00e4. Usein k\u00e4ynnin syyn\u00e4 on se, ett\u00e4 suuhun on saatu jotakin sopimatonta.<\/p>\n<p>Koristeet voivat houkutella etenkin kissoja leikkeihin, mutta nieltyn\u00e4 ne aiheuttavat ongelmia. Joulukukista myrkyllisi\u00e4 ovat muun muassa hyasintti ja amaryllis. STT<\/p>\n<p>\t\t\t\tTrump: Yhdysvallat iski terroristij\u00e4rjest\u00f6 Isisi\u00e4 vastaan Luoteis-Nigeriassa<\/p>\n<p>Presidentti Donald Trump sanoo Yhdysvaltojen tehneen iskuja terroristij\u00e4rjest\u00f6 Isisi\u00e4 vastaan Luoteis-Nigeriassa. Trumpin mukaan Isis harjoittaa v\u00e4kivaltaa kristittyj\u00e4 vastaan alueella.<\/p>\n<p>Trump <a href=\"https:\/\/truthsocial.com\/@realDonaldTrump\/posts\/115782683955516402\" rel=\"nofollow noopener\" target=\"_blank\">ilmoitti <\/a>asiasta paikallista aikaa joulup\u00e4iv\u00e4n\u00e4 omistamassaan Truth Social -viestipalvelussa.<\/p>\n<p>Trump v\u00e4itti marraskuussa Nigerian sallivan kristittyjen tappamisen ja uhkasi maata sotatoimilla ja avustusten lakkauttamisella. H\u00e4n ei perustellut v\u00e4itett\u00e4\u00e4n.<\/p>\n<p>Nigeria on yh\u00e4 Yhdysvaltojen yll\u00e4pit\u00e4m\u00e4ll\u00e4 listalla maista, joissa uskonnollisten vapauksien loukkaukset ovat erityisen huolestuttavia. AFP, STT<\/p>\n<p>\t\t\t\tNigerian ulkoministeri\u00f6 sanoo USA:n tehneen t\u00e4sm\u00e4iskuja terroristikohteisiin<\/p>\n<p>Nigerian ulkoministeri\u00f6 vahvistaa, ett\u00e4 Yhdysvallat on tehnyt maassa t\u00e4sm\u00e4iskuja. Nigerialaisministeri\u00f6n mukaan iskut tehtiin terroristikohteisiin.<\/p>\n<p>Ulkoministeri\u00f6n tiedotteessa todetaan, ett\u00e4 Nigerian viranomaiset jatkavat turvallisuusyhteisty\u00f6t\u00e4 terrorismin ja v\u00e4kivaltaisen \u00e4\u00e4riliikehdinn\u00e4n torjumiseksi kansainv\u00e4listen kumppaneiden, kuten Yhdysvaltojen, kanssa.<\/p>\n<p>Presidentti Donald Trump <a href=\"https:\/\/truthsocial.com\/@realDonaldTrump\/posts\/115782683955516402\" rel=\"nofollow noopener\" target=\"_blank\">ilmoitti <\/a>Suomen aikaa perjantain vastaisena y\u00f6n\u00e4 Yhdysvaltojen tehneen iskuja terroristij\u00e4rjest\u00f6 Isisi\u00e4 vastaan Luoteis-Nigeriassa. Trumpin mukaan Isis harjoittaa v\u00e4kivaltaa kristittyj\u00e4 vastaan alueella. AFP, STT<\/p>\n<p>\t\t\t\tUkraina sanoo iskeneens\u00e4 ven\u00e4l\u00e4iseen \u00f6ljynjalostamoon brittiohjuksilla<\/p>\n<p>Ukrainan asevoimat sanoo k\u00e4ytt\u00e4neens\u00e4 brittil\u00e4isi\u00e4 Storm Shadow -ohjuksia ven\u00e4l\u00e4iseen \u00f6ljynjalostamoon tekem\u00e4ss\u00e4\u00e4n hy\u00f6kk\u00e4yksess\u00e4.<\/p>\n<p>Ukrainan asevoimien yleisesikunta sanoo sosiaalisen median p\u00e4ivityksess\u00e4, ett\u00e4 ohjukset osuivat Novoshakhtinskin jalostamoon. Yleisesikunnan mukaan alueella kuultiin lukuisia r\u00e4j\u00e4hdyksi\u00e4.<\/p>\n<p>Ukraina on k\u00e4ytt\u00e4nyt brittil\u00e4isi\u00e4 ohjuksia iskuihin Ven\u00e4j\u00e4n alueella sijaitseviin kohteisiin my\u00f6s aiemmin.<\/p>\n<p>Ukrainan asevoimien mukaan Novoshakhtinskin \u00f6ljynjalostamo on yksi Etel\u00e4-Ven\u00e4j\u00e4n t\u00e4rkeimmist\u00e4 polttoainetoimittajista. AFP, STT<\/p>\n<p>\t\t\t\tKaliforniaa koetelleet joulumyrskyt tuoneet mukanaan rankkasateita ja \u00e4kkitulvia, ainakin kolme kuollut<\/p>\n<p>Yhdysvalloissa Kaliforniaa t\u00e4ll\u00e4 viikolla koetelleet joulumyrskyt ovat tuoneet mukanaan rankkasateita, jotka ovat aiheuttaneet \u00e4kkitulvia. Lis\u00e4ksi viranomaiset varoittavat maanvy\u00f6rymist\u00e4.<\/p>\n<p>Paikallinen Los Angeles Times -lehti <a href=\"https:\/\/www.latimes.com\/california\/story\/2025-12-24\/san-diego-man-killed-by-falling-tree-in-third-storm-related-death\" rel=\"nofollow noopener\" target=\"_blank\">kertoo<\/a>, ett\u00e4 kolme ihmist\u00e4 on kuollut myrskyss\u00e4.<\/p>\n<p>Useissa piirikunnissa, mukaan lukien Los Angelesissa, on julistettu h\u00e4t\u00e4tila.<\/p>\n<p>Osissa Etel\u00e4-Kaliforniaa sateissa oli torstaina eli joulup\u00e4iv\u00e4n\u00e4 lyhyt tauko. S\u00e4\u00e4viranomaiset kuitenkin varoittivat voimakkaasta tuulesta.<\/p>\n<p>Sateita ja voimakasta tuulta on ennustettu my\u00f6s perjantaille. AFP, STT<\/p>\n","protected":false},"excerpt":{"rendered":"T\u00e4n\u00e4\u00e4n vietet\u00e4\u00e4n tapaninp\u00e4iv\u00e4\u00e4, mutta kuka onkaan Tapani? T\u00e4n\u00e4\u00e4n vietet\u00e4\u00e4n tapaninp\u00e4iv\u00e4\u00e4 eli toista joulup\u00e4iv\u00e4\u00e4. Perinteisesti tapanina on l\u00e4hdetty ajelulle,&hellip;\n","protected":false},"author":2,"featured_media":126078,"comment_status":"","ping_status":"","sticky":false,"template":"","format":"standard","meta":{"footnotes":""},"categories":[14],"tags":[22,23,585,26,27,33,31,30,17,24,25,4343,28,29,3381,3382,15,18,21,144,32,19,20,21377,56,16,59,60,61],"class_list":{"0":"post-126077","1":"post","2":"type-post","3":"status-publish","4":"format-standard","5":"has-post-thumbnail","7":"category-ulkomaat","8":"tag-breaking-news","9":"tag-breakingnews","10":"tag-donald-trump","11":"tag-featured-news","12":"tag-featurednews","13":"tag-fi","14":"tag-finland","15":"tag-finnish","16":"tag-headlines","17":"tag-latest-news","18":"tag-latestnews","19":"tag-los-angeles","20":"tag-main-news","21":"tag-mainnews","22":"tag-myrskyt","23":"tag-myrskyvahingot","24":"tag-news","25":"tag-otsikot","26":"tag-paauutiset","27":"tag-presidentti","28":"tag-suomi","29":"tag-top-stories","30":"tag-topstories","31":"tag-ukrainan-kriisi","32":"tag-ulkomaat","33":"tag-uutiset","34":"tag-world","35":"tag-world-news","36":"tag-worldnews"},"share_on_mastodon":{"url":"https:\/\/pubeurope.com\/@fi\/115784519825503434","error":""},"_links":{"self":[{"href":"https:\/\/www.europesays.com\/fi\/wp-json\/wp\/v2\/posts\/126077","targetHints":{"allow":["GET"]}}],"collection":[{"href":"https:\/\/www.europesays.com\/fi\/wp-json\/wp\/v2\/posts"}],"about":[{"href":"https:\/\/www.europesays.com\/fi\/wp-json\/wp\/v2\/types\/post"}],"author":[{"embeddable":true,"href":"https:\/\/www.europesays.com\/fi\/wp-json\/wp\/v2\/users\/2"}],"replies":[{"embeddable":true,"href":"https:\/\/www.europesays.com\/fi\/wp-json\/wp\/v2\/comments?post=126077"}],"version-history":[{"count":0,"href":"https:\/\/www.europesays.com\/fi\/wp-json\/wp\/v2\/posts\/126077\/revisions"}],"wp:featuredmedia":[{"embeddable":true,"href":"https:\/\/www.europesays.com\/fi\/wp-json\/wp\/v2\/media\/126078"}],"wp:attachment":[{"href":"https:\/\/www.europesays.com\/fi\/wp-json\/wp\/v2\/media?parent=126077"}],"wp:term":[{"taxonomy":"category","embeddable":true,"href":"https:\/\/www.europesays.com\/fi\/wp-json\/wp\/v2\/categories?post=126077"},{"taxonomy":"post_tag","embeddable":true,"href":"https:\/\/www.europesays.com\/fi\/wp-json\/wp\/v2\/tags?post=126077"}],"curies":[{"name":"wp","href":"https:\/\/api.w.org\/{rel}","templated":true}]}}