{"id":126081,"date":"2025-12-26T06:46:09","date_gmt":"2025-12-26T06:46:09","guid":{"rendered":"https:\/\/www.europesays.com\/fi\/126081\/"},"modified":"2025-12-26T06:46:09","modified_gmt":"2025-12-26T06:46:09","slug":"laitepilateksesta-tutut-liikkeet-onnistuvat-myos-kotona","status":"publish","type":"post","link":"https:\/\/www.europesays.com\/fi\/126081\/","title":{"rendered":"Laitepilateksesta tutut liikkeet onnistuvat my\u00f6s kotona"},"content":{"rendered":"<p>Treeni|Pitk\u00e4n linjan pilatesohjaaja paljastaa laitepilateksen suosion salaisuuden ja n\u00e4ytt\u00e4\u00e4 nelj\u00e4 liikett\u00e4, joilla p\u00e4\u00e4see lajin makuun kotonakin.<\/p>\n<p class=\"article-body mb-nof-24 px-nof-16\">Laitepilatesta voisi helposti erehty\u00e4 luulemaan uudeksi trendilajiksi.<\/p>\n<p class=\"article-body mb-nof-24 px-nof-16\">Reformer-laitteella otettuja selfieit\u00e4 alkoi ensin n\u00e4ky\u00e4 vaikuttajien Instagram-tileill\u00e4. Nyt samoja jousivastuksella varustettuja laitteita on ilmestynyt my\u00f6s isojen kuntosaliketjujen saleille.<\/p>\n","protected":false},"excerpt":{"rendered":"Treeni|Pitk\u00e4n linjan pilatesohjaaja paljastaa laitepilateksen suosion salaisuuden ja n\u00e4ytt\u00e4\u00e4 nelj\u00e4 liikett\u00e4, joilla p\u00e4\u00e4see lajin makuun kotonakin. Laitepilatesta voisi&hellip;\n","protected":false},"author":2,"featured_media":126082,"comment_status":"","ping_status":"","sticky":false,"template":"","format":"standard","meta":{"footnotes":""},"categories":[5],"tags":[22,23,26,27,33,31,30,17,46,24,25,28,29,15,18,21,32,19,20,16],"class_list":{"0":"post-126081","1":"post","2":"type-post","3":"status-publish","4":"format-standard","5":"has-post-thumbnail","7":"category-otsikot","8":"tag-breaking-news","9":"tag-breakingnews","10":"tag-featured-news","11":"tag-featurednews","12":"tag-fi","13":"tag-finland","14":"tag-finnish","15":"tag-headlines","16":"tag-helsingin-sanomat","17":"tag-latest-news","18":"tag-latestnews","19":"tag-main-news","20":"tag-mainnews","21":"tag-news","22":"tag-otsikot","23":"tag-paauutiset","24":"tag-suomi","25":"tag-top-stories","26":"tag-topstories","27":"tag-uutiset"},"share_on_mastodon":{"url":"https:\/\/pubeurope.com\/@fi\/115784527555938192","error":""},"_links":{"self":[{"href":"https:\/\/www.europesays.com\/fi\/wp-json\/wp\/v2\/posts\/126081","targetHints":{"allow":["GET"]}}],"collection":[{"href":"https:\/\/www.europesays.com\/fi\/wp-json\/wp\/v2\/posts"}],"about":[{"href":"https:\/\/www.europesays.com\/fi\/wp-json\/wp\/v2\/types\/post"}],"author":[{"embeddable":true,"href":"https:\/\/www.europesays.com\/fi\/wp-json\/wp\/v2\/users\/2"}],"replies":[{"embeddable":true,"href":"https:\/\/www.europesays.com\/fi\/wp-json\/wp\/v2\/comments?post=126081"}],"version-history":[{"count":0,"href":"https:\/\/www.europesays.com\/fi\/wp-json\/wp\/v2\/posts\/126081\/revisions"}],"wp:featuredmedia":[{"embeddable":true,"href":"https:\/\/www.europesays.com\/fi\/wp-json\/wp\/v2\/media\/126082"}],"wp:attachment":[{"href":"https:\/\/www.europesays.com\/fi\/wp-json\/wp\/v2\/media?parent=126081"}],"wp:term":[{"taxonomy":"category","embeddable":true,"href":"https:\/\/www.europesays.com\/fi\/wp-json\/wp\/v2\/categories?post=126081"},{"taxonomy":"post_tag","embeddable":true,"href":"https:\/\/www.europesays.com\/fi\/wp-json\/wp\/v2\/tags?post=126081"}],"curies":[{"name":"wp","href":"https:\/\/api.w.org\/{rel}","templated":true}]}}