{"id":126093,"date":"2025-12-26T07:11:07","date_gmt":"2025-12-26T07:11:07","guid":{"rendered":"https:\/\/www.europesays.com\/fi\/126093\/"},"modified":"2025-12-26T07:11:07","modified_gmt":"2025-12-26T07:11:07","slug":"mies-ahdisteli-lasta-tokmannin-leluosastolla","status":"publish","type":"post","link":"https:\/\/www.europesays.com\/fi\/126093\/","title":{"rendered":"Mies ahdisteli lasta Tokmannin leluosastolla"},"content":{"rendered":"<p>Tuomiot|11-vuotias tytt\u00f6 oli leluosastolla, kun i\u00e4k\u00e4s mies ilmestyi viereen sukuelin k\u00e4dess\u00e4\u00e4n. Omasta mielest\u00e4\u00e4n mies ei syyllistynyt rikokseen.<\/p>\n<p>Lue tiivistelm\u00e4<\/p>\n<p class=\"article-body mb-nof-24 px-nof-16 sndp-summary-bullet-point-font\">Helsingin hovioikeus piti ennallaan tuomion, jossa kuusikymppinen mies sai seitsem\u00e4n kuukauden ehdollisen vankeustuomion lapsen seksuaalisesta hyv\u00e4ksik\u00e4yt\u00f6st\u00e4 ja sukupuolisiveellisyytt\u00e4 loukkaavan lasta esitt\u00e4v\u00e4n kuvan hallussapidosta.<\/p>\n<p class=\"article-body mb-nof-24 px-nof-16 sndp-summary-bullet-point-font\">Mies ahdisteli 11-vuotiasta tytt\u00f6\u00e4 Tokmannin leluosastolla Helsingiss\u00e4 lokakuussa 2021 ja h\u00e4nen tietokoneeltaan l\u00f6ytyi 45 lapsipornokuvaa.<\/p>\n<p class=\"article-body mb-nof-24 px-nof-16 sndp-summary-bullet-point-font\">Mies kiisti oikeudessa syyllistyneens\u00e4 rikokseen, mutta valvontakameran tallenne tuki uhrin kertomusta tapahtumista.<\/p>\n<p class=\"article-body mb-nof-24 px-nof-16\">Kuusikymppinen mies ahdisteli 11-vuotiasta tytt\u00f6\u00e4 Tokmannin leluosastolla. Rikos tapahtui Helsingiss\u00e4 lokakuussa 2021.<\/p>\n<p class=\"article-body mb-nof-24 px-nof-16\">Mies oli ottanut peniksens\u00e4 esille kaupassa ja l\u00e4htenyt l\u00e4hestym\u00e4\u00e4n lasta kosketellen itse\u00e4\u00e4n samaan aikaan.<\/p>\n<p class=\"article-body mb-nof-24 px-nof-16\">My\u00f6hemmin miehen tietokoneelta l\u00f6ytyi 45 kuvaa, joista iso osa esitti alastomia lapsia. Rikoksen katsottiin ajoittuvan vuosille 2021 ja 2022.<\/p>\n<p class=\"article-body mb-nof-24 px-nof-16\">Tapausta k\u00e4siteltiin ensin k\u00e4r\u00e4j\u00e4oikeudessa. Mies kiisti syyllistyneens\u00e4 rikokseen. H\u00e4nen mukaansa koneelta l\u00f6ytyneet kuvat olivat kuvank\u00e4sittelyohjelmalla tehtyj\u00e4.<\/p>\n<p class=\"article-body mb-nof-24 px-nof-16\">Myym\u00e4l\u00e4ss\u00e4 tapahtuneen vilauttelun mies kiisti oikeudessa t\u00e4ysin. Esitutkinnassa mies oli kuitenkin kertonut, ett\u00e4 h\u00e4nell\u00e4 oli \u201dmopo karannut k\u00e4sist\u00e4\u201d.<\/p>\n<p class=\"article-body mb-nof-24 px-nof-16\">Oikeudessa mies kertoi pohtineensa toimintansa motiivia ja tulleensa siihen tulokseen, ett\u00e4 aikomus ei ole rikos. Esimerkkin\u00e4 mies k\u00e4ytti ihmist\u00e4, joka seisoo y\u00f6ll\u00e4 puoli tuntia kultasep\u00e4nliikkeen edess\u00e4 tiiliskivi k\u00e4dess\u00e4\u00e4n. Sen perusteella ei voisi syytt\u00e4\u00e4 murron yrityksest\u00e4, mies selitti.<\/p>\n<p class=\"article-body mb-nof-24 px-nof-16\">Helsingin k\u00e4r\u00e4j\u00e4oikeus arvioi, ett\u00e4 kuvat miehen koneella olivat aitoja, vaikka niiss\u00e4 saattoi olla joitain muokkauksia.<\/p>\n<p class=\"article-body mb-nof-24 px-nof-16\">Mit\u00e4 leluosaston tapahtumiin tuli, valvontakameran tallenne tuki uhrin kertomusta. Tallenteelta n\u00e4kyy, kuinka mies seuraa uhria ja tyydytt\u00e4\u00e4 itse\u00e4\u00e4n hyvin l\u00e4hell\u00e4 lasta.<\/p>\n<p class=\"article-body mb-nof-24 px-nof-16\">Helsingin k\u00e4r\u00e4j\u00e4oikeus tuomitsi vuonna 1957 syntyneen miehen seitsem\u00e4n kuukauden ehdolliseen vankeuteen sukupuolisiveellisyytt\u00e4 loukkaavan lasta esitt\u00e4v\u00e4n kuvan hallussapidosta sek\u00e4 lapsen seksuaalisesta hyv\u00e4ksik\u00e4yt\u00f6st\u00e4.<\/p>\n<p class=\"article-body mb-nof-24 px-nof-16\">Mies my\u00f6s m\u00e4\u00e4r\u00e4ttiin menett\u00e4m\u00e4\u00e4n tietokoneensa valtiolle. Mies m\u00e4\u00e4r\u00e4ttiin maksamaan 1\u202f000 euron korvaus.<\/p>\n<p class=\"article-body mb-nof-24 px-nof-16\">Mies valitti tuomiosta hovioikeuteen. H\u00e4n vaati syytteiden hylk\u00e4\u00e4mist\u00e4 sek\u00e4 sit\u00e4, ett\u00e4 saisi v\u00e4hint\u00e4\u00e4n kopioida lailliset tiedostonsa takavarikoidulta koneelta.<\/p>\n<p class=\"article-body mb-nof-24 px-nof-16\">Helsingin hovioikeus piti tuomion ennallaan, mutta antoi miehelle mahdollisuuden ottaa talteen koneelta l\u00f6ytyv\u00e4 laillinen sis\u00e4lt\u00f6.<\/p>\n","protected":false},"excerpt":{"rendered":"Tuomiot|11-vuotias tytt\u00f6 oli leluosastolla, kun i\u00e4k\u00e4s mies ilmestyi viereen sukuelin k\u00e4dess\u00e4\u00e4n. Omasta mielest\u00e4\u00e4n mies ei syyllistynyt rikokseen. Lue&hellip;\n","protected":false},"author":2,"featured_media":96697,"comment_status":"","ping_status":"","sticky":false,"template":"","format":"standard","meta":{"footnotes":""},"categories":[12],"tags":[22,23,26,27,33,31,30,17,46,24,25,28,29,15,18,21,32,19,20,16],"class_list":{"0":"post-126093","1":"post","2":"type-post","3":"status-publish","4":"format-standard","5":"has-post-thumbnail","7":"category-suomi","8":"tag-breaking-news","9":"tag-breakingnews","10":"tag-featured-news","11":"tag-featurednews","12":"tag-fi","13":"tag-finland","14":"tag-finnish","15":"tag-headlines","16":"tag-helsingin-sanomat","17":"tag-latest-news","18":"tag-latestnews","19":"tag-main-news","20":"tag-mainnews","21":"tag-news","22":"tag-otsikot","23":"tag-paauutiset","24":"tag-suomi","25":"tag-top-stories","26":"tag-topstories","27":"tag-uutiset"},"share_on_mastodon":{"url":"https:\/\/pubeurope.com\/@fi\/115784626077225420","error":""},"_links":{"self":[{"href":"https:\/\/www.europesays.com\/fi\/wp-json\/wp\/v2\/posts\/126093","targetHints":{"allow":["GET"]}}],"collection":[{"href":"https:\/\/www.europesays.com\/fi\/wp-json\/wp\/v2\/posts"}],"about":[{"href":"https:\/\/www.europesays.com\/fi\/wp-json\/wp\/v2\/types\/post"}],"author":[{"embeddable":true,"href":"https:\/\/www.europesays.com\/fi\/wp-json\/wp\/v2\/users\/2"}],"replies":[{"embeddable":true,"href":"https:\/\/www.europesays.com\/fi\/wp-json\/wp\/v2\/comments?post=126093"}],"version-history":[{"count":0,"href":"https:\/\/www.europesays.com\/fi\/wp-json\/wp\/v2\/posts\/126093\/revisions"}],"wp:featuredmedia":[{"embeddable":true,"href":"https:\/\/www.europesays.com\/fi\/wp-json\/wp\/v2\/media\/96697"}],"wp:attachment":[{"href":"https:\/\/www.europesays.com\/fi\/wp-json\/wp\/v2\/media?parent=126093"}],"wp:term":[{"taxonomy":"category","embeddable":true,"href":"https:\/\/www.europesays.com\/fi\/wp-json\/wp\/v2\/categories?post=126093"},{"taxonomy":"post_tag","embeddable":true,"href":"https:\/\/www.europesays.com\/fi\/wp-json\/wp\/v2\/tags?post=126093"}],"curies":[{"name":"wp","href":"https:\/\/api.w.org\/{rel}","templated":true}]}}