{"id":126094,"date":"2025-12-26T07:12:10","date_gmt":"2025-12-26T07:12:10","guid":{"rendered":"https:\/\/www.europesays.com\/fi\/126094\/"},"modified":"2025-12-26T07:12:10","modified_gmt":"2025-12-26T07:12:10","slug":"tuomaan-markkinoilla-tanakin-vuonna-kavijaennatys","status":"publish","type":"post","link":"https:\/\/www.europesays.com\/fi\/126094\/","title":{"rendered":"Tuomaan markkinoilla t\u00e4n\u00e4kin vuonna k\u00e4vij\u00e4enn\u00e4tys"},"content":{"rendered":"<p>Joulumarkkinat|Maanantaina p\u00e4\u00e4ttyneet Tuomaan markkinat l\u00f6iv\u00e4t viime vuoden k\u00e4vij\u00e4\u00adenn\u00e4tyksen. Joulutunnelmaa kaipaaville auki on viel\u00e4 Mantan joulutapahtuma.<\/p>\n<p>Lue tiivistelm\u00e4<\/p>\n<p class=\"article-body mb-nof-24 px-nof-16 sndp-summary-bullet-point-font\">Helsingin Senaatintorin Tuomaan markkinoilla k\u00e4vi yli 650 000 ihmist\u00e4, mik\u00e4 on noin 50 000 enemm\u00e4n kuin viime vuonna.<\/p>\n<p class=\"article-body mb-nof-24 px-nof-16 sndp-summary-bullet-point-font\">Helsingin kaupunki arvelee, ett\u00e4 k\u00e4vij\u00e4m\u00e4\u00e4rien kasvu johtuu ainakin osittain matkailijam\u00e4\u00e4rien kasvusta.<\/p>\n<p class=\"article-body mb-nof-24 px-nof-16 sndp-summary-bullet-point-font\">T\u00e4n\u00e4 vuonna Helsingiss\u00e4 oli ensimm\u00e4ist\u00e4 kertaa kolmet joulumarkkinat, ja Mantan joulutori on auki viel\u00e4 loppiaiseen asti.<\/p>\n<p class=\"article-body mb-nof-24 px-nof-16\">Runsaan kolmen viikon aikana Senaatintorin Tuomaan markkinoilla vieraili yli 650\u202f000 ihmist\u00e4, tiedottaa Helsingin kaupunki.<\/p>\n<p class=\"article-body mb-nof-24 px-nof-16\">Perinteinen joulutapahtuma alkoi marraskuun lopussa ja p\u00e4\u00e4ttyi maanantaina. Siin\u00e4 v\u00e4liss\u00e4 ehdittiin myyd\u00e4 yli 60\u202f000 annosta riisipuuroa ja yli 85\u202f000 l\u00e4mmint\u00e4 gl\u00f6gijuomaa. T\u00e4m\u00e4n vuoden hittiruoaksi arvioitiin niin <a class=\"underline underline-offset-[0.12em] [text-decoration-thickness:var(--generic-link-underline-thickness)] [text-decoration-color:var(--generic-link-underline-color)] [text-decoration-skip-ink:var(--generic-link-underline-skip-ink)] break-words\" href=\"https:\/\/www.hs.fi\/helsinki\/art-2000011692923.html\" rel=\"nofollow noopener\" target=\"_blank\">HS:n arviossa<\/a> kuin kaupungin tiedotteessa marja- ja omenacrumblet.<\/p>\n<p class=\"article-body mb-nof-24 px-nof-16\">Nousua viimevuotisiin k\u00e4vij\u00e4m\u00e4\u00e4riin on noin 50\u202f000 vierailijaa. Helsingin kaupungilta arvellaan, ett\u00e4 syyn\u00e4 kasvuun on ainakin osittain matkailijam\u00e4\u00e4rien kasvu.<\/p>\n<p><img decoding=\"async\" src=\"https:\/\/www.europesays.com\/fi\/wp-content\/uploads\/2025\/12\/1765651212_554_468.jpg\" alt=\"Mantan uusi joulutori sopii aikuiseen makuun, arvioi HS joulukuun puoliv\u00e4liss\u00e4.\" class=\"_Img_1rerz_1\" style=\"aspect-ratio:1.5\" loading=\"eager\"\/><\/p>\n<p class=\"article-picture-caption\">Mantan uusi joulutori sopii aikuiseen makuun, arvioi HS joulukuun puoliv\u00e4liss\u00e4. Kuva:\u00a0Kalle Koponen<\/p>\n<p class=\"article-body mb-nof-24 px-nof-16\">T\u00e4n\u00e4 vuonna Helsingiss\u00e4 oli ensimm\u00e4ist\u00e4 kertaa <a class=\"underline underline-offset-[0.12em] [text-decoration-thickness:var(--generic-link-underline-thickness)] [text-decoration-color:var(--generic-link-underline-color)] [text-decoration-skip-ink:var(--generic-link-underline-skip-ink)] break-words\" href=\"https:\/\/www.hs.fi\/helsinki\/art-2000011689977.html\" rel=\"nofollow noopener\" target=\"_blank\">kolmet joulumarkkinat<\/a>.<\/p>\n<p class=\"article-body mb-nof-24 px-nof-16\">Tuomaan markkinoiden lis\u00e4ksi kauppakeskus Forumin yl\u00e4pihalla Kukontorilla oli ensimm\u00e4ist\u00e4 kertaa pienimuotoiset joulutori. Kukontorin k\u00e4vij\u00e4m\u00e4\u00e4rist\u00e4 ei viel\u00e4 joulun pyhin\u00e4 ollut tietoa.<\/p>\n<p class=\"article-body mb-nof-24 px-nof-16\">Helsingin kauppatorin puolella sijaitseva Mantan joulutori sen sijaan on auki viel\u00e4 loppiaiseen asti. Tapaninp\u00e4iv\u00e4n\u00e4 joulutorilla k\u00e4ynnistyy kello kuudelta Mantan tanssit.<\/p>\n<p class=\"article-body mb-nof-24 px-nof-16\">Havis Amandan kupeessa sijaitsevalla torilla on ohjelmaa my\u00f6s uudeksi vuodeksi. HS:n arvion mukaan erityisesti aikuisten makuun suunnitellulla torilla on keskitytty ruokapuoleen. Tarjolla on esimerkiksi japanilaista katuruokaa sek\u00e4 natuviini-gl\u00f6gi\u00e4.<\/p>\n","protected":false},"excerpt":{"rendered":"Joulumarkkinat|Maanantaina p\u00e4\u00e4ttyneet Tuomaan markkinat l\u00f6iv\u00e4t viime vuoden k\u00e4vij\u00e4\u00adenn\u00e4tyksen. Joulutunnelmaa kaipaaville auki on viel\u00e4 Mantan joulutapahtuma. Lue tiivistelm\u00e4 Helsingin&hellip;\n","protected":false},"author":2,"featured_media":126095,"comment_status":"","ping_status":"","sticky":false,"template":"","format":"standard","meta":{"footnotes":""},"categories":[5],"tags":[22,23,26,27,33,31,30,17,46,24,25,28,29,15,18,21,32,19,20,16],"class_list":{"0":"post-126094","1":"post","2":"type-post","3":"status-publish","4":"format-standard","5":"has-post-thumbnail","7":"category-otsikot","8":"tag-breaking-news","9":"tag-breakingnews","10":"tag-featured-news","11":"tag-featurednews","12":"tag-fi","13":"tag-finland","14":"tag-finnish","15":"tag-headlines","16":"tag-helsingin-sanomat","17":"tag-latest-news","18":"tag-latestnews","19":"tag-main-news","20":"tag-mainnews","21":"tag-news","22":"tag-otsikot","23":"tag-paauutiset","24":"tag-suomi","25":"tag-top-stories","26":"tag-topstories","27":"tag-uutiset"},"share_on_mastodon":{"url":"https:\/\/pubeurope.com\/@fi\/115784630039859744","error":""},"_links":{"self":[{"href":"https:\/\/www.europesays.com\/fi\/wp-json\/wp\/v2\/posts\/126094","targetHints":{"allow":["GET"]}}],"collection":[{"href":"https:\/\/www.europesays.com\/fi\/wp-json\/wp\/v2\/posts"}],"about":[{"href":"https:\/\/www.europesays.com\/fi\/wp-json\/wp\/v2\/types\/post"}],"author":[{"embeddable":true,"href":"https:\/\/www.europesays.com\/fi\/wp-json\/wp\/v2\/users\/2"}],"replies":[{"embeddable":true,"href":"https:\/\/www.europesays.com\/fi\/wp-json\/wp\/v2\/comments?post=126094"}],"version-history":[{"count":0,"href":"https:\/\/www.europesays.com\/fi\/wp-json\/wp\/v2\/posts\/126094\/revisions"}],"wp:featuredmedia":[{"embeddable":true,"href":"https:\/\/www.europesays.com\/fi\/wp-json\/wp\/v2\/media\/126095"}],"wp:attachment":[{"href":"https:\/\/www.europesays.com\/fi\/wp-json\/wp\/v2\/media?parent=126094"}],"wp:term":[{"taxonomy":"category","embeddable":true,"href":"https:\/\/www.europesays.com\/fi\/wp-json\/wp\/v2\/categories?post=126094"},{"taxonomy":"post_tag","embeddable":true,"href":"https:\/\/www.europesays.com\/fi\/wp-json\/wp\/v2\/tags?post=126094"}],"curies":[{"name":"wp","href":"https:\/\/api.w.org\/{rel}","templated":true}]}}