{"id":126098,"date":"2025-12-26T07:31:09","date_gmt":"2025-12-26T07:31:09","guid":{"rendered":"https:\/\/www.europesays.com\/fi\/126098\/"},"modified":"2025-12-26T07:31:09","modified_gmt":"2025-12-26T07:31:09","slug":"fis-antoi-venalaisille-joululahjan-mtvuutiset-fi","status":"publish","type":"post","link":"https:\/\/www.europesays.com\/fi\/126098\/","title":{"rendered":"Fis antoi ven\u00e4l\u00e4isille joululahjan &#8211; mtvuutiset.fi"},"content":{"rendered":"<ol>\n<li><a href=\"https:\/\/news.google.com\/rss\/articles\/CBMihAFBVV95cUxOQjhBUU9qWXluRUQ3STVSeHZPLTNOU1JGcVNRUUdHckYxRXluVHRZajl1TXBwTnNBdExfOXJtSTJsaEdlVjBfRWEtdlVYLTBCcW5ENHFuZkxvVDEyXzlhdHRzQ0ZCeXFLdE8xRDVpU1Q5M3NSUkZxSlpSaHVlSXlNLVdUeWE?oc=5\" target=\"_blank\" rel=\"nofollow noopener\">Fis antoi ven\u00e4l\u00e4isille joululahjan<\/a>&nbsp;&nbsp;mtvuutiset.fi<\/li>\n<li><a href=\"https:\/\/news.google.com\/rss\/articles\/CBMiggFBVV95cUxPT09IX0l1VXVCekZRQ0JUaWtLTVVJdUpHQTFvci1CLVVYbTRsaHVzeUI0VF9ILWJnanVOQTVzS2hKUERYeUhZSFdXSy1GRE51Zkh5MlVxNVRiMkpVdGx5OTJ3bXJVNFpuT3ZLRUVzN2pUc2t0SnFXQU5aamh0ZnFnVFN3?oc=5\" target=\"_blank\" rel=\"nofollow noopener\">Ven\u00e4l\u00e4iset palasivat maailmancupiin \u2013 Norjan pomo kommentoi<\/a>&nbsp;&nbsp;Iltalehti<\/li>\n<li><a href=\"https:\/\/news.google.com\/rss\/articles\/CBMiowFBVV95cUxPYmJLR0FSTVp4elhMZUpCaF96bkRiZk1tM1RuTlM1aERndUczQkhLVjZxNWNtYVRkcFBheHNBRXh2aGFTSUctUGliaTlhYWMweWNhWW1jcndWUnoxWVpsZ2RxaGhJckRaaFY3SGNKRUFEcXJ5YVhrYWFReVFSWnpEMVZfYXA0RzRwdmJVdkk2TjViODFHR3pRZ19nUVRhT0ZfbTFN?oc=5\" target=\"_blank\" rel=\"nofollow noopener\">Ven\u00e4j\u00e4 hiipii takaisin urheilukentille \u2013 \u201dSe on t\u00e4ysin v\u00e4\u00e4r\u00e4 viesti\u201d<\/a>&nbsp;&nbsp;Suomenkuvalehti.fi<\/li>\n<li><a href=\"https:\/\/news.google.com\/rss\/articles\/CBMiX0FVX3lxTE1ZZDNUdU9zMm1aREZTUkd1aG9JUkpYZzU4WVZhaklXVzQ0eW5qOWNhT1Qta3NWb3lERTZDRVBSOGVUUEM0Ty1SVXlvMVZwb2stbW9aRWJGUlhVQkNBUUE4?oc=5\" target=\"_blank\" rel=\"nofollow noopener\">Ven\u00e4l\u00e4iset palaavat olympialaisten m\u00e4kihyppyyn<\/a>&nbsp;&nbsp;Ilta-Sanomat<\/li>\n<li><a href=\"https:\/\/news.google.com\/rss\/articles\/CBMiQkFVX3lxTE1vZmlZazJCbDNSbmk0eDhSSzhkREJSSnhraUt5Uk5sRTdjZENMZS1HdWZJN3ZxcGNfUkd4dTE5aDdPQQ?oc=5\" target=\"_blank\" rel=\"nofollow noopener\">Ven\u00e4l\u00e4isille m\u00e4kihypp\u00e4\u00e4jille olympiakelpoisuus \u2013 saattavat hyp\u00e4t\u00e4 jo Keski-Euroopan m\u00e4kiviikolla<\/a>&nbsp;&nbsp;Yle<\/li>\n<\/ol>\n","protected":false},"excerpt":{"rendered":"Fis antoi ven\u00e4l\u00e4isille joululahjan&nbsp;&nbsp;mtvuutiset.fi Ven\u00e4l\u00e4iset palasivat maailmancupiin \u2013 Norjan pomo kommentoi&nbsp;&nbsp;Iltalehti Ven\u00e4j\u00e4 hiipii takaisin urheilukentille \u2013 \u201dSe on&hellip;\n","protected":false},"author":2,"featured_media":126099,"comment_status":"","ping_status":"","sticky":false,"template":"","format":"standard","meta":{"footnotes":""},"categories":[158],"tags":[33,31,30,159,32,160],"class_list":{"0":"post-126098","1":"post","2":"type-post","3":"status-publish","4":"format-standard","5":"has-post-thumbnail","7":"category-urheilu","8":"tag-fi","9":"tag-finland","10":"tag-finnish","11":"tag-sports","12":"tag-suomi","13":"tag-urheilu"},"share_on_mastodon":{"url":"https:\/\/pubeurope.com\/@fi\/115784704552987171","error":""},"_links":{"self":[{"href":"https:\/\/www.europesays.com\/fi\/wp-json\/wp\/v2\/posts\/126098","targetHints":{"allow":["GET"]}}],"collection":[{"href":"https:\/\/www.europesays.com\/fi\/wp-json\/wp\/v2\/posts"}],"about":[{"href":"https:\/\/www.europesays.com\/fi\/wp-json\/wp\/v2\/types\/post"}],"author":[{"embeddable":true,"href":"https:\/\/www.europesays.com\/fi\/wp-json\/wp\/v2\/users\/2"}],"replies":[{"embeddable":true,"href":"https:\/\/www.europesays.com\/fi\/wp-json\/wp\/v2\/comments?post=126098"}],"version-history":[{"count":0,"href":"https:\/\/www.europesays.com\/fi\/wp-json\/wp\/v2\/posts\/126098\/revisions"}],"wp:featuredmedia":[{"embeddable":true,"href":"https:\/\/www.europesays.com\/fi\/wp-json\/wp\/v2\/media\/126099"}],"wp:attachment":[{"href":"https:\/\/www.europesays.com\/fi\/wp-json\/wp\/v2\/media?parent=126098"}],"wp:term":[{"taxonomy":"category","embeddable":true,"href":"https:\/\/www.europesays.com\/fi\/wp-json\/wp\/v2\/categories?post=126098"},{"taxonomy":"post_tag","embeddable":true,"href":"https:\/\/www.europesays.com\/fi\/wp-json\/wp\/v2\/tags?post=126098"}],"curies":[{"name":"wp","href":"https:\/\/api.w.org\/{rel}","templated":true}]}}