{"id":126104,"date":"2025-12-26T07:36:09","date_gmt":"2025-12-26T07:36:09","guid":{"rendered":"https:\/\/www.europesays.com\/fi\/126104\/"},"modified":"2025-12-26T07:36:09","modified_gmt":"2025-12-26T07:36:09","slug":"yli-puolet-vientiyrityksista-arvioi-vientinsa-kasvavan-ensi-vuonna","status":"publish","type":"post","link":"https:\/\/www.europesays.com\/fi\/126104\/","title":{"rendered":"Yli puolet vientiyrityksist\u00e4 arvioi vientins\u00e4 kasvavan ensi vuonna"},"content":{"rendered":"<p class=\"ai-optimize-6 ai-optimize-introduction\">Kauppakamarien vientiyrityksille suunnattuun kyselyyn vastanneista yrityksist\u00e4 66 prosenttia odottaa viennin kasvavan vuonna 2026, kerrotaan Keskuskauppakamarin tiedotteessa.<\/p>\n<p class=\"ai-optimize-7\">Odotukset tulevasta vuodesta ovat positiivisimmat sitten vuoden 2022, jolloin vastaava kysymys esitettiin kyselyss\u00e4 ensimm\u00e4isen kerran.<\/p>\n<p class=\"ai-optimize-8\">Piristyneist\u00e4 ja toiveikkaista tunnelmista kertoo my\u00f6s se, ett\u00e4 viime vuonna vastaavaan aikaan 11 prosenttia yrityksist\u00e4 odotti viennin laskevan seuraavana vuonna, kun t\u00e4n\u00e4 vuonna vastaava luku oli seitsem\u00e4n prosenttia.<\/p>\n<p class=\"ai-optimize-9\">\u2013 Vastanneista vientialan yrityksist\u00e4 kaksi kolmasosaa arvelee viennin kasvavan ensi vuonna. T\u00e4m\u00e4 on vastaavista kysymyksist\u00e4mme paras tulos koko mittaushistoriamme aikana. Erityisesti yritykset kokevat n\u00e4kymi\u00e4\u00e4n kirkastavan panostukset puolustussektoriin sek\u00e4 vihre\u00e4\u00e4n siirtym\u00e4\u00e4n, toteaa Keskuskauppakamarin kansainv\u00e4listen asioiden johtaja <strong>P\u00e4ivi Pohjanheimo<\/strong>.<\/p>\n<p class=\"ai-optimize-10\">Vientin\u00e4kymi\u00e4 nostattavat my\u00f6s Saksan merkitt\u00e4v\u00e4t panostukset eri sektoreihin. Jopa 44 prosenttia vastaajista arvioi hy\u00f6tyv\u00e4ns\u00e4 n\u00e4ist\u00e4 panostuksista, ja vain 24 prosenttia totesi, ettei tule hy\u00f6tym\u00e4\u00e4n niist\u00e4.<\/p>\n<p class=\"ai-optimize-11\">\u2013 Saksan miljardiluokan uudistukset infra-, digitalisaatio- ja puolustussektoreille merkitsev\u00e4t mahdollisuuksia my\u00f6s Suomen vientiyrityksille. Erityisesti saksalaisinvestoinneista uskovat vastausten perusteella hy\u00f6tyv\u00e4ns\u00e4 rakennusala sek\u00e4 puolustussektori, Pohjanheimo sanoo.<\/p>\n<p class=\"ai-optimize-12\">Yrityksist\u00e4 91 prosenttia toteaa, ettei ole siirt\u00e4nyt toimintaa tai tuotantoaan Yhdysvaltoihin presidentti Donald Trumpin tullipolitiikan seurauksena. Sen sijaan 80 prosenttia vastaajista kertoi EU-maiden kiinnostavan markkina-alueena. Lis\u00e4ksi 22 prosenttia vastanneista kertoi kasvattavansa liiketoimintaansa EU- ja ETA-maissa tullipolitiikan seurauksena.<\/p>\n<p class=\"ai-optimize-13\">\u2013 Vastauksissa n\u00e4kyy selke\u00e4sti t\u00e4m\u00e4nhetkinen geopoliittinen tilanne: Yhdysvaltojen arvaamattomuus mietitytt\u00e4\u00e4 vientiyrityksi\u00e4. Vastaajat n\u00e4kev\u00e4t sen sijaan EU-maat sek\u00e4 Pohjoismaat turvallisina ja entist\u00e4 t\u00e4rke\u00e4mpin\u00e4 kauppakumppaneina.<\/p>\n<p class=\"ai-optimize-14\">Vientijohtajakysely tehtiin 9.\u201312.12. ja siihen vastasi 126 vientiyrityst\u00e4 ymp\u00e4ri Suomen.<\/p>\n","protected":false},"excerpt":{"rendered":"Kauppakamarien vientiyrityksille suunnattuun kyselyyn vastanneista yrityksist\u00e4 66 prosenttia odottaa viennin kasvavan vuonna 2026, kerrotaan Keskuskauppakamarin tiedotteessa. Odotukset tulevasta&hellip;\n","protected":false},"author":2,"featured_media":126105,"comment_status":"","ping_status":"","sticky":false,"template":"","format":"standard","meta":{"footnotes":""},"categories":[14],"tags":[22,23,26,27,33,31,30,17,24,25,28,29,15,18,21,32,19,20,56,16,7901,59,60,61],"class_list":{"0":"post-126104","1":"post","2":"type-post","3":"status-publish","4":"format-standard","5":"has-post-thumbnail","7":"category-ulkomaat","8":"tag-breaking-news","9":"tag-breakingnews","10":"tag-featured-news","11":"tag-featurednews","12":"tag-fi","13":"tag-finland","14":"tag-finnish","15":"tag-headlines","16":"tag-latest-news","17":"tag-latestnews","18":"tag-main-news","19":"tag-mainnews","20":"tag-news","21":"tag-otsikot","22":"tag-paauutiset","23":"tag-suomi","24":"tag-top-stories","25":"tag-topstories","26":"tag-ulkomaat","27":"tag-uutiset","28":"tag-vienti","29":"tag-world","30":"tag-world-news","31":"tag-worldnews"},"share_on_mastodon":{"url":"https:\/\/pubeurope.com\/@fi\/115784724358067174","error":""},"_links":{"self":[{"href":"https:\/\/www.europesays.com\/fi\/wp-json\/wp\/v2\/posts\/126104","targetHints":{"allow":["GET"]}}],"collection":[{"href":"https:\/\/www.europesays.com\/fi\/wp-json\/wp\/v2\/posts"}],"about":[{"href":"https:\/\/www.europesays.com\/fi\/wp-json\/wp\/v2\/types\/post"}],"author":[{"embeddable":true,"href":"https:\/\/www.europesays.com\/fi\/wp-json\/wp\/v2\/users\/2"}],"replies":[{"embeddable":true,"href":"https:\/\/www.europesays.com\/fi\/wp-json\/wp\/v2\/comments?post=126104"}],"version-history":[{"count":0,"href":"https:\/\/www.europesays.com\/fi\/wp-json\/wp\/v2\/posts\/126104\/revisions"}],"wp:featuredmedia":[{"embeddable":true,"href":"https:\/\/www.europesays.com\/fi\/wp-json\/wp\/v2\/media\/126105"}],"wp:attachment":[{"href":"https:\/\/www.europesays.com\/fi\/wp-json\/wp\/v2\/media?parent=126104"}],"wp:term":[{"taxonomy":"category","embeddable":true,"href":"https:\/\/www.europesays.com\/fi\/wp-json\/wp\/v2\/categories?post=126104"},{"taxonomy":"post_tag","embeddable":true,"href":"https:\/\/www.europesays.com\/fi\/wp-json\/wp\/v2\/tags?post=126104"}],"curies":[{"name":"wp","href":"https:\/\/api.w.org\/{rel}","templated":true}]}}