{"id":126108,"date":"2025-12-26T07:38:08","date_gmt":"2025-12-26T07:38:08","guid":{"rendered":"https:\/\/www.europesays.com\/fi\/126108\/"},"modified":"2025-12-26T07:38:08","modified_gmt":"2025-12-26T07:38:08","slug":"uusi-maa-liittyy-kohta-euroon-ja-ohittaa-heti-suomen-monella-mittarilla-talous","status":"publish","type":"post","link":"https:\/\/www.europesays.com\/fi\/126108\/","title":{"rendered":"Uusi maa liittyy kohta euroon \u2013 ja ohittaa heti Suomen monella mittarilla | Talous"},"content":{"rendered":"<ul class=\"aw-1jjocuh iJTSwP yle__article__list yle__article__list--ul\">\n<li class=\"aw-1j7gwms gNYKfi\">Bulgaria liittyy euroalueeseen 1. tammikuuta, jolloin yhteisvaluuttaa k\u00e4ytt\u00e4vi\u00e4 maita on 21.<\/li>\n<li class=\"aw-1j7gwms gNYKfi\">Maan 145 vuotta vanha valuutta leva poistuu k\u00e4yt\u00f6st\u00e4. Muutos sitoo Bulgarian tiiviimmin l\u00e4nteen.<\/li>\n<li class=\"aw-1j7gwms gNYKfi\">J\u00e4senyys lis\u00e4\u00e4 inflaatiopaineita euroalueella. Suomen Pankin mukaan t\u00e4m\u00e4 on huono uutinen Suomen taloudelle.<\/li>\n<\/ul>\n<p class=\"aw-1gybjub aw-1p7kakr kEtdKx cEmitX yle__article__paragraph\">T\u00e4m\u00e4 on teko\u00e4lyn avulla tuotettu, toimittajan tarkistama tiivistelm\u00e4.<\/p>\n<p class=\"aw-1gybjub aw-1p7kakr kEtdKx cEmitX yle__article__paragraph\">Euroalue laajenee alle kuukauden kuluttua, kun Bulgariasta tulee yhteisvaluutan k\u00e4ytt\u00e4j\u00e4. Euroa k\u00e4ytt\u00e4vien maiden m\u00e4\u00e4r\u00e4 kasvaa siten 21:een tammikuun ensimm\u00e4isen\u00e4 p\u00e4iv\u00e4n\u00e4.<\/p>\n<p class=\"aw-1gybjub aw-1p7kakr kEtdKx cEmitX yle__article__paragraph\">Muutos on erityisen historiallinen Bulgarialle. Sen oma, 145 vuotta k\u00e4yt\u00f6ss\u00e4 ollut valuutta leva j\u00e4\u00e4 pois k\u00e4yt\u00f6st\u00e4 kuukauden siirtym\u00e4kauden j\u00e4lkeen helmikuussa alussa.<\/p>\n<p class=\"aw-1gybjub aw-1p7kakr kEtdKx cEmitX yle__article__paragraph\">Historiallista on sekin, ett\u00e4 it\u00e4eurooppalainen valtio sitoutuu yh\u00e4 tiiviimmin l\u00e4nteen juuri nyt, kun Euroopan it\u00e4laidalla Ukrainassa taistellaan siit\u00e4, mihinp\u00e4in tulevaisuuden katseet suunnataan.<\/p>\n<p class=\"aw-1gybjub aw-1p7kakr kEtdKx cEmitX yle__article__paragraph\">Tosin Bulgarian kohdalla kyse ei ole mist\u00e4\u00e4n \u00e4kkin\u00e4isest\u00e4 takink\u00e4\u00e4nn\u00f6st\u00e4. Bulgaria on ollut puolustusliitto Natossa parikymment\u00e4 vuotta ennen Suomea, vuodesta 2004 l\u00e4htien. EU:n j\u00e4senmaa siit\u00e4 tuli vuonna 2007.<\/p>\n<p>Bulgaria lis\u00e4\u00e4 inflaatiopaineita<\/p>\n<p class=\"aw-1gybjub aw-1p7kakr kEtdKx cEmitX yle__article__paragraph\">Bulgaria on tavoitellut euroj\u00e4senyytt\u00e4 vuosia, mutta erityisesti kova inflaatiotahti on lyk\u00e4nnyt j\u00e4senyytt\u00e4.<\/p>\n<p class=\"aw-1gybjub aw-1p7kakr kEtdKx cEmitX yle__article__paragraph\">Vihdoin viime kes\u00e4n\u00e4 maan onnistui painaa hintojen nousu prosenttiyksik\u00f6n kymmenys alle EU:n edellytt\u00e4m\u00e4n 2,8 prosentin rajan.<\/p>\n<p class=\"aw-1gybjub aw-1p7kakr kEtdKx cEmitX yle__article__paragraph\">EKP:lle j\u00e4senmaiden eritahtinen hintojen nousu tuottaa p\u00e4\u00e4ns\u00e4rky\u00e4, kun kaikkien j\u00e4senmaiden taloutta on ohjattava yhteisell\u00e4 korkopolitiikalla.<\/p>\n<p class=\"aw-1gybjub aw-1p7kakr kEtdKx cEmitX yle__article__paragraph\">Esimerkiksi Suomen matelevalle talouskasvulle nykyist\u00e4 alempi korkotaso oli eduksi. Samaan aikaan korkoja pit\u00e4isi p\u00e4invastoin nostaa, jotta esimerkiksi Viron ja It\u00e4vallan hintojen kovaa nousua voitaisiin jarrutella.<\/p>\n<p class=\"aw-1gybjub aw-1p7kakr kEtdKx cEmitX yle__article__paragraph\">Korkeampi inflaatio voisi periaatteessa vaikuttaa korkoihin nostavasti. Bulgaria tulee nyt omalta osaltaan hieman kiihdytt\u00e4m\u00e4\u00e4n euroalueen inflaatiopaineita.<\/p>\n<p class=\"aw-1gybjub aw-1p7kakr kEtdKx cEmitX yle__article__paragraph\">Se on Suomelle huono uutinen \u2013 joskaan ei kovin suuri. Bulgarian talouden painoarvo euroalueella on Suomen Pankin vanhemman neuvonantaja <strong class=\"aw-ak79eh KyCXm yle__article__strong\">Lauri Vilmin<\/strong> mukaan puolentoista prosentin luokkaa.<\/p>\n<p class=\"aw-1gybjub aw-1p7kakr kEtdKx cEmitX yle__article__paragraph\">Runsaan kuuden miljoonan asukkaan Bulgarian talous on kooltaan hiukan pienempi kuin Suomen, mutta suurempi kuin kolmen Baltian maan yhteens\u00e4.<\/p>\n<p class=\"aw-1gybjub aw-1p7kakr kEtdKx cEmitX yle__article__paragraph\">Korkea korko on omiaan hidastamaan yritysten investointeja ja siten se jarruttaa talouden vauhtia. Se tekee my\u00f6s asuntolainojen hoitamisen kalliimmaksi, jolloin muuhun kuluttamiseen j\u00e4\u00e4 v\u00e4hemm\u00e4n rahaa.<\/p>\n<p>Talous kasvaa, velkasuhde kadehdittava<\/p>\n<p class=\"aw-1gybjub aw-1p7kakr kEtdKx cEmitX yle__article__paragraph\">Suomen talouteen verrattuna Bulgarialla on muutama asia hyv\u00e4ss\u00e4 kunnossa.<\/p>\n<p class=\"aw-1gybjub aw-1p7kakr kEtdKx cEmitX yle__article__paragraph\">Julkisen velan taso ei ole l\u00e4hell\u00e4k\u00e4\u00e4n Suomea. Velkaantuminen on kohtalaisessa vauhdissa, mutta se on pysynyt kuitenkin euro-maiden tavoitteessa eli korkeintaan kolmessa prosentissa.<\/p>\n<p class=\"aw-1gybjub aw-1p7kakr kEtdKx cEmitX yle__article__paragraph\">Bulgarian talous kasvaa selv\u00e4sti ripe\u00e4mmin kuin Suomessa. Viime vuosina talouskasvu on ollut heikoimmillaan sit\u00e4, mit\u00e4 se on Suomessa vahvimmillaan.<\/p>\n<p class=\"aw-1gybjub aw-1p7kakr kEtdKx cEmitX yle__article__paragraph\">Kaikkiaan elintaso on kuitenkin kolmasosan heikompi Suomeen verrattuna, kun sit\u00e4 mitataan ostovoiman huomioon ottavalla bruttokansantuotteella asukasta kohden.<\/p>\n<p class=\"aw-1gybjub aw-1p7kakr kEtdKx cEmitX yle__article__paragraph\">My\u00f6s hintojen nousu on ollut vauhdikasta, joskin aivan viime aikoina sit\u00e4 on saatu hillitty\u00e4.<\/p>\n<p class=\"aw-1gybjub aw-1p7kakr kEtdKx cEmitX yle__article__paragraph\">Valuutan vaihtuminen on suuri muutos my\u00f6s uudelle j\u00e4senmaalle.<\/p>\n<p class=\"aw-1gybjub aw-1p7kakr kEtdKx cEmitX yle__article__paragraph\">Bulgarialla on jo pitk\u00e4\u00e4n ollut kiinte\u00e4 valuuttakurssi suhteessa euroon, joten silt\u00e4 osin asetelma kaupassa euromaiden kanssa ei muutu.<\/p>\n<p class=\"aw-1gybjub aw-1p7kakr kEtdKx cEmitX yle__article__paragraph\">Ulkomaankaupassa valuutanvaihtokustannukset kuitenkin j\u00e4\u00e4v\u00e4t valtaosin pois, koska Bulgarian t\u00e4rkeimm\u00e4t kauppakumppanit, Saksa ja Italia k\u00e4ytt\u00e4v\u00e4t euroa.<\/p>\n<p class=\"aw-1gybjub aw-1p7kakr kEtdKx cEmitX yle__article__paragraph\">EKP:n tarjoamat leve\u00e4mm\u00e4t hartiat tarjoavat pankkij\u00e4rjestelm\u00e4lle vakautta. Toisaalta riskin\u00e4 on, ett\u00e4 rahoitus voi johtaa taloudessa ylikuumentumiseen ja hintojen nousuun.<\/p>\n<p>Iloinen perheenlis\u00e4ys euromaille<\/p>\n<p class=\"aw-1gybjub aw-1p7kakr kEtdKx cEmitX yle__article__paragraph\">Ent\u00e4 mik\u00e4 merkitys euromaille on sill\u00e4, ett\u00e4 joukkoon saadaan uusi j\u00e4sen?<\/p>\n<p class=\"aw-1gybjub aw-1p7kakr kEtdKx cEmitX yle__article__paragraph\">\u2013 Se on enemm\u00e4n symboli. Se osoittaa, ett\u00e4 perheeseen halutaan tulla ja integraatio on etenev\u00e4, Vilmi tiivist\u00e4\u00e4.<\/p>\n<p class=\"aw-1gybjub aw-1p7kakr kEtdKx cEmitX yle__article__paragraph\">Bulgaria ei ole j\u00e4senyydest\u00e4\u00e4n huolimatta joutunut ainakaan eurohuuman kouriin. Eurobarometri-kyselyss\u00e4 kansasta enemmist\u00f6 on euroa vastaan.<\/p>\n<p class=\"aw-1gybjub aw-1p7kakr kEtdKx cEmitX yle__article__paragraph\">Bulgarian esimerkki voi ehk\u00e4 hiukan lis\u00e4t\u00e4 my\u00f6s naapurimaa Romanian paineita tulla europerheeseen t\u00e4rke\u00e4n kauppakumppaninsa per\u00e4ss\u00e4.<\/p>\n<p class=\"aw-1gybjub aw-1p7kakr kEtdKx cEmitX yle__article__paragraph\">\u2013 Valuuttakurssin heilahteluilla voi olla joku merkitys, mutta tuskin kovin isoa merkityst\u00e4.<\/p>\n<p>Sofiassa jonotettiin uunituoreita bulgarialaisia euro-kolikoita keskuspankin edustalla heti joulukuun alussa. <\/p>\n<p class=\"aw-1gybjub aw-1p7kakr kEtdKx cEmitX yle__article__paragraph\">Ennen Bulgariaa euroon siirtyi toissa vuonna Kroatia, mutta nyt uusia j\u00e4senehdokkaita ei ole tulossa sis\u00e4\u00e4n odotushuoneesta.<\/p>\n<p class=\"aw-1gybjub aw-1p7kakr kEtdKx cEmitX yle__article__paragraph\">J\u00e4senyyden edellytyksen\u00e4 on se, ett\u00e4 hakijamaa on ollut ERM II -j\u00e4rjestelm\u00e4ss\u00e4 eli niin sanotussa euroregiimiss\u00e4 v\u00e4hint\u00e4\u00e4n kaksi vuotta. Sen on siis samalla t\u00e4ytett\u00e4v\u00e4 euromaalta vaadittavat ehdot muun muassa inflaation, julkisen velan ja korkojen suhteen.<\/p>\n<p class=\"aw-1gybjub aw-1p7kakr kEtdKx cEmitX yle__article__paragraph\">T\u00e4ll\u00e4 hetkell\u00e4 vain Tanska t\u00e4ytt\u00e4\u00e4 t\u00e4m\u00e4n ehdon, mutta Vilmin mukaan K\u00f6\u00f6penhaminassa ei toistaiseksi ole halua vaihtaa kruunua euroksi. Tanskan lis\u00e4ksi euron ulkopuolella ovat EU-maat Puola, Ruotsi, Tshekki ja Unkari.<\/p>\n<p class=\"aw-1gybjub aw-1p7kakr kEtdKx cEmitX yle__article__paragraph\"><strong class=\"aw-ak79eh KyCXm yle__article__strong\">P\u00e4\u00e4kaupunki<\/strong>: Sofia<\/p>\n<p class=\"aw-1gybjub aw-1p7kakr kEtdKx cEmitX yle__article__paragraph\"><strong class=\"aw-ak79eh KyCXm yle__article__strong\">V\u00e4kiluku:<\/strong> noin 6,4 miljoonaa<\/p>\n<p class=\"aw-1gybjub aw-1p7kakr kEtdKx cEmitX yle__article__paragraph\"><strong class=\"aw-ak79eh KyCXm yle__article__strong\">EU:n j\u00e4senmaa:<\/strong> 1.1.2007 alkaen<\/p>\n<p class=\"aw-1gybjub aw-1p7kakr kEtdKx cEmitX yle__article__paragraph\"><strong class=\"aw-ak79eh KyCXm yle__article__strong\">Rahayksikk\u00f6<\/strong>: Bulgarian leva, vaihtuu euroksi 1.1.2026.<\/p>\n<p class=\"aw-1gybjub aw-1p7kakr kEtdKx cEmitX yle__article__paragraph\"><strong class=\"aw-ak79eh KyCXm yle__article__strong\">Naapurimaat:<\/strong> Kreikka, Turkki, Serbia, Pohjois-Makedonia ja Romania<\/p>\n","protected":false},"excerpt":{"rendered":"Bulgaria liittyy euroalueeseen 1. tammikuuta, jolloin yhteisvaluuttaa k\u00e4ytt\u00e4vi\u00e4 maita on 21. Maan 145 vuotta vanha valuutta leva poistuu&hellip;\n","protected":false},"author":2,"featured_media":126109,"comment_status":"","ping_status":"","sticky":false,"template":"","format":"standard","meta":{"footnotes":""},"categories":[5],"tags":[22436,22,23,7510,5948,1617,26,27,33,31,30,17,24,25,28,29,15,18,21,2408,32,78,19,20,16],"class_list":{"0":"post-126108","1":"post","2":"type-post","3":"status-publish","4":"format-standard","5":"has-post-thumbnail","7":"category-otsikot","8":"tag-asuntolainan-korko","9":"tag-breaking-news","10":"tag-breakingnews","11":"tag-bulgaria","12":"tag-euroalue","13":"tag-euroopan-unioni","14":"tag-featured-news","15":"tag-featurednews","16":"tag-fi","17":"tag-finland","18":"tag-finnish","19":"tag-headlines","20":"tag-latest-news","21":"tag-latestnews","22":"tag-main-news","23":"tag-mainnews","24":"tag-news","25":"tag-otsikot","26":"tag-paauutiset","27":"tag-rahoitusmarkkinat","28":"tag-suomi","29":"tag-talous","30":"tag-top-stories","31":"tag-topstories","32":"tag-uutiset"},"share_on_mastodon":{"url":"https:\/\/pubeurope.com\/@fi\/115784732045486455","error":""},"_links":{"self":[{"href":"https:\/\/www.europesays.com\/fi\/wp-json\/wp\/v2\/posts\/126108","targetHints":{"allow":["GET"]}}],"collection":[{"href":"https:\/\/www.europesays.com\/fi\/wp-json\/wp\/v2\/posts"}],"about":[{"href":"https:\/\/www.europesays.com\/fi\/wp-json\/wp\/v2\/types\/post"}],"author":[{"embeddable":true,"href":"https:\/\/www.europesays.com\/fi\/wp-json\/wp\/v2\/users\/2"}],"replies":[{"embeddable":true,"href":"https:\/\/www.europesays.com\/fi\/wp-json\/wp\/v2\/comments?post=126108"}],"version-history":[{"count":0,"href":"https:\/\/www.europesays.com\/fi\/wp-json\/wp\/v2\/posts\/126108\/revisions"}],"wp:featuredmedia":[{"embeddable":true,"href":"https:\/\/www.europesays.com\/fi\/wp-json\/wp\/v2\/media\/126109"}],"wp:attachment":[{"href":"https:\/\/www.europesays.com\/fi\/wp-json\/wp\/v2\/media?parent=126108"}],"wp:term":[{"taxonomy":"category","embeddable":true,"href":"https:\/\/www.europesays.com\/fi\/wp-json\/wp\/v2\/categories?post=126108"},{"taxonomy":"post_tag","embeddable":true,"href":"https:\/\/www.europesays.com\/fi\/wp-json\/wp\/v2\/tags?post=126108"}],"curies":[{"name":"wp","href":"https:\/\/api.w.org\/{rel}","templated":true}]}}