{"id":126112,"date":"2025-12-26T07:55:09","date_gmt":"2025-12-26T07:55:09","guid":{"rendered":"https:\/\/www.europesays.com\/fi\/126112\/"},"modified":"2025-12-26T07:55:09","modified_gmt":"2025-12-26T07:55:09","slug":"juokse-henkesi-edesta-charlize-theron-ja-taron-egerton-tiivistunnelmaisen-netflix-sarjamurhaajaleffan-trailerilla","status":"publish","type":"post","link":"https:\/\/www.europesays.com\/fi\/126112\/","title":{"rendered":"&#8221;Juokse henkesi edest\u00e4&#8221; \u2013\u00a0Charlize Theron ja Taron Egerton tiivistunnelmaisen Netflix-sarjamurhaajaleffan trailerilla"},"content":{"rendered":"<p>Apex n\u00e4hd\u00e4\u00e4n Netflixiss\u00e4 huhtikuun 24. p\u00e4iv\u00e4. Sarjamurhaajaj\u00e4nn\u00e4rin p\u00e4\u00e4rooleissa n\u00e4hd\u00e4\u00e4n <strong>Charlize Theron <\/strong>ja<strong> Taron Egerton<\/strong>.<\/p>\n<p>Sureva nainen (Theron) suuntaa Australian villiin luontoon seikkailemaan, mutta joutuu pian sarjamurhaajan (Egerton) sairaan kissa ja hiiri -leikin kohteeksi. Elokuvassa n\u00e4hd\u00e4\u00e4n my\u00f6s<strong> Eric Bana<\/strong>.<\/p>\n<p>Katso traileri alta tai <a href=\"https:\/\/www.youtube.com\/watch?v=U2Iyg5MbC-Y\" target=\"_blank\" rel=\"noreferrer noopener nofollow\">t\u00e4st\u00e4 linkist\u00e4<\/a>.<\/p>\n<p><img loading=\"lazy\" decoding=\"async\" alt=\"YouTube video\" width=\"480\" height=\"360\" data-pin-nopin=\"true\" nopin=\"nopin\" class=\"perfmatters-lazy\" src=\"https:\/\/www.europesays.com\/fi\/wp-content\/uploads\/2025\/12\/1766735709_787_hqdefault.jpg\"\/><\/p>\n<p><a href=\"https:\/\/www.episodi.fi\/uutiset\/the-odysseyn-ensimmainen-traileri-ei-kerannyt-pelkkaa-ylistysta-tama-asia-katsojia-hiertaa\/\" rel=\"nofollow noopener\" target=\"_blank\">Lue my\u00f6s: The Odysseyn ensimm\u00e4inen traileri ei ker\u00e4nnyt pelkk\u00e4\u00e4 ylistyst\u00e4 \u2013 T\u00e4m\u00e4 asia katsojia hiert\u00e4\u00e4<\/a><\/p>\n<p>Lue my\u00f6s: <a href=\"https:\/\/www.episodi.fi\/uutiskirje\/?uutiskirjemainos=tekstilinkkimainos\" title=\"Tilaa Episodin uutiskirje ja voit voittaa leffalippuja! Nappaa tv-vinkit suoraan s\u00e4hk\u00f6postiin t\u00e4st\u00e4.\" class=\"underline-custom !font-montserrat !font-bold !underline-offset-4 !decoration-4 !decoration-episodi-blue !text-md\" rel=\"nofollow noopener\" target=\"_blank\">Tilaa Episodin uutiskirje ja voit voittaa leffalippuja! Nappaa katseluvinkit suoraan s\u00e4hk\u00f6postiin t\u00e4st\u00e4.<\/a><\/p>\n<p>\t\t\tAiheeseen liittyvi\u00e4 elokuvia<\/p>\n","protected":false},"excerpt":{"rendered":"Apex n\u00e4hd\u00e4\u00e4n Netflixiss\u00e4 huhtikuun 24. p\u00e4iv\u00e4. Sarjamurhaajaj\u00e4nn\u00e4rin p\u00e4\u00e4rooleissa n\u00e4hd\u00e4\u00e4n Charlize Theron ja Taron Egerton. Sureva nainen (Theron) suuntaa&hellip;\n","protected":false},"author":2,"featured_media":559,"comment_status":"","ping_status":"","sticky":false,"template":"","format":"standard","meta":{"footnotes":""},"categories":[131],"tags":[655,155,137,33,173,31,30,6302,172,217,32,13471,109],"class_list":{"0":"post-126112","1":"post","2":"type-post","3":"status-publish","4":"format-standard","5":"has-post-thumbnail","7":"category-elokuvat","8":"tag-charlize-theron","9":"tag-elokuvat","10":"tag-entertainment","11":"tag-fi","12":"tag-film","13":"tag-finland","14":"tag-finnish","15":"tag-ignostot","16":"tag-movies","17":"tag-netflix","18":"tag-suomi","19":"tag-taron-egerton","20":"tag-viihde"},"share_on_mastodon":{"url":"https:\/\/pubeurope.com\/@fi\/115784799095259990","error":""},"_links":{"self":[{"href":"https:\/\/www.europesays.com\/fi\/wp-json\/wp\/v2\/posts\/126112","targetHints":{"allow":["GET"]}}],"collection":[{"href":"https:\/\/www.europesays.com\/fi\/wp-json\/wp\/v2\/posts"}],"about":[{"href":"https:\/\/www.europesays.com\/fi\/wp-json\/wp\/v2\/types\/post"}],"author":[{"embeddable":true,"href":"https:\/\/www.europesays.com\/fi\/wp-json\/wp\/v2\/users\/2"}],"replies":[{"embeddable":true,"href":"https:\/\/www.europesays.com\/fi\/wp-json\/wp\/v2\/comments?post=126112"}],"version-history":[{"count":0,"href":"https:\/\/www.europesays.com\/fi\/wp-json\/wp\/v2\/posts\/126112\/revisions"}],"wp:featuredmedia":[{"embeddable":true,"href":"https:\/\/www.europesays.com\/fi\/wp-json\/wp\/v2\/media\/559"}],"wp:attachment":[{"href":"https:\/\/www.europesays.com\/fi\/wp-json\/wp\/v2\/media?parent=126112"}],"wp:term":[{"taxonomy":"category","embeddable":true,"href":"https:\/\/www.europesays.com\/fi\/wp-json\/wp\/v2\/categories?post=126112"},{"taxonomy":"post_tag","embeddable":true,"href":"https:\/\/www.europesays.com\/fi\/wp-json\/wp\/v2\/tags?post=126112"}],"curies":[{"name":"wp","href":"https:\/\/api.w.org\/{rel}","templated":true}]}}