{"id":126118,"date":"2025-12-26T08:02:08","date_gmt":"2025-12-26T08:02:08","guid":{"rendered":"https:\/\/www.europesays.com\/fi\/126118\/"},"modified":"2025-12-26T08:02:08","modified_gmt":"2025-12-26T08:02:08","slug":"syyttajat-vaativat-etela-korean-ex-presidentille-kymmenen-vuoden-tuomiota-uutissuomalainen","status":"publish","type":"post","link":"https:\/\/www.europesays.com\/fi\/126118\/","title":{"rendered":"Syytt\u00e4j\u00e4t vaativat Etel\u00e4-Korean ex-presidentille kymmenen vuoden tuomiota | Uutissuomalainen"},"content":{"rendered":"<p>Etel\u00e4-Koreassa syytt\u00e4j\u00e4t vaativat kymmenen vuoden vankeustuomiota maan entiselle presidentille Yoon Suk-yeolille. Oikeusjuttu liittyy Yoonin viime vuonna julistamaan poikkeustilaan.<\/p>\n<p>Poikkeustilajulistus viime vuoden joulukuussa aiheutti valtavia mielenosoituksia ja v\u00e4\u00e4nt\u00f6\u00e4 parlamentissa, mink\u00e4 my\u00f6t\u00e4 poikkeustila peruttiin.<\/p>\n<p>Yoon pantiin viralta huhtikuussa perustuslakituomioistuimen p\u00e4\u00e4t\u00f6ksell\u00e4. Sittemmin poikkeustilajulistus on johtanut useisiin oikeusjuttuihin.<\/p>\n<p>Syytt\u00e4jien vaatimus kymmenvuotisesta tuomiosta liittyy syytteisiin, joiden mukaan Yoonin katsotaan haitanneen oikeusprosessia muun muassa est\u00e4m\u00e4ll\u00e4 tutkijoita ottamasta h\u00e4net kiinni.<\/p>\n<p>Uutistoimisto Yonhap kertoo, ett\u00e4 soulilaisen tuomioistuimen on m\u00e4\u00e4r\u00e4 julistaa tuomio ensi kuussa.<\/p>\n<p>Muissa oikeudenk\u00e4ynneiss\u00e4 ex-presidentti\u00e4 syytet\u00e4\u00e4n muun muassa kapinasta, josta voidaan langettaa kuolemantuomio.<\/p>\n<p>Yoonin vuosi sitten tekem\u00e4\u00e4 yll\u00e4tysp\u00e4\u00e4t\u00f6st\u00e4 siviilihallinnon katkaisemisesta pidettiin tuulahduksena Etel\u00e4-Korean vuosikymmenten takaisesta menneisyydest\u00e4 sotilasdiktatuurina. Laitaoikeistossa h\u00e4net on nostettu marttyyrin asemaan.<\/p>\n","protected":false},"excerpt":{"rendered":"Etel\u00e4-Koreassa syytt\u00e4j\u00e4t vaativat kymmenen vuoden vankeustuomiota maan entiselle presidentille Yoon Suk-yeolille. Oikeusjuttu liittyy Yoonin viime vuonna julistamaan poikkeustilaan.&hellip;\n","protected":false},"author":2,"featured_media":126119,"comment_status":"","ping_status":"","sticky":false,"template":"","format":"standard","meta":{"footnotes":""},"categories":[14],"tags":[22,23,26,27,33,31,30,17,53,24,25,28,29,15,977,976,18,21,142,637,1726,38,32,19,20,56,16,59,60,61],"class_list":{"0":"post-126118","1":"post","2":"type-post","3":"status-publish","4":"format-standard","5":"has-post-thumbnail","7":"category-ulkomaat","8":"tag-breaking-news","9":"tag-breakingnews","10":"tag-featured-news","11":"tag-featurednews","12":"tag-fi","13":"tag-finland","14":"tag-finnish","15":"tag-headlines","16":"tag-laki-oikeus-ja-rikos","17":"tag-latest-news","18":"tag-latestnews","19":"tag-main-news","20":"tag-mainnews","21":"tag-news","22":"tag-oikeusistuimet","23":"tag-oikeusprosessit","24":"tag-otsikot","25":"tag-paauutiset","26":"tag-poliitikot","27":"tag-politiikka","28":"tag-rangaistukset","29":"tag-rikos","30":"tag-suomi","31":"tag-top-stories","32":"tag-topstories","33":"tag-ulkomaat","34":"tag-uutiset","35":"tag-world","36":"tag-world-news","37":"tag-worldnews"},"share_on_mastodon":{"url":"https:\/\/pubeurope.com\/@fi\/115784826542232019","error":""},"_links":{"self":[{"href":"https:\/\/www.europesays.com\/fi\/wp-json\/wp\/v2\/posts\/126118","targetHints":{"allow":["GET"]}}],"collection":[{"href":"https:\/\/www.europesays.com\/fi\/wp-json\/wp\/v2\/posts"}],"about":[{"href":"https:\/\/www.europesays.com\/fi\/wp-json\/wp\/v2\/types\/post"}],"author":[{"embeddable":true,"href":"https:\/\/www.europesays.com\/fi\/wp-json\/wp\/v2\/users\/2"}],"replies":[{"embeddable":true,"href":"https:\/\/www.europesays.com\/fi\/wp-json\/wp\/v2\/comments?post=126118"}],"version-history":[{"count":0,"href":"https:\/\/www.europesays.com\/fi\/wp-json\/wp\/v2\/posts\/126118\/revisions"}],"wp:featuredmedia":[{"embeddable":true,"href":"https:\/\/www.europesays.com\/fi\/wp-json\/wp\/v2\/media\/126119"}],"wp:attachment":[{"href":"https:\/\/www.europesays.com\/fi\/wp-json\/wp\/v2\/media?parent=126118"}],"wp:term":[{"taxonomy":"category","embeddable":true,"href":"https:\/\/www.europesays.com\/fi\/wp-json\/wp\/v2\/categories?post=126118"},{"taxonomy":"post_tag","embeddable":true,"href":"https:\/\/www.europesays.com\/fi\/wp-json\/wp\/v2\/tags?post=126118"}],"curies":[{"name":"wp","href":"https:\/\/api.w.org\/{rel}","templated":true}]}}