{"id":126120,"date":"2025-12-26T08:03:09","date_gmt":"2025-12-26T08:03:09","guid":{"rendered":"https:\/\/www.europesays.com\/fi\/126120\/"},"modified":"2025-12-26T08:03:09","modified_gmt":"2025-12-26T08:03:09","slug":"talvimyrsky-saapuu-suomeen-lauantaina-ajokeli-huono-lapin-pohjois-ja-itaosassa-tuntureilla-tuuli-voi-yltya-puhaltamaan-puuskissa-jopa-30-metria-sekunnissa","status":"publish","type":"post","link":"https:\/\/www.europesays.com\/fi\/126120\/","title":{"rendered":"Talvimyrsky saapuu Suomeen lauantaina \u2013 ajokeli huono Lapin pohjois- ja it\u00e4osassa, tuntureilla tuuli voi ylty\u00e4 puhaltamaan puuskissa jopa 30 metri\u00e4 sekunnissa"},"content":{"rendered":"<p>    <img decoding=\"async\" class=\"responsive-image article__image-image lozad\"   src=\"https:\/\/www.europesays.com\/fi\/wp-content\/uploads\/2025\/12\/m-vfAbnEgBGiGe92Dwv3cb5g2B0ajoa8Z4fO8Rz4lgaJFuoQ8t2Hesc8So7VUYZ4Eds-B0w0o-ZiC0hpbmmMeiMuFXOlCh8ZqOBS.jpeg\" alt=\"Per\u00e4meren pohjoisosiin on annettu aallokkovaroitus sek\u00e4 varoitus matalasta merivedest\u00e4.\"\/><\/p>\n<p>\n                Per\u00e4meren pohjoisosiin on annettu aallokkovaroitus sek\u00e4 varoitus matalasta merivedest\u00e4.\n              <\/p>\n<p>\n                Kuva: Jussi Nukari \/ Lehtikuva\n              <\/p>\n<p class=\"article__paragraph\">\n      Lauantaina Suomeen ja merialueille saataneen myrskytuulia, ennakoi Ilmatieteen laitos.\n    <\/p>\n<p class=\"article__paragraph\">\n      Varsinkin l\u00e4ntisill\u00e4 ja lounaisilla merialueilla pohjoisen ja luoteen v\u00e4linen tuuli voimistuu myrskylukemiin. Keskituuli voi ylt\u00e4\u00e4 paikoin noin 25 metriin sekunnissa.\n    <\/p>\n<p class=\"article__paragraph\">\n      My\u00f6s Lapissa on monin paikoin puuskaista ja varsinkin tuntureilla puuskat ovat jopa 30 metri\u00e4 sekunnissa.\n    <\/p>\n<p class=\"article__paragraph\">\n      Tuulivaroitus on annettu sek\u00e4 maa- ett\u00e4 merialueille. Lis\u00e4ksi Per\u00e4meren pohjoisosiin on annettu aallokkovaroitus sek\u00e4 varoitus matalasta merivedest\u00e4.\n    <\/p>\n<p class=\"article__paragraph\">\n      Tuuli yltyy lauantaina iltap\u00e4iv\u00e4st\u00e4, ja myrskyn ennustetaan olevan voimakkaimmillaan lauantai-iltana. Maa-alueilla rajuimmat tuulet painottuvat Ahvenanmaalle sek\u00e4 l\u00e4nsi- ja lounaisrannikolle.\n    <\/p>\n<p class=\"article__paragraph\">\n      Tuuli voi maa-alueilla puhaltaa puuskissa jopa 20\u201325 metri\u00e4 sekunnissa sek\u00e4 kaataa puita ja katkoa s\u00e4hk\u00f6j\u00e4. Erityisesti maan l\u00e4nsiosassa maa on lumeton ja routaa ei ole paljon, mik\u00e4 lis\u00e4\u00e4 tuulivahinkojen riski\u00e4.\n    <\/p>\n<p class=\"article__paragraph\">\n      \u2013\u202fMaan l\u00e4nsiosassa tuulisin vaihe on lauantai-iltap\u00e4iv\u00e4st\u00e4 sunnuntaiaamuun asti, Lapissa voimakkaimmat tuulet ovat heikentyneet jo keskiy\u00f6h\u00f6n menness\u00e4, sanoo Ilmatieteen laitoksen meteorologi Ville Siiskonen.\n    <\/p>\n<p class=\"article__paragraph\">\n      Lauantain aikana s\u00e4\u00e4 on maan l\u00e4nsiosassa poutainen ja l\u00e4mp\u00f6tila on nollan yl\u00e4puolella. Maan pohjoisosaan saapuu jo aamuy\u00f6st\u00e4 lumisadealue, joka v\u00e4istyy maan it\u00e4puolelle sunnuntaiaamuy\u00f6h\u00f6n menness\u00e4.\n    <\/p>\n<p class=\"article__paragraph\">\n      Lunta sataa maan pohjoisosassa yleisesti 2\u201310 senttimetri\u00e4, Lapin it\u00e4- ja pohjoisosassa paikoin jopa yli 15 senttimetri\u00e4.\n    <\/p>\n","protected":false},"excerpt":{"rendered":"Per\u00e4meren pohjoisosiin on annettu aallokkovaroitus sek\u00e4 varoitus matalasta merivedest\u00e4. Kuva: Jussi Nukari \/ Lehtikuva Lauantaina Suomeen ja merialueille&hellip;\n","protected":false},"author":2,"featured_media":126121,"comment_status":"","ping_status":"","sticky":false,"template":"","format":"standard","meta":{"footnotes":""},"categories":[12],"tags":[22,23,26,27,33,31,30,17,24,25,28,29,15,18,21,32,19,20,16],"class_list":{"0":"post-126120","1":"post","2":"type-post","3":"status-publish","4":"format-standard","5":"has-post-thumbnail","7":"category-suomi","8":"tag-breaking-news","9":"tag-breakingnews","10":"tag-featured-news","11":"tag-featurednews","12":"tag-fi","13":"tag-finland","14":"tag-finnish","15":"tag-headlines","16":"tag-latest-news","17":"tag-latestnews","18":"tag-main-news","19":"tag-mainnews","20":"tag-news","21":"tag-otsikot","22":"tag-paauutiset","23":"tag-suomi","24":"tag-top-stories","25":"tag-topstories","26":"tag-uutiset"},"share_on_mastodon":{"url":"https:\/\/pubeurope.com\/@fi\/115784830778950860","error":""},"_links":{"self":[{"href":"https:\/\/www.europesays.com\/fi\/wp-json\/wp\/v2\/posts\/126120","targetHints":{"allow":["GET"]}}],"collection":[{"href":"https:\/\/www.europesays.com\/fi\/wp-json\/wp\/v2\/posts"}],"about":[{"href":"https:\/\/www.europesays.com\/fi\/wp-json\/wp\/v2\/types\/post"}],"author":[{"embeddable":true,"href":"https:\/\/www.europesays.com\/fi\/wp-json\/wp\/v2\/users\/2"}],"replies":[{"embeddable":true,"href":"https:\/\/www.europesays.com\/fi\/wp-json\/wp\/v2\/comments?post=126120"}],"version-history":[{"count":0,"href":"https:\/\/www.europesays.com\/fi\/wp-json\/wp\/v2\/posts\/126120\/revisions"}],"wp:featuredmedia":[{"embeddable":true,"href":"https:\/\/www.europesays.com\/fi\/wp-json\/wp\/v2\/media\/126121"}],"wp:attachment":[{"href":"https:\/\/www.europesays.com\/fi\/wp-json\/wp\/v2\/media?parent=126120"}],"wp:term":[{"taxonomy":"category","embeddable":true,"href":"https:\/\/www.europesays.com\/fi\/wp-json\/wp\/v2\/categories?post=126120"},{"taxonomy":"post_tag","embeddable":true,"href":"https:\/\/www.europesays.com\/fi\/wp-json\/wp\/v2\/tags?post=126120"}],"curies":[{"name":"wp","href":"https:\/\/api.w.org\/{rel}","templated":true}]}}