{"id":12613,"date":"2025-08-22T00:30:08","date_gmt":"2025-08-22T00:30:08","guid":{"rendered":"https:\/\/www.europesays.com\/fi\/12613\/"},"modified":"2025-08-22T00:30:08","modified_gmt":"2025-08-22T00:30:08","slug":"eduskuntatalossa-on-nahty-myos-toinen-itsemurha","status":"publish","type":"post","link":"https:\/\/www.europesays.com\/fi\/12613\/","title":{"rendered":"Eduskuntatalossa on n\u00e4hty my\u00f6s toinen itsemurha"},"content":{"rendered":"<p>SDP:n kansanedustaja Eemeli Peltonen teki itsemurhan Eduskuntatalossa tiistaina. Itsemurhatapaukset parlamenttirakennuksissa ovat harvinaisia, mutta eiv\u00e4t ennenkuulumattomia.<\/p>\n<p><img decoding=\"async\" class=\"image image-show image-preview\" src=\"https:\/\/www.europesays.com\/fi\/wp-content\/uploads\/2025\/08\/c8c533177341022c5113e950ca1a5d1d9b195303695b67333ae6a7ce8aa99f4d.jpg\" alt=\"\"\/><img decoding=\"async\" class=\"image image-show\" src=\"https:\/\/www.europesays.com\/fi\/wp-content\/uploads\/2025\/08\/1755822608_86_c8c533177341022c5113e950ca1a5d1d9b195303695b67333ae6a7ce8aa99f4d.jpg\" alt=\"\"\/><\/p>\n<p>Eduskuntatalolla suruliputettiin tiistaina 19. elokuuta.  Ida Er\u00e4maa<\/p>\n<p class=\"paragraph\">Itsemurhat Eduskuntatalossa ovat todella harvinaisia, mutta SDP:n kansanedustaja Eemeli Peltosen tapaus ei kuitenkaan ole Suomen historiassa ainoa.<\/p>\n<p class=\"paragraph\"><a href=\"https:\/\/www.iltalehti.fi\/uutiset\/2015031219330918\" rel=\"nofollow noopener\" target=\"_blank\">Vuonna 1940<\/a> kansanperinteen tutkija, kahden pienen lapsen \u00e4iti ja Uuden Suomen toimitussihteerin puoliso <strong>Astrid Reponen-Juvas<\/strong> teki itsemurhan Eduskuntatalon eteisess\u00e4.<\/p>\n<p>Astrid Reponen 1930-luvun alussa. Museovirasto<\/p>\n<p class=\"paragraph\">Talvisota oli saamassa raskaat rauhanehdot 12. maaliskuuta 1940. Ennen kansanedustajien ratkaisua Reponen-Juvas tunkeutui Eduskuntataloon protestoidakseen p\u00e4\u00e4t\u00f6st\u00e4.<\/p>\n<p class=\"paragraph\">Kun vahtimestarit pys\u00e4yttiv\u00e4t vieraan, Reponen-Juvas ampui itsens\u00e4.<\/p>\n<p class=\"paragraph\">T\u00e4ll\u00f6in tapahtuma j\u00e4i vain pienen piirin tietoon. Vuonna 2014 Reposen tyt\u00e4r <strong>Meri-Helga Mantere<\/strong> julkaisi yhteisen el\u00e4m\u00e4nkerran \u00e4idist\u00e4\u00e4n ja t\u00e4dist\u00e4\u00e4n <strong>Maija Juvaksesta<\/strong>.<\/p>\n<p>Kansanedustajien itsemurhat harvinaisia<\/p>\n<p class=\"paragraph\">Suomessa kansanedustajien itsemurhat ovat ylip\u00e4\u00e4t\u00e4\u00e4n harvinaisia. Viime vuosikymmenien tunnetuimpia tapauksia on <strong>Juha Vikatmaan<\/strong> (kok) itsemurha joulukuussa 1974, kertoo <a href=\"https:\/\/www.is.fi\/politiikka\/art-2000011438620.html\" target=\"_blank\" rel=\"noopener nofollow\">Ilta-Sanomat<\/a>.<\/p>\n<p class=\"paragraph\">Vikatmaa vietti pikkujouluviikonloppua vanhempiensa luona yhdess\u00e4 toisen vaimonsa <strong>Eeva Kuuskosken<\/strong> ja lastensa kanssa. Lasten palauttamisen j\u00e4lkeen h\u00e4n katosi, eik\u00e4 h\u00e4neen saatu yhteytt\u00e4. H\u00e4nen autonsa l\u00f6ydettiin Kustavin rannasta, ovet auki ja avaimet virtalukossa. Etsinn\u00e4t johtivat Lypert\u00f6n saarelle, josta Vikatmaa l\u00f6ydettiin kuolleena.<\/p>\n<p>Nyrkkeilij\u00e4 ja entinen kansanedustaja Tony Halme. AOP<\/p>\n<p class=\"paragraph\">My\u00f6s entinen kansanedustaja <strong>Tony Halme<\/strong> (ps) teki itsemurhan tammikuussa 2010 ampumalla itsens\u00e4.<\/p>\n<p class=\"paragraph\">Vanhempia tapauksia on vaikeampi varmistaa, mutta historiasta l\u00f6ytyy merkint\u00f6j\u00e4. Keski-Pohjanmaa uutisoi 1926 kansanedustaja <strong>Pekka Meril\u00e4isen<\/strong> (sd) hukuttautuneen Imatralla. Matkalaukusta l\u00f6ytyneet kirjeet viittasivat itsemurhan syyn\u00e4 olleisiin henkil\u00f6kohtaisiin murheisiin. Meril\u00e4inen oli aiemmin joutunut putkaan kieltolain rikkomisesta, ja h\u00e4nen eroaan eduskunnasta oli vaadittu.<\/p>\n<p>Pekka Meril\u00e4inen hukuttautui Imatralla 1926. Wikimedia Commons<\/p>\n<p class=\"paragraph\">Poliittisista syist\u00e4 pid\u00e4tetty entinen kansanedustaja <strong>Yrj\u00f6 M\u00e4kelin<\/strong> (sd) kuoli myrkytykseen Etsiv\u00e4n keskusrikospoliisin selliss\u00e4 vuonna 1923. Tapausta on pidetty itsemurhana, mutta sit\u00e4 on viitattu my\u00f6s murhaksi.<\/p>\n<p>Yrj\u00f6 M\u00e4kelin kuoli selliss\u00e4. Wikimedia Commons<\/p>\n<p class=\"paragraph\">Vuonna 1920 Suomen Sosiaalidemokraatti uutisoi entisen kansanedustajan <strong>Jussi Railon<\/strong> itsemurhasta Tukholmassa. Railo oli sis\u00e4llissodan j\u00e4lkeen paennut Ruotsiin ja toiminut Suomen kommunistisen puolueen piiriss\u00e4. Ruotsalaislehtien mukaan itsemurhan taustalla olivat taloudelliset vaikeudet.<\/p>\n<p>Poikkeuksellista my\u00f6s maailmalla<\/p>\n<p class=\"paragraph\">My\u00f6s kansainv\u00e4lisesti edustajien itsemurhat parlamenttitaloissa ovat harvinaisia.<\/p>\n<p class=\"paragraph\">Esimerkiksi Sloveniassa todistettiin toukokuussa l\u00e4helt\u00e4 piti -tilannetta, jossa SDS-puolueen kansanedustaja <strong>Andrej Hoivik<\/strong> <a href=\"https:\/\/a2news.com\/english\/rajoni-bota\/bota\/thriller-ne-slloveni-deputeti-ngjitet-ne-catine-e-parlamentit-p-i1148247\" target=\"_blank\" rel=\"noopener nofollow\">kiipesi parlamentin katolle ja uhkasi tehd\u00e4 itsemurhan hypp\u00e4\u00e4m\u00e4ll\u00e4 alas<\/a>.<\/p>\n<p class=\"paragraph\">Poliisi, palomiehet ja pelastajat joutuivat puuttumaan tilanteeseen parlamenttirakennuksen edess\u00e4.<\/p>\n<p class=\"paragraph\">\u2013 \u00c4lk\u00e4\u00e4 koskaan antako kenenk\u00e4\u00e4n varastaa \u00e4\u00e4nt\u00e4nne. \u00c4lk\u00e4\u00e4 antako niiden vied\u00e4 teilt\u00e4 demokratiaa. Te olette kansa, meit\u00e4 on kaksi miljoonaa. Kaksi miljoonaa!, Hoivik huusi katolta A2 Newsin mukaan.<\/p>\n<p class=\"paragraph\">Lopulta kansanedustaja rauhoittui ja pyysi palomiehi\u00e4 auttamaan h\u00e4net alas. Ensihoitajat ottivat h\u00e4net vastaan poliisin seurassa.<\/p>\n<p class=\"paragraph\">Vuonna 2021 Malawin entinen hallituksen ministeri <strong>Clement Chiwaya<\/strong> tappoi itsens\u00e4 parlamenttirakennuksessa pistoolilla, jonka h\u00e4n oli piilottanut py\u00f6r\u00e4tuoliinsa p\u00e4\u00e4st\u00e4kseen turvatarkastajien ohi, uutisoi<a href=\"https:\/\/apnews.com\/article\/africa-suicides-malawi-3cc7e2869fdd150009f0879000af7d60\" target=\"_blank\" rel=\"noopener nofollow\"> AP<\/a>.<\/p>\n<p class=\"paragraph\">Poliisin mukaan Chiwayan ennen itsemurhaa kirjoittama muistiinpano viittasi h\u00e4nen kaksi vuotta kest\u00e4neeseen kiistaansa parlamentin virkamiesten kanssa siit\u00e4, kuka maksaisi h\u00e4nen ajoneuvoonsa kolarissa tulleet vahingot.<\/p>\n<p class=\"paragraph\">\u00c4l\u00e4 j\u00e4\u00e4 yksin! Mielenterveysongelmiin ja itsetuhoisiin ajatuksiin on saatavilla kattavasti apua. Tietoa tukipalveluista puhelimitse, verkossa ja kasvokkain <a href=\"https:\/\/www.iltalehti.fi\/terveysuutiset\/201806102200998639\" rel=\"nofollow noopener\" target=\"_blank\">l\u00f6yd\u00e4t t\u00e4\u00e4lt\u00e4<\/a>.<\/p>\n","protected":false},"excerpt":{"rendered":"SDP:n kansanedustaja Eemeli Peltonen teki itsemurhan Eduskuntatalossa tiistaina. Itsemurhatapaukset parlamenttirakennuksissa ovat harvinaisia, mutta eiv\u00e4t ennenkuulumattomia. Eduskuntatalolla suruliputettiin tiistaina&hellip;\n","protected":false},"author":2,"featured_media":12614,"comment_status":"","ping_status":"","sticky":false,"template":"","format":"standard","meta":{"footnotes":""},"categories":[12],"tags":[35,22,23,26,27,33,31,30,17,24,25,28,29,15,18,21,142,637,886,888,887,32,19,20,16],"class_list":{"0":"post-12613","1":"post","2":"type-post","3":"status-publish","4":"format-standard","5":"has-post-thumbnail","7":"category-suomi","8":"tag-24h","9":"tag-breaking-news","10":"tag-breakingnews","11":"tag-featured-news","12":"tag-featurednews","13":"tag-fi","14":"tag-finland","15":"tag-finnish","16":"tag-headlines","17":"tag-latest-news","18":"tag-latestnews","19":"tag-main-news","20":"tag-mainnews","21":"tag-news","22":"tag-otsikot","23":"tag-paauutiset","24":"tag-poliitikot","25":"tag-politiikka","26":"tag-puolueet","27":"tag-suomalaiset-poliitikot","28":"tag-suomen-politiikka","29":"tag-suomi","30":"tag-top-stories","31":"tag-topstories","32":"tag-uutiset"},"share_on_mastodon":{"url":"","error":""},"_links":{"self":[{"href":"https:\/\/www.europesays.com\/fi\/wp-json\/wp\/v2\/posts\/12613","targetHints":{"allow":["GET"]}}],"collection":[{"href":"https:\/\/www.europesays.com\/fi\/wp-json\/wp\/v2\/posts"}],"about":[{"href":"https:\/\/www.europesays.com\/fi\/wp-json\/wp\/v2\/types\/post"}],"author":[{"embeddable":true,"href":"https:\/\/www.europesays.com\/fi\/wp-json\/wp\/v2\/users\/2"}],"replies":[{"embeddable":true,"href":"https:\/\/www.europesays.com\/fi\/wp-json\/wp\/v2\/comments?post=12613"}],"version-history":[{"count":0,"href":"https:\/\/www.europesays.com\/fi\/wp-json\/wp\/v2\/posts\/12613\/revisions"}],"wp:featuredmedia":[{"embeddable":true,"href":"https:\/\/www.europesays.com\/fi\/wp-json\/wp\/v2\/media\/12614"}],"wp:attachment":[{"href":"https:\/\/www.europesays.com\/fi\/wp-json\/wp\/v2\/media?parent=12613"}],"wp:term":[{"taxonomy":"category","embeddable":true,"href":"https:\/\/www.europesays.com\/fi\/wp-json\/wp\/v2\/categories?post=12613"},{"taxonomy":"post_tag","embeddable":true,"href":"https:\/\/www.europesays.com\/fi\/wp-json\/wp\/v2\/tags?post=12613"}],"curies":[{"name":"wp","href":"https:\/\/api.w.org\/{rel}","templated":true}]}}