{"id":126134,"date":"2025-12-26T08:29:12","date_gmt":"2025-12-26T08:29:12","guid":{"rendered":"https:\/\/www.europesays.com\/fi\/126134\/"},"modified":"2025-12-26T08:29:12","modified_gmt":"2025-12-26T08:29:12","slug":"jarkyttavat-lapsuus-ja-nuoruuskokemukset-saivat-samuli-harjunpaan-melkein-luovuttamaan-nyt-han-lahtee-opiskelemaan-vanginvartijaksi","status":"publish","type":"post","link":"https:\/\/www.europesays.com\/fi\/126134\/","title":{"rendered":"J\u00e4rkytt\u00e4v\u00e4t lapsuus- ja nuoruuskokemukset saivat Samuli Harjunp\u00e4\u00e4n melkein luovuttamaan \u2013 Nyt h\u00e4n l\u00e4htee opiskelemaan vanginvartijaksi"},"content":{"rendered":"<p>Samuli Harjunp\u00e4\u00e4 koki lapsena kaltoinkohtelua, menetti molemmat vanhempansa ja oli p\u00e4\u00e4ty\u00e4 itsemurhaan. Sitten h\u00e4n tuli uskoon ja on nyt l\u00e4hd\u00f6ss\u00e4 opiskelemaan vanginvartijaksi.<\/p>\n<p class=\"article-body mb-nof-24 px-nof-16\">Aamulehti<\/p>\n<p class=\"article-body mb-nof-24 px-nof-16\">Samuli <a class=\"article-personlink\" href=\"https:\/\/www.aamulehti.fi\/haku\/?query=Harjunp%C3%A4%C3%A4\" rel=\"nofollow noopener\" target=\"_blank\">Harjunp\u00e4\u00e4<\/a> muistaa varhaislapsuutensa huolettomana. El\u00e4m\u00e4 satakuntalaisessa perheess\u00e4 oli niukkaa, ja yksinhuoltaja\u00e4iti k\u00e4rsi alkoholiongelmista. Harjunp\u00e4\u00e4st\u00e4 kuitenkin tuntui, ett\u00e4 h\u00e4n sai olla rauhassa lapsi.<\/p>\n<p class=\"article-body mb-nof-24 px-nof-16\">Kun viisivuotias Harjunp\u00e4\u00e4 sitten sijoitettiin v\u00e4liaikaisesti sijaisperheeseen, h\u00e4nen oli vaikea ymm\u00e4rt\u00e4\u00e4, miksi \u00e4idin luota piti l\u00e4hte\u00e4. Sijaisperheess\u00e4 oli vain kurjempaa kuin kotona. Harjunp\u00e4\u00e4 muistaa olleensa aamuisin n\u00e4liss\u00e4\u00e4n, kun ruokaa tarjottiin ensimm\u00e4isen kerran vasta keskip\u00e4iv\u00e4n j\u00e4lkeen. \u201dMy\u00f6hemmin se perhe sai kiellon huolehtia sijaislapsista\u201d, Harjunp\u00e4\u00e4 sanoo.<\/p>\n","protected":false},"excerpt":{"rendered":"Samuli Harjunp\u00e4\u00e4 koki lapsena kaltoinkohtelua, menetti molemmat vanhempansa ja oli p\u00e4\u00e4ty\u00e4 itsemurhaan. Sitten h\u00e4n tuli uskoon ja on&hellip;\n","protected":false},"author":2,"featured_media":126135,"comment_status":"","ping_status":"","sticky":false,"template":"","format":"standard","meta":{"footnotes":""},"categories":[12],"tags":[157,22,23,26,27,33,31,30,17,24,25,28,29,15,18,21,32,19,20,16],"class_list":{"0":"post-126134","1":"post","2":"type-post","3":"status-publish","4":"format-standard","5":"has-post-thumbnail","7":"category-suomi","8":"tag-aamulehti","9":"tag-breaking-news","10":"tag-breakingnews","11":"tag-featured-news","12":"tag-featurednews","13":"tag-fi","14":"tag-finland","15":"tag-finnish","16":"tag-headlines","17":"tag-latest-news","18":"tag-latestnews","19":"tag-main-news","20":"tag-mainnews","21":"tag-news","22":"tag-otsikot","23":"tag-paauutiset","24":"tag-suomi","25":"tag-top-stories","26":"tag-topstories","27":"tag-uutiset"},"share_on_mastodon":{"url":"https:\/\/pubeurope.com\/@fi\/115784932655313939","error":""},"_links":{"self":[{"href":"https:\/\/www.europesays.com\/fi\/wp-json\/wp\/v2\/posts\/126134","targetHints":{"allow":["GET"]}}],"collection":[{"href":"https:\/\/www.europesays.com\/fi\/wp-json\/wp\/v2\/posts"}],"about":[{"href":"https:\/\/www.europesays.com\/fi\/wp-json\/wp\/v2\/types\/post"}],"author":[{"embeddable":true,"href":"https:\/\/www.europesays.com\/fi\/wp-json\/wp\/v2\/users\/2"}],"replies":[{"embeddable":true,"href":"https:\/\/www.europesays.com\/fi\/wp-json\/wp\/v2\/comments?post=126134"}],"version-history":[{"count":0,"href":"https:\/\/www.europesays.com\/fi\/wp-json\/wp\/v2\/posts\/126134\/revisions"}],"wp:featuredmedia":[{"embeddable":true,"href":"https:\/\/www.europesays.com\/fi\/wp-json\/wp\/v2\/media\/126135"}],"wp:attachment":[{"href":"https:\/\/www.europesays.com\/fi\/wp-json\/wp\/v2\/media?parent=126134"}],"wp:term":[{"taxonomy":"category","embeddable":true,"href":"https:\/\/www.europesays.com\/fi\/wp-json\/wp\/v2\/categories?post=126134"},{"taxonomy":"post_tag","embeddable":true,"href":"https:\/\/www.europesays.com\/fi\/wp-json\/wp\/v2\/tags?post=126134"}],"curies":[{"name":"wp","href":"https:\/\/api.w.org\/{rel}","templated":true}]}}