{"id":126139,"date":"2025-12-26T08:49:08","date_gmt":"2025-12-26T08:49:08","guid":{"rendered":"https:\/\/www.europesays.com\/fi\/126139\/"},"modified":"2025-12-26T08:49:08","modified_gmt":"2025-12-26T08:49:08","slug":"petteri-rimpisen-maalivahdinvarusteet-villitsevat-somessa-siisteimmat-ikina","status":"publish","type":"post","link":"https:\/\/www.europesays.com\/fi\/126139\/","title":{"rendered":"Petteri Rimpisen maalivahdinvarusteet villitsev\u00e4t somessa \u2013 \u201dSiisteimm\u00e4t ikin\u00e4\u201d"},"content":{"rendered":"<p>Nuorten Leijonien maalivahti loistaa pelitaitojen lis\u00e4ksi my\u00f6s varusteillaan.<\/p>\n<p class=\"article-body mb-nof-24 px-nof-16\">Suomen alle 20-vuotiaiden j\u00e4\u00e4kiekkomaajoukkueen maalivahti <a class=\"article-personlink\" href=\"https:\/\/www.is.fi\/haku\/?query=Petteri%20Rimpisen\" rel=\"nofollow noopener\" target=\"_blank\">Petteri Rimpisen<\/a>, 19, varusteet ovat saaneet hehkutusta osakseen sosiaalisessa mediassa.<\/p>\n<p class=\"article-body mb-nof-24 px-nof-16\">Rimpisen r\u00e4pyl\u00e4\u00e4, kilpe\u00e4 ja patjoja koristaa revontulien alla kylpev\u00e4 suomalainen luonto. Pienempin\u00e4 yksityiskohtina patjoissa n\u00e4kyv\u00e4t lent\u00e4v\u00e4 joulupukin reki sek\u00e4 sivuun kirjailtu Rimpisen lempinimi Showtime.<\/p>\n<p class=\"article-body mb-nof-24 px-nof-16\">Muun muassa TSN:n alainen nettimedia BarDown hehkutti Rimpisen varusteita <a class=\"underline underline-offset-[0.12em] [text-decoration-thickness:var(--generic-link-underline-thickness)] [text-decoration-color:var(--generic-link-underline-color)] [text-decoration-skip-ink:var(--generic-link-underline-skip-ink)] break-words\" href=\"https:\/\/www.instagram.com\/p\/DSpvZ20jW4b\/?img_index=1\" rel=\"nofollow noopener\" target=\"_blank\">Instagram-tilill\u00e4\u00e4n<\/a>.<\/p>\n<p class=\"article-body mb-nof-24 px-nof-16\">\u2013\u2009Lopeta se, mit\u00e4 ikin\u00e4 teet, ja katso Petteri Rimpisen U20-varusteita, media kirjoitti.<\/p>\n<p class=\"article-body mb-nof-24 px-nof-16\">Tilin seuraajat yhtyiv\u00e4t kommenteissa kehuihin.<\/p>\n<p class=\"article-body mb-nof-24 px-nof-16\">\u2013\u2009N\u00e4m\u00e4 ovat tyylikk\u00e4imm\u00e4t varusteet mit\u00e4 olen hetkeen n\u00e4hnyt, er\u00e4s kommentoi.<\/p>\n<p class=\"article-body mb-nof-24 px-nof-16\">\u2013\u2009Showtime! Aivan upeat varusteet.<\/p>\n<p class=\"article-body mb-nof-24 px-nof-16\">\u2013\u2009Siisteimm\u00e4t patjat ikin\u00e4.<\/p>\n<p class=\"article-body mb-nof-24 px-nof-16\">Rimpinen p\u00e4\u00e4si kertomaan varusteistaan enemm\u00e4n varustevalmistaja Bauerin <a class=\"underline underline-offset-[0.12em] [text-decoration-thickness:var(--generic-link-underline-thickness)] [text-decoration-color:var(--generic-link-underline-color)] [text-decoration-skip-ink:var(--generic-link-underline-skip-ink)] break-words\" href=\"https:\/\/www.instagram.com\/bauerhockeyeurope\/p\/DSm7LGXjakn\/\" rel=\"nofollow noopener\" target=\"_blank\">Instagram-videolla<\/a>.<\/p>\n<p class=\"article-body mb-nof-24 px-nof-16\">\u2013\u2009Halusimme tehd\u00e4 jotain erilaista, maalivahti kertoo videolla.<\/p>\n<p class=\"article-body mb-nof-24 px-nof-16\">Varusteet ensi kertaa videolla n\u00e4kev\u00e4 Rimpinen vaikuttaa olevan selv\u00e4sti mieliss\u00e4\u00e4n uusista varusteistaan.<\/p>\n<p class=\"article-body mb-nof-24 px-nof-16\">\u2013\u2009Tykk\u00e4\u00e4n todellakin n\u00e4ist\u00e4. Viime vuotiset patjanikin olivat upeat, mutta halusin jotain erityist\u00e4 viimeisiin alle 20-vuotiaiden kisoihin, \u201dShowtime\u201d sanoo.<\/p>\n<p class=\"article-body mb-nof-24 px-nof-16\">\u2013\u2009Todenn\u00e4k\u00f6isesti missaisin l\u00e4piajon, kun tuijottaisin vain noita patjoja, er\u00e4s videon kommentoija veistelee.<\/p>\n<p class=\"article-body mb-nof-24 px-nof-16\">Rimpinen ja Nuoret Leijonat aloittavat kisaurakkansa perjantai-iltana kello 22.30. Turnauksen ensimm\u00e4isess\u00e4 ottelussa Suomi kohtaa Tanskan.<\/p>\n<p><script async src=\"\/\/www.instagram.com\/embed.js\"><\/script><\/p>\n","protected":false},"excerpt":{"rendered":"Nuorten Leijonien maalivahti loistaa pelitaitojen lis\u00e4ksi my\u00f6s varusteillaan. Suomen alle 20-vuotiaiden j\u00e4\u00e4kiekkomaajoukkueen maalivahti Petteri Rimpisen, 19, varusteet ovat&hellip;\n","protected":false},"author":2,"featured_media":126140,"comment_status":"","ping_status":"","sticky":false,"template":"","format":"standard","meta":{"footnotes":""},"categories":[158],"tags":[33,31,30,34,159,32,160],"class_list":{"0":"post-126139","1":"post","2":"type-post","3":"status-publish","4":"format-standard","5":"has-post-thumbnail","7":"category-urheilu","8":"tag-fi","9":"tag-finland","10":"tag-finnish","11":"tag-ilta-sanomat","12":"tag-sports","13":"tag-suomi","14":"tag-urheilu"},"share_on_mastodon":{"url":"https:\/\/pubeurope.com\/@fi\/115785011378910444","error":""},"_links":{"self":[{"href":"https:\/\/www.europesays.com\/fi\/wp-json\/wp\/v2\/posts\/126139","targetHints":{"allow":["GET"]}}],"collection":[{"href":"https:\/\/www.europesays.com\/fi\/wp-json\/wp\/v2\/posts"}],"about":[{"href":"https:\/\/www.europesays.com\/fi\/wp-json\/wp\/v2\/types\/post"}],"author":[{"embeddable":true,"href":"https:\/\/www.europesays.com\/fi\/wp-json\/wp\/v2\/users\/2"}],"replies":[{"embeddable":true,"href":"https:\/\/www.europesays.com\/fi\/wp-json\/wp\/v2\/comments?post=126139"}],"version-history":[{"count":0,"href":"https:\/\/www.europesays.com\/fi\/wp-json\/wp\/v2\/posts\/126139\/revisions"}],"wp:featuredmedia":[{"embeddable":true,"href":"https:\/\/www.europesays.com\/fi\/wp-json\/wp\/v2\/media\/126140"}],"wp:attachment":[{"href":"https:\/\/www.europesays.com\/fi\/wp-json\/wp\/v2\/media?parent=126139"}],"wp:term":[{"taxonomy":"category","embeddable":true,"href":"https:\/\/www.europesays.com\/fi\/wp-json\/wp\/v2\/categories?post=126139"},{"taxonomy":"post_tag","embeddable":true,"href":"https:\/\/www.europesays.com\/fi\/wp-json\/wp\/v2\/tags?post=126139"}],"curies":[{"name":"wp","href":"https:\/\/api.w.org\/{rel}","templated":true}]}}