{"id":126143,"date":"2025-12-26T08:51:11","date_gmt":"2025-12-26T08:51:11","guid":{"rendered":"https:\/\/www.europesays.com\/fi\/126143\/"},"modified":"2025-12-26T08:51:11","modified_gmt":"2025-12-26T08:51:11","slug":"katso-tasta-jutusta-kuinka-paiva-pitenee-hitaasti-mutta-varmasti-uutisia-lyhyesti","status":"publish","type":"post","link":"https:\/\/www.europesays.com\/fi\/126143\/","title":{"rendered":"Katso t\u00e4st\u00e4 jutusta, kuinka p\u00e4iv\u00e4 pitenee hitaasti, mutta varmasti | Uutisia lyhyesti"},"content":{"rendered":"<p class=\"aw-1gybjub aw-5vja16 kEtdKx kmuxyA yle__article__paragraph\">Grafiikoista voit tutkia, kuinka p\u00e4iv\u00e4 pitenee Helsingiss\u00e4, Jyv\u00e4skyl\u00e4ss\u00e4, Oulussa ja Rovaniemell\u00e4 kev\u00e4tp\u00e4iv\u00e4ntasaukseen menness\u00e4.<\/p>\n<p><img decoding=\"async\" alt=\"Henkil\u00f6 k\u00e4velee ulkona meren rannalla lumettomassa talvimaisemassa.\" src=\"https:\/\/www.europesays.com\/fi\/wp-content\/uploads\/2025\/12\/39-1569196693d256f115e6.jpeg\" class=\"aw-1l9m598 hKVVvP\"\/><\/p>\n<p>Avaa kuvien katselu<\/p>\n<p>P\u00e4iv\u00e4 pitenee Helsingiss\u00e4 t\u00e4ll\u00e4 viikolla kolmella minuutilla. Kuva: Tiina Jutila \/ Yle<\/p>\n<p class=\"aw-1gybjub aw-1p7kakr kEtdKx cEmitX yle__article__paragraph\">P\u00e4iv\u00e4 on alkanut pidenty\u00e4, vaikka sit\u00e4 voikin Etel\u00e4-Suomessa olla vaikea havaita.<\/p>\n<p class=\"aw-1gybjub aw-1p7kakr kEtdKx cEmitX yle__article__paragraph\">Talvip\u00e4iv\u00e4nseisaus oli 21. joulukuuta, ja silloin valoisa aika on lyhimmill\u00e4\u00e4n ja y\u00f6 pisimill\u00e4\u00e4n.<\/p>\n<p class=\"aw-1gybjub aw-1p7kakr kEtdKx cEmitX yle__article__paragraph\">Helsingiss\u00e4 p\u00e4iv\u00e4n kesto oli tuolloin alle kuusi tuntia. Aurinko nousi kello 09.23 ja laski kello 15.13, <a class=\"aw-iao6s4 iHOxEa yle__article__link\" href=\"https:\/\/www.paivyri.fi\/index.php?dt=1766181600&amp;ref=6\" role=\"link\" rel=\"nofollow noopener\" target=\"_blank\">p\u00e4ivyri.fi-sivusto<\/a> kertoo.<\/p>\n<p class=\"aw-1gybjub aw-1p7kakr kEtdKx cEmitX yle__article__paragraph\">Ensi sunnuntaihin menness\u00e4 valoisa aika Helsingiss\u00e4 venyy muutaman minuutin verran.<\/p>\n<p class=\"aw-1gybjub aw-1p7kakr kEtdKx cEmitX yle__article__paragraph\">Kev\u00e4tt\u00e4 kohden p\u00e4iv\u00e4n pidentyminen nopeutuu ja muutos on suurimmillaan kev\u00e4tp\u00e4iv\u00e4ntasauksessa, jolloin p\u00e4iv\u00e4 ven\u00e4ht\u00e4\u00e4 noin 6 minuuttia vuorokaudessa Helsingiss\u00e4.<\/p>\n<p class=\"aw-1gybjub aw-1p7kakr kEtdKx cEmitX yle__article__paragraph\"><strong class=\"aw-ak79eh KyCXm yle__article__strong\">Alla olevista grafiikoista voit tutkia, kuinka p\u00e4iv\u00e4 pitenee Helsingiss\u00e4 ja Rovaniemell\u00e4 tulevien kolmen kuukauden aikana.<\/strong><\/p>\n<p class=\"aw-1gybjub aw-1p7kakr kEtdKx cEmitX yle__article__paragraph\">Rovaniemell\u00e4 p\u00e4iv\u00e4n pituus oli talvip\u00e4iv\u00e4nseisauksena vain reilut kaksi tuntia: aurinko nousi kello 11.07 ja laski 13.23.<\/p>\n<p class=\"aw-1gybjub aw-1p7kakr kEtdKx cEmitX yle__article__paragraph\">P\u00e4iv\u00e4 kuitenkin pitenee paljon nopeammin kuin Helsingiss\u00e4. Valoisa aika kasvaa viikon aikana yli kymmenell\u00e4 minuutilla.<\/p>\n<p class=\"aw-1gybjub aw-1p7kakr kEtdKx cEmitX yle__article__paragraph\">Talvip\u00e4iv\u00e4nseisauksen aikana aurinko ei nouse lainkaan horisontin yl\u00e4puolelle napapiirin pohjoispuolella.<\/p>\n<p class=\"aw-1gybjub aw-1p7kakr kEtdKx cEmitX yle__article__paragraph\">Suomen pohjoisimmassa kyl\u00e4ss\u00e4 Nuorgamissa kaamosta kest\u00e4\u00e4 kaikkiaan 52 p\u00e4iv\u00e4\u00e4.<\/p>\n<p class=\"aw-1gybjub aw-1p7kakr kEtdKx cEmitX yle__article__paragraph\">P\u00e4iv\u00e4 ja y\u00f6 ovat viimein yht\u00e4 pitki\u00e4 kev\u00e4tp\u00e4iv\u00e4ntasauksessa 20. maaliskuuta.<\/p>\n","protected":false},"excerpt":{"rendered":"Grafiikoista voit tutkia, kuinka p\u00e4iv\u00e4 pitenee Helsingiss\u00e4, Jyv\u00e4skyl\u00e4ss\u00e4, Oulussa ja Rovaniemell\u00e4 kev\u00e4tp\u00e4iv\u00e4ntasaukseen menness\u00e4. Avaa kuvien katselu P\u00e4iv\u00e4 pitenee&hellip;\n","protected":false},"author":2,"featured_media":126144,"comment_status":"","ping_status":"","sticky":false,"template":"","format":"standard","meta":{"footnotes":""},"categories":[112],"tags":[33,31,30,118,32,119],"class_list":{"0":"post-126143","1":"post","2":"type-post","3":"status-publish","4":"format-standard","5":"has-post-thumbnail","7":"category-tiede","8":"tag-fi","9":"tag-finland","10":"tag-finnish","11":"tag-science","12":"tag-suomi","13":"tag-tiede"},"share_on_mastodon":{"url":"https:\/\/pubeurope.com\/@fi\/115785019259620493","error":""},"_links":{"self":[{"href":"https:\/\/www.europesays.com\/fi\/wp-json\/wp\/v2\/posts\/126143","targetHints":{"allow":["GET"]}}],"collection":[{"href":"https:\/\/www.europesays.com\/fi\/wp-json\/wp\/v2\/posts"}],"about":[{"href":"https:\/\/www.europesays.com\/fi\/wp-json\/wp\/v2\/types\/post"}],"author":[{"embeddable":true,"href":"https:\/\/www.europesays.com\/fi\/wp-json\/wp\/v2\/users\/2"}],"replies":[{"embeddable":true,"href":"https:\/\/www.europesays.com\/fi\/wp-json\/wp\/v2\/comments?post=126143"}],"version-history":[{"count":0,"href":"https:\/\/www.europesays.com\/fi\/wp-json\/wp\/v2\/posts\/126143\/revisions"}],"wp:featuredmedia":[{"embeddable":true,"href":"https:\/\/www.europesays.com\/fi\/wp-json\/wp\/v2\/media\/126144"}],"wp:attachment":[{"href":"https:\/\/www.europesays.com\/fi\/wp-json\/wp\/v2\/media?parent=126143"}],"wp:term":[{"taxonomy":"category","embeddable":true,"href":"https:\/\/www.europesays.com\/fi\/wp-json\/wp\/v2\/categories?post=126143"},{"taxonomy":"post_tag","embeddable":true,"href":"https:\/\/www.europesays.com\/fi\/wp-json\/wp\/v2\/tags?post=126143"}],"curies":[{"name":"wp","href":"https:\/\/api.w.org\/{rel}","templated":true}]}}