{"id":126145,"date":"2025-12-26T08:53:11","date_gmt":"2025-12-26T08:53:11","guid":{"rendered":"https:\/\/www.europesays.com\/fi\/126145\/"},"modified":"2025-12-26T08:53:11","modified_gmt":"2025-12-26T08:53:11","slug":"usan-talous-porskuttaa","status":"publish","type":"post","link":"https:\/\/www.europesays.com\/fi\/126145\/","title":{"rendered":"USA:n talous porskuttaa"},"content":{"rendered":"<p>\nYhdysvaltojen talous on ennakoituakin vahvemmassa vedossa. Ekonomistin mukaan my\u00f6s ensi vuoden alun kasvun\u00e4kym\u00e4 on lupaava.<\/p>\n<p><img data-lazyloaded=\"1\" width=\"527\" height=\"307\" src=\"https:\/\/www.europesays.com\/fi\/wp-content\/uploads\/2025\/12\/tyontekija-USA-062025-527x307.jpg\" class=\"attachment-csco-thumbnail-uncropped size-csco-thumbnail-uncropped wp-post-image\" alt=\"ty\u00f6ntekij\u00e4 USA\" decoding=\"async\" fetchpriority=\"high\"  data-\/>\t\t\t\t\t<img data-lazyloaded=\"1\" width=\"797\" height=\"465\" src=\"https:\/\/www.europesays.com\/fi\/wp-content\/uploads\/2025\/12\/tyontekija-USA-062025.jpg\" class=\"attachment-csco-large-uncropped size-csco-large-uncropped wp-post-image\" alt=\"ty\u00f6ntekij\u00e4 USA\" decoding=\"async\" loading=\"lazy\"  data-\/><img data-lazyloaded=\"1\" loading=\"lazy\" decoding=\"async\" width=\"1024\" height=\"700\" src=\"https:\/\/www.europesays.com\/fi\/wp-content\/uploads\/2025\/12\/United_States_GDP_Growth_Rate-1024x700.png\" alt=\"\" class=\"wp-image-3245677\"  data-\/><\/p>\n<p>Yhdysvaltojen hallinnon aiemmasta sulkutilasta johtuen poikkeuksellisen pitk\u00e4ll\u00e4 viiveell\u00e4 julkaistut kolmannen vuosinelj\u00e4nneksen bruttokansantuotteen kasvuluvut kertoivat talouden ennakoitua vahvemmasta vireest\u00e4.<\/p>\n<p>BKT-kasvu ylsi 3. nelj\u00e4nneksell\u00e4 v\u00e4kivahvaan 4,3 prosentin vuosikasvuun. Bloombergin ekonomistikyselyss\u00e4 vain yksi vastaaja 62:sta odotti t\u00e4t\u00e4 korkeampaa kasvulukemaa.<\/p>\n<p>OP Pohjolan seniorimarkkinaekonomisti <strong>Jari H\u00e4nnik\u00e4inen<\/strong> kertoo, ett\u00e4 kasvu nojasi j\u00e4lleen vahvasti yksityisen kulutuksen harteille, joka toi 2,4 prosenttiyksik\u00f6n kasvukontribuution. Yksityisen kulutuksen kasvulukujen perusteella ty\u00f6markkinoiden j\u00e4\u00e4htyminen ei ole ainakaan viel\u00e4 hyydytt\u00e4nyt kotitalouksien kulutusintoa.<\/p>\n<p>Teko\u00e4lyinvestoinnit tukevat kasvua<\/p>\n<p>My\u00f6s nettovienti ja julkinen kulutus tukivat talouskasvua. Parhaan kuvan talouden todellisesta viretilasta antava kotimainen yksityinen loppukysynt\u00e4 kasvoi edelleen mukavalla 3,0 prosentin vuositahdilla.<\/p>\n<p>\u201dYhdysvaltojen talous on osoittanut olevansa teflonia kauppasuhde-ep\u00e4varmuudelle. Lis\u00e4ksi globaali kilpajuoksu teko\u00e4lyn kehitt\u00e4misess\u00e4 on saanut maan teknologiaj\u00e4tit painamaan kaasun pohjaan teko\u00e4lyinvestoinneissaan, jotka tukevat reippaasti talouskasvua\u201d, H\u00e4nnik\u00e4inen toteaa.<\/p>\n<p>Ekonomistien konsensus ennustaa Yhdysvaltojen BKT-kasvun asettuvan t\u00e4n\u00e4 vuonna 2,0 prosenttiin, joka vastaa pitk\u00e4lti maan tuottavuus- ja v\u00e4est\u00f6kehityksen m\u00e4\u00e4rittelem\u00e4\u00e4 pidemm\u00e4n aikav\u00e4lin kasvupotentiaalia.<\/p>\n<p>Ensi vuodelle povataan vastaavaa kasvulukemaa, joten kasvu on jatkumassa Yhdysvalloissa edelleen euroaluetta vahvempana.<\/p>\n<p>\u201dHallinnon enn\u00e4tyspitk\u00e4 sulku tulee sotkemaan seuraavia Q4 BKT-lukuja. Ennakoimme Yhdysvaltojen talouden ylt\u00e4v\u00e4n ensi vuoden alkupuolella mukavaan kasvuun. Trumpin hallinnon veropaketti tuo uuden piristysruiskeen jo valmiiksi vankassa vedossa olevalle talouskasvulle ja my\u00f6s Fedin syksyn aikana tekem\u00e4t koronlaskut tukevat kokonaiskysynt\u00e4\u00e4.\u201d<\/p>\n<p>Tuoreet BKT-luvut eiv\u00e4t keikauttaneet rahapolitiikkan\u00e4kym\u00e4\u00e4.<\/p>\n<p>Sijoittajien kannalta USA:n vahva talouskasvu merkitsee my\u00f6s sit\u00e4, ett\u00e4 keskuspankki tuskin tulee kevent\u00e4m\u00e4\u00e4n rahapolitiikkaa.<\/p>\n<p>\u201dOdotamme Fedin siirtyneen tarkkailuasemiin seuraamaan talouden ja inflaation kehityst\u00e4 ennen seuraavien askelien ottamista\u201d, H\u00e4nnik\u00e4inen arvioi.<\/p>\n<p>Tammikuussa julkaistavat ty\u00f6llisyysraportti ja CPI-inflaatioluvut ovat keskeisess\u00e4 roolissa tammikuun korkop\u00e4\u00e4t\u00f6ksen kannalta.<\/p>\n<p>\u201dNykytiedon valossa Fedin tuumaustako on selv\u00e4sti todenn\u00e4k\u00f6isempi vaihtoehto kuin tammikuun koronlasku. Korkomarkkinat hinnoittelevat tammikuun 0,25 prosenttiyksik\u00f6n koronlaskun alle 20 prosentin todenn\u00e4k\u00f6isyydell\u00e4 ja todenn\u00e4k\u00f6isyys laski hieman BKT-lukujen julkaisun j\u00e4lkeen\u201d, H\u00e4nnik\u00e4inen toteaa.<\/p>\n<p>Markkinat reagoivat laimeasti BKT-lukujen tuomaan positiiviseen yll\u00e4tykseen.<\/p>\n<p>Dollarim\u00e4\u00e4r\u00e4iset korot kohosivat maltillisesti ensireaktiona ja osakeindeksit nousivat Yhdysvalloissa vain v\u00e4h\u00e4n.<\/p>\n","protected":false},"excerpt":{"rendered":"Yhdysvaltojen talous on ennakoituakin vahvemmassa vedossa. Ekonomistin mukaan my\u00f6s ensi vuoden alun kasvun\u00e4kym\u00e4 on lupaava. Yhdysvaltojen hallinnon aiemmasta&hellip;\n","protected":false},"author":2,"featured_media":126146,"comment_status":"","ping_status":"","sticky":false,"template":"","format":"standard","meta":{"footnotes":""},"categories":[76],"tags":[79,77,33,31,30,32,78,3250,18756],"class_list":{"0":"post-126145","1":"post","2":"type-post","3":"status-publish","4":"format-standard","5":"has-post-thumbnail","7":"category-talous","8":"tag-business","9":"tag-economy","10":"tag-fi","11":"tag-finland","12":"tag-finnish","13":"tag-suomi","14":"tag-talous","15":"tag-talouskasvu","16":"tag-usan-talous"},"share_on_mastodon":{"url":"https:\/\/pubeurope.com\/@fi\/115785027459984428","error":""},"_links":{"self":[{"href":"https:\/\/www.europesays.com\/fi\/wp-json\/wp\/v2\/posts\/126145","targetHints":{"allow":["GET"]}}],"collection":[{"href":"https:\/\/www.europesays.com\/fi\/wp-json\/wp\/v2\/posts"}],"about":[{"href":"https:\/\/www.europesays.com\/fi\/wp-json\/wp\/v2\/types\/post"}],"author":[{"embeddable":true,"href":"https:\/\/www.europesays.com\/fi\/wp-json\/wp\/v2\/users\/2"}],"replies":[{"embeddable":true,"href":"https:\/\/www.europesays.com\/fi\/wp-json\/wp\/v2\/comments?post=126145"}],"version-history":[{"count":0,"href":"https:\/\/www.europesays.com\/fi\/wp-json\/wp\/v2\/posts\/126145\/revisions"}],"wp:featuredmedia":[{"embeddable":true,"href":"https:\/\/www.europesays.com\/fi\/wp-json\/wp\/v2\/media\/126146"}],"wp:attachment":[{"href":"https:\/\/www.europesays.com\/fi\/wp-json\/wp\/v2\/media?parent=126145"}],"wp:term":[{"taxonomy":"category","embeddable":true,"href":"https:\/\/www.europesays.com\/fi\/wp-json\/wp\/v2\/categories?post=126145"},{"taxonomy":"post_tag","embeddable":true,"href":"https:\/\/www.europesays.com\/fi\/wp-json\/wp\/v2\/tags?post=126145"}],"curies":[{"name":"wp","href":"https:\/\/api.w.org\/{rel}","templated":true}]}}