{"id":126149,"date":"2025-12-26T08:55:08","date_gmt":"2025-12-26T08:55:08","guid":{"rendered":"https:\/\/www.europesays.com\/fi\/126149\/"},"modified":"2025-12-26T08:55:08","modified_gmt":"2025-12-26T08:55:08","slug":"palaneen-k-marketin-kauppiaille-on-sadellut-myotatuntoa","status":"publish","type":"post","link":"https:\/\/www.europesays.com\/fi\/126149\/","title":{"rendered":"Palaneen K-marketin kauppiaille on sadellut my\u00f6t\u00e4tuntoa"},"content":{"rendered":"<p>K-market Koivistonpuistikon kauppiaat ja asiakkaat ovat olleet ep\u00e4uskoisissa tunnelmissa tulipalon j\u00e4lkeen.<\/p>\n<p class=\"article-body mb-nof-24 px-nof-16\">Pori<\/p>\n<p class=\"article-body mb-nof-24 px-nof-16\">Joulup\u00e4iv\u00e4n\u00e4 Porissa palaneen K-market Koivistonpuistikon kauppiasparin some-julkaisu heijastelee ep\u00e4uskoisia tunnelmia.<\/p>\n<p class=\"article-body mb-nof-24 px-nof-16\">\u201dHetki on pit\u00e4nyt ker\u00e4t\u00e4 ajatuksia, eik\u00e4 ymm\u00e4rrys meinaa mill\u00e4\u00e4n riitt\u00e4\u00e4. Her\u00e4simme viidelt\u00e4 aamulla puheluun, ett\u00e4 kauppa on ilmiliekeiss\u00e4 eik\u00e4 mit\u00e4\u00e4n ole teht\u00e4viss\u00e4\u201d, <a class=\"article-personlink\" href=\"https:\/\/www.satakunnankansa.fi\/haku\/?query=Saara%20Tainio\" rel=\"nofollow noopener\" target=\"_blank\">Saara Tainio<\/a> ja <a class=\"article-personlink\" href=\"https:\/\/www.satakunnankansa.fi\/haku\/?query=Henrik%20Mesim%C3%A4ki\" rel=\"nofollow noopener\" target=\"_blank\">Henrik Mesim\u00e4ki<\/a> toteavat julkaisussaan.<\/p>\n<p class=\"article-body mb-nof-24 px-nof-16\">Heid\u00e4n kauppiasuransa alkoi Porissa maaliskuussa, jolloin he ottivat vastuulleen K-market Koivistonpuistikon sek\u00e4 K-market It\u00e4tuulen.<\/p>\n<p class=\"article-body mb-nof-24 px-nof-16\">Some-julkaisuun on sadellut my\u00f6t\u00e4tuntoista palautetta:<\/p>\n<p class=\"article-body mb-nof-24 px-nof-16\">\u201dEn l\u00f6yd\u00e4 sanoja kuvaamaan tunnetta, kun aamulla t\u00e4st\u00e4 kuulin. J\u00e4rkytys on todella suuri. Tsempit kauppiaille ja muulle henkil\u00f6kunnalle!!!\u201d<\/p>\n<p class=\"article-body mb-nof-24 px-nof-16\">\u201dTodella j\u00e4rkytt\u00e4v\u00e4\u00e4 n\u00e4hd\u00e4 oma ihana l\u00e4hikauppa savuavana rauniona. Voimia ja uskoa parempaan huomiseen.\u201d<\/p>\n<p class=\"article-body mb-nof-24 px-nof-16\">\u201dNiin pahoillani mit\u00e4 on tehty. Tuhottu toisten omaisuutta. Teille talossa toimijoille voimia.\u201d<\/p>\n<p class=\"article-body mb-nof-24 px-nof-16\">Kiinteist\u00f6n toisessa p\u00e4\u00e4dyss\u00e4 olevat parturin ja kiinteist\u00f6huollon tilat s\u00e4\u00e4styiv\u00e4t liekeilt\u00e4, mutta niihinkin tuli merkitt\u00e4vi\u00e4 vahinkoja savusta ja sammutust\u00f6ist\u00e4.<\/p>\n<p class=\"article-body mb-nof-24 px-nof-16\">Vastaavasta on aiemminkin noustu, lohdutti <a class=\"article-personlink\" href=\"https:\/\/www.satakunnankansa.fi\/haku\/?query=Heikki%20Ruotsalainen\" rel=\"nofollow noopener\" target=\"_blank\">Heikki Ruotsalainen<\/a> kommentissaan: \u201dIsovanhempani kokivat saman kohtalon ja ukki monesti muistutti, ett\u00e4 ihminen nousee aina feeniks-linnun lailla vastoink\u00e4ymisist\u00e4. Heid\u00e4n kauppa paloi jouluaattoy\u00f6n\u00e4 1983. Tsemppi\u00e4 ja voimia teille!!!\u201d<\/p>\n<p class=\"article-body mb-nof-24 px-nof-16\">Kauppiaspari kiitt\u00e4\u00e4 tsemppiviesteist\u00e4 ja toteaa, ettei heill\u00e4 ole antaa viel\u00e4 lis\u00e4tietoja kaupan tulevaisuudesta.<\/p>\n<p class=\"article-body mb-nof-24 px-nof-16\">\u201dPid\u00e4mme teid\u00e4t varmasti ajantasalla, kun jotain kerrottavaa on\u201d, he p\u00e4\u00e4tt\u00e4v\u00e4t julkaisunsa.<\/p>\n","protected":false},"excerpt":{"rendered":"K-market Koivistonpuistikon kauppiaat ja asiakkaat ovat olleet ep\u00e4uskoisissa tunnelmissa tulipalon j\u00e4lkeen. Pori Joulup\u00e4iv\u00e4n\u00e4 Porissa palaneen K-market Koivistonpuistikon kauppiasparin&hellip;\n","protected":false},"author":2,"featured_media":126150,"comment_status":"","ping_status":"","sticky":false,"template":"","format":"standard","meta":{"footnotes":""},"categories":[12],"tags":[22,23,26,27,33,31,30,17,24,25,28,29,15,18,21,80,32,19,20,16],"class_list":{"0":"post-126149","1":"post","2":"type-post","3":"status-publish","4":"format-standard","5":"has-post-thumbnail","7":"category-suomi","8":"tag-breaking-news","9":"tag-breakingnews","10":"tag-featured-news","11":"tag-featurednews","12":"tag-fi","13":"tag-finland","14":"tag-finnish","15":"tag-headlines","16":"tag-latest-news","17":"tag-latestnews","18":"tag-main-news","19":"tag-mainnews","20":"tag-news","21":"tag-otsikot","22":"tag-paauutiset","23":"tag-satakunnan-kansa","24":"tag-suomi","25":"tag-top-stories","26":"tag-topstories","27":"tag-uutiset"},"share_on_mastodon":{"url":"https:\/\/pubeurope.com\/@fi\/115785034843562683","error":""},"_links":{"self":[{"href":"https:\/\/www.europesays.com\/fi\/wp-json\/wp\/v2\/posts\/126149","targetHints":{"allow":["GET"]}}],"collection":[{"href":"https:\/\/www.europesays.com\/fi\/wp-json\/wp\/v2\/posts"}],"about":[{"href":"https:\/\/www.europesays.com\/fi\/wp-json\/wp\/v2\/types\/post"}],"author":[{"embeddable":true,"href":"https:\/\/www.europesays.com\/fi\/wp-json\/wp\/v2\/users\/2"}],"replies":[{"embeddable":true,"href":"https:\/\/www.europesays.com\/fi\/wp-json\/wp\/v2\/comments?post=126149"}],"version-history":[{"count":0,"href":"https:\/\/www.europesays.com\/fi\/wp-json\/wp\/v2\/posts\/126149\/revisions"}],"wp:featuredmedia":[{"embeddable":true,"href":"https:\/\/www.europesays.com\/fi\/wp-json\/wp\/v2\/media\/126150"}],"wp:attachment":[{"href":"https:\/\/www.europesays.com\/fi\/wp-json\/wp\/v2\/media?parent=126149"}],"wp:term":[{"taxonomy":"category","embeddable":true,"href":"https:\/\/www.europesays.com\/fi\/wp-json\/wp\/v2\/categories?post=126149"},{"taxonomy":"post_tag","embeddable":true,"href":"https:\/\/www.europesays.com\/fi\/wp-json\/wp\/v2\/tags?post=126149"}],"curies":[{"name":"wp","href":"https:\/\/api.w.org\/{rel}","templated":true}]}}