{"id":126157,"date":"2025-12-26T09:15:10","date_gmt":"2025-12-26T09:15:10","guid":{"rendered":"https:\/\/www.europesays.com\/fi\/126157\/"},"modified":"2025-12-26T09:15:10","modified_gmt":"2025-12-26T09:15:10","slug":"rajusti-tyrmatyn-jake-paulin-aidilta-kova-syytos-sairasta","status":"publish","type":"post","link":"https:\/\/www.europesays.com\/fi\/126157\/","title":{"rendered":"Rajusti tyrm\u00e4tyn Jake Paulin \u00e4idilt\u00e4 kova syyt\u00f6s \u2013 \u201dSairasta\u201d"},"content":{"rendered":"<p>Jake Paulin \u00e4iti on tuohtunut kohuottelun j\u00e4rjest\u00e4j\u00e4lle. <\/p>\n<p><img decoding=\"async\" class=\"image image-show image-preview\" src=\"https:\/\/www.europesays.com\/fi\/wp-content\/uploads\/2025\/12\/4b428131f55e27d481dba17037da61046525d1d76d56a0075e2ee22a603942c2.jpg\" alt=\"\"\/><img decoding=\"async\" class=\"image image-show\" src=\"https:\/\/www.europesays.com\/fi\/wp-content\/uploads\/2025\/12\/1766740510_910_4b428131f55e27d481dba17037da61046525d1d76d56a0075e2ee22a603942c2.jpg\" alt=\"\"\/><\/p>\n<p>Anthony Joshua (oik.) oli liian kova pala Jake Paulille. AOP<\/p>\n<p class=\"paragraph\">Toissa viikolla <strong>Anthony Joshua<\/strong> vastaan otelleen <strong>Jake Paulin<\/strong> \u00e4iti <strong>Pam Stepnick<\/strong> kritisoi nyrkkeilypromoottori <strong>Eddie Hearnia<\/strong> kovin sanoin Impaulsive-podcastissa.<\/p>\n<p class=\"paragraph\">\u2013 Haluan nousta keh\u00e4\u00e4n ja ly\u00f6d\u00e4 Eddie Hearnia, koska en pid\u00e4 h\u00e4nen omahyv\u00e4isyydest\u00e4\u00e4n, Stepnick <a href=\"https:\/\/www.dailymail.co.uk\/sport\/boxing\/article-15412361\/Jake-Pauls-mum-Anthony-Joshua-apologised-fight-one-man-shed-like-punch.html\" target=\"_blank\" rel=\"noopener nofollow\">laukoi<\/a> haastattelussa.<\/p>\n<p class=\"paragraph\">\u2013 H\u00e4n kirjaimellisesti ajattelee olevansa parempi kuin kukaan muu.<\/p>\n<p class=\"paragraph\">Ottelusta tuli ennakko-odotusten mukaisesti ep\u00e4tasainen. Entinen raskaansarjan maailmanmestari Joshua kukisti some-t\u00e4hden kuudennen er\u00e4n tyrm\u00e4yksell\u00e4.<\/p>\n<p class=\"paragraph\">Stepnicki\u00e4 h\u00e4iritsi se, ett\u00e4 Hearn seurasi taistoa hymy huulillaan.<\/p>\n<p class=\"paragraph\">H\u00e4n uskookin, ett\u00e4 lopputulos oli britin toiveen mukainen.<\/p>\n<p class=\"paragraph\">\u2013 Totta kai, se on minusta sairasta. En pid\u00e4 siit\u00e4, Stepnick sanoi.<\/p>\n<p class=\"paragraph\">\u2013 Anthony Joshualla oli edes tyyli\u00e4 pyyt\u00e4\u00e4 anteeksi minulta. H\u00e4n tuli v\u00e4kijoukon l\u00e4pi luokseni ja sanoi \u201d\u00e4iti, muistathan, ett\u00e4 t\u00e4m\u00e4 on vain nyrkkeily\u00e4 ja kamppailu-urheilua\u201d.<\/p>\n<p class=\"paragraph\">Paulilla on edess\u00e4\u00e4n pitk\u00e4 sairausloma, sill\u00e4 Joshuan isku mursi h\u00e4nen leukansa.<\/p>\n<p class=\"paragraph\">Daily Mailin mukaan Paul tarvinnee hammasimplantit, joiden p\u00e4\u00e4lle asennettavat kruunut tekisiv\u00e4t toipumisprosessista jopa puolen vuoden mittaisen.<\/p>\n","protected":false},"excerpt":{"rendered":"Jake Paulin \u00e4iti on tuohtunut kohuottelun j\u00e4rjest\u00e4j\u00e4lle. Anthony Joshua (oik.) oli liian kova pala Jake Paulille. AOP Toissa&hellip;\n","protected":false},"author":2,"featured_media":126158,"comment_status":"","ping_status":"","sticky":false,"template":"","format":"standard","meta":{"footnotes":""},"categories":[158],"tags":[35,33,31,30,101,99,100,98,103,159,32,160],"class_list":{"0":"post-126157","1":"post","2":"type-post","3":"status-publish","4":"format-standard","5":"has-post-thumbnail","7":"category-urheilu","8":"tag-24h","9":"tag-fi","10":"tag-finland","11":"tag-finnish","12":"tag-ihmissuhteet","13":"tag-lapset","14":"tag-lapset-ja-nuoret","15":"tag-perhe","16":"tag-sosiaalikysymykset","17":"tag-sports","18":"tag-suomi","19":"tag-urheilu"},"share_on_mastodon":{"url":"https:\/\/pubeurope.com\/@fi\/115785113906541007","error":""},"_links":{"self":[{"href":"https:\/\/www.europesays.com\/fi\/wp-json\/wp\/v2\/posts\/126157","targetHints":{"allow":["GET"]}}],"collection":[{"href":"https:\/\/www.europesays.com\/fi\/wp-json\/wp\/v2\/posts"}],"about":[{"href":"https:\/\/www.europesays.com\/fi\/wp-json\/wp\/v2\/types\/post"}],"author":[{"embeddable":true,"href":"https:\/\/www.europesays.com\/fi\/wp-json\/wp\/v2\/users\/2"}],"replies":[{"embeddable":true,"href":"https:\/\/www.europesays.com\/fi\/wp-json\/wp\/v2\/comments?post=126157"}],"version-history":[{"count":0,"href":"https:\/\/www.europesays.com\/fi\/wp-json\/wp\/v2\/posts\/126157\/revisions"}],"wp:featuredmedia":[{"embeddable":true,"href":"https:\/\/www.europesays.com\/fi\/wp-json\/wp\/v2\/media\/126158"}],"wp:attachment":[{"href":"https:\/\/www.europesays.com\/fi\/wp-json\/wp\/v2\/media?parent=126157"}],"wp:term":[{"taxonomy":"category","embeddable":true,"href":"https:\/\/www.europesays.com\/fi\/wp-json\/wp\/v2\/categories?post=126157"},{"taxonomy":"post_tag","embeddable":true,"href":"https:\/\/www.europesays.com\/fi\/wp-json\/wp\/v2\/tags?post=126157"}],"curies":[{"name":"wp","href":"https:\/\/api.w.org\/{rel}","templated":true}]}}