{"id":126185,"date":"2025-12-26T10:01:11","date_gmt":"2025-12-26T10:01:11","guid":{"rendered":"https:\/\/www.europesays.com\/fi\/126185\/"},"modified":"2025-12-26T10:01:11","modified_gmt":"2025-12-26T10:01:11","slug":"tama-anne-mattilan-maalaus-rajaytti-somen-oma-aiti-antoi-aiheen","status":"publish","type":"post","link":"https:\/\/www.europesays.com\/fi\/126185\/","title":{"rendered":"T\u00e4m\u00e4 Anne Mattilan maalaus r\u00e4j\u00e4ytti somen \u2013 oma \u00e4iti antoi aiheen"},"content":{"rendered":"<p class=\"has-drop-cap\"><strong><a href=\"https:\/\/www.tanssiin.fi\/artistit\/naistahdet\/anne-mattila\/\" target=\"_blank\" rel=\"noopener nofollow\" title=\"\">Anne Mattila<\/a><\/strong>, 41, on lahjakas ja luova monialataiteilija, joka laulamisen lis\u00e4ksi tunnetaan taidemaalarina.<\/p>\n<p>Anne on maalannut 9-vuotiaasta saakka ja piti ensimm\u00e4isen taiden\u00e4yttelyns\u00e4 13-vuotiaana kotikyl\u00e4ns\u00e4 kahvilassa.<\/p>\n<p>\u201dIso osa minun lapsuuttani ja harrastuksiani oli kopioida ja tutkia taiteilijoiden tekniikoita, yhdistell\u00e4 niit\u00e4 ja maalata omia n\u00e4kemyksi\u00e4 suoraan luonnossa. Lapsesta asti minulla oli visio tulevaisuudestani taidemaalarina\u201d, Anne selitt\u00e4\u00e4.<\/p>\n<p>Vuodesta 2013 h\u00e4nen ateljeenaan on toiminut Satakunnan Karvialla sijaitseva Annen taidekahvila. Yleis\u00f6lle avoin kahvila-alue kattaa 15 rakennusta, ja k\u00e4vij\u00f6it\u00e4 siell\u00e4 on vuosittain yli 100.000.<\/p>\n<p>\u201dPidin usein seuraa\u00a0<strong>Tarja<\/strong>-\u00e4idilleni marjareissuissa l\u00e4hinn\u00e4 maalaamalla mets\u00e4ss\u00e4 suoraan luonnossa\u201d, Anne on kertonut.<\/p>\n<p>Mattilan sisarusten \u00e4iti <strong>Tarja Hietikko<\/strong>\u00a0menehtyi nopeasti edenneeseen sy\u00f6p\u00e4\u00e4n joulukuussa 2023. H\u00e4n oli kuollessaan vain 66-vuotias.<\/p>\n<p><strong>Lue my\u00f6s: <\/strong><a href=\"https:\/\/www.tanssiin.fi\/anne-mattilan-suru-aidin-kuolemasta-vaihtui-kauniisiin-muistoihin-selvisin\/\" title=\"Anne Mattilan suru \u00e4idin kuolemasta vaihtui kauniisiin muistoihin: \u201dSelvisin\u201d\" rel=\"nofollow noopener\" target=\"_blank\">Anne Mattilan suru \u00e4idin kuolemasta vaihtui kauniisiin muistoihin: \u201dSelvisin\u201d<\/a><\/p>\n<p>Maalauskuva on ker\u00e4nnyt tuhansia tykk\u00e4yksi\u00e4<\/p>\n<p>Nyt Anne on jakanut sosiaalisessa mediassa kuvan \u00f6ljyv\u00e4rimaalauksestaan, joka suorastaan sulatti somekansan syd\u00e4met ja r\u00e4j\u00e4ytti suosion. <a href=\"https:\/\/www.tanssiin.fi\/tag\/anne-mattila\/\" title=\"anne mattila\" rel=\"nofollow noopener\" target=\"_blank\">Annen <\/a>p\u00e4ivityksell\u00e4 on yli 5.500 tykk\u00e4yst\u00e4 ja satoja ihastelevia kommentteja.<\/p>\n<p>\u201dUpea maalaus Anne! Jos otetaan 100 Suomen parasta taidemaalausta viime vuosilta, niin niist\u00e4 v\u00e4hint\u00e4\u00e4n 50 on sinun\u201d, er\u00e4s fani paaluttaa.<\/p>\n<p>\u201dOi m\u00e4 luulin, et toi on valokuva, onpa hieno, ihana tunnelma\u201d, toinen ihastelee.<\/p>\n<p>\u201dTuota kuvaa katsoessa ja \u00e4iti\u00e4si muistellessa tuli mieleen ett\u00e4 kuvassa \u00e4iti hiiht\u00e4\u00e4 poisp\u00e4in, kuvaako sit\u00e4 juuri ett\u00e4 \u00e4iti on poissa?\u201d kolmas ihailija aprikoi.<\/p>\n<p><strong>Lue my\u00f6s: <\/strong><a href=\"https:\/\/www.tanssiin.fi\/anne-mattila-lahetti-taman-laulun-aidilleen-kunnes-muistin-ettei-hanta-enaa-ole\/\" title=\"Anne Mattila l\u00e4hetti t\u00e4m\u00e4n laulun \u00e4idilleen: \u201dKunnes muistin, ettei h\u00e4nt\u00e4 en\u00e4\u00e4 ole\u201d\" rel=\"nofollow noopener\" target=\"_blank\">Anne Mattila l\u00e4hetti t\u00e4m\u00e4n laulun \u00e4idilleen: \u201dKunnes muistin, ettei h\u00e4nt\u00e4 en\u00e4\u00e4 ole\u201d<\/a><\/p>\n<p>&#8221;\u00c4itini hiihti kouluun l\u00e4hes aina&#8230;&#8221;<\/p>\n<p>Taiteilija kertoo, ett\u00e4 h\u00e4nen \u00e4itins\u00e4 antoi aiheen maalaukseen.<\/p>\n<p>&#8221;\u00c4itini kertoi, ett\u00e4 h\u00e4n oli aina hiiht\u00e4nyt talvisin kouluun l\u00e4hes aina. Kertoi, ett\u00e4 oli aamuisin viel\u00e4 pime\u00e4\u00e4 kun hiihti&#8221;, Anne kuvailee.<\/p>\n<p>&#8221;Kuvaili sit\u00e4 asiaa niin tarkoin, ett\u00e4 aloin n\u00e4kem\u00e4\u00e4n sen mielikuvissani ja t\u00e4llaisen mielikuvan sain aikaiseksi \u00f6ljyv\u00e4reill\u00e4 viime talvena.&#8221;<\/p>\n<p><strong>Katso<\/strong> Anne Mattilan ihastusta her\u00e4tt\u00e4nyt maalaus:<\/p>\n<p>Kirjoittanut:<br \/>\n<img loading=\"lazy\" data-lazyloaded=\"1\" width=\"512\" height=\"512\" decoding=\"async\" class=\"aioseo-author-image\" src=\"https:\/\/www.europesays.com\/fi\/wp-content\/uploads\/2025\/10\/cropped-tanssiin-logo.jpg\" alt=\"author avatar\"\/><\/p>\n<p>Tanssiin.fi<\/p>\n<p>\nTanssi- ja iskelm\u00e4musiikin uutiset asiantuntevasti.<\/p>\n<p><img loading=\"lazy\" decoding=\"async\" data-lazyloaded=\"1\" width=\"512\" height=\"512\" class=\"aioseo-author-bio-compact-image\" src=\"https:\/\/www.europesays.com\/fi\/wp-content\/uploads\/2025\/10\/cropped-tanssiin-logo.jpg\" alt=\"author avatar\"\/><br \/>\nTanssi- ja iskelm\u00e4musiikin uutiset asiantuntevasti.<\/p>\n<p>100%<br \/>\nIhana<\/p>\n<p>0%<br \/>\nHauska<\/p>\n<p>0%<br \/>\nVau<\/p>\n<p>0%<br \/>\nSurullinen<\/p>\n<p>0%<br \/>\nVihainen\n<\/p>\n<p>Post navigation<\/p>\n","protected":false},"excerpt":{"rendered":"Anne Mattila, 41, on lahjakas ja luova monialataiteilija, joka laulamisen lis\u00e4ksi tunnetaan taidemaalarina. Anne on maalannut 9-vuotiaasta saakka&hellip;\n","protected":false},"author":2,"featured_media":126186,"comment_status":"","ping_status":"","sticky":false,"template":"","format":"standard","meta":{"footnotes":""},"categories":[135],"tags":[1177,13846,389,387,388,390,137,33,31,30,22440,32,394,393,391,392,4049,16,109],"class_list":{"0":"post-126185","1":"post","2":"type-post","3":"status-publish","4":"format-standard","5":"has-post-thumbnail","7":"category-taiteet-ja-suunnittelu","8":"tag-aiti","9":"tag-anne-mattila","10":"tag-arts","11":"tag-arts-and-design","12":"tag-artsanddesign","13":"tag-design","14":"tag-entertainment","15":"tag-fi","16":"tag-finland","17":"tag-finnish","18":"tag-maalaus","19":"tag-suomi","20":"tag-suunnittelu","21":"tag-taiteet","22":"tag-taiteet-ja-suunnittelu","23":"tag-taiteetsuunnittelu","24":"tag-tanssitahdet","25":"tag-uutiset","26":"tag-viihde"},"share_on_mastodon":{"url":"https:\/\/pubeurope.com\/@fi\/115785294602434728","error":""},"_links":{"self":[{"href":"https:\/\/www.europesays.com\/fi\/wp-json\/wp\/v2\/posts\/126185","targetHints":{"allow":["GET"]}}],"collection":[{"href":"https:\/\/www.europesays.com\/fi\/wp-json\/wp\/v2\/posts"}],"about":[{"href":"https:\/\/www.europesays.com\/fi\/wp-json\/wp\/v2\/types\/post"}],"author":[{"embeddable":true,"href":"https:\/\/www.europesays.com\/fi\/wp-json\/wp\/v2\/users\/2"}],"replies":[{"embeddable":true,"href":"https:\/\/www.europesays.com\/fi\/wp-json\/wp\/v2\/comments?post=126185"}],"version-history":[{"count":0,"href":"https:\/\/www.europesays.com\/fi\/wp-json\/wp\/v2\/posts\/126185\/revisions"}],"wp:featuredmedia":[{"embeddable":true,"href":"https:\/\/www.europesays.com\/fi\/wp-json\/wp\/v2\/media\/126186"}],"wp:attachment":[{"href":"https:\/\/www.europesays.com\/fi\/wp-json\/wp\/v2\/media?parent=126185"}],"wp:term":[{"taxonomy":"category","embeddable":true,"href":"https:\/\/www.europesays.com\/fi\/wp-json\/wp\/v2\/categories?post=126185"},{"taxonomy":"post_tag","embeddable":true,"href":"https:\/\/www.europesays.com\/fi\/wp-json\/wp\/v2\/tags?post=126185"}],"curies":[{"name":"wp","href":"https:\/\/api.w.org\/{rel}","templated":true}]}}