{"id":126187,"date":"2025-12-26T10:07:14","date_gmt":"2025-12-26T10:07:14","guid":{"rendered":"https:\/\/www.europesays.com\/fi\/126187\/"},"modified":"2025-12-26T10:07:14","modified_gmt":"2025-12-26T10:07:14","slug":"anthony-davisin-loukkaantuminen-sai-nba-legendan-puhumaan-mina-siirtyisin-eteenpain-urheilua-lyhyesti","status":"publish","type":"post","link":"https:\/\/www.europesays.com\/fi\/126187\/","title":{"rendered":"Anthony Davisin loukkaantuminen sai NBA-legendan puhumaan: \u201dMin\u00e4 siirtyisin eteenp\u00e4in\u201d | Urheilua lyhyesti"},"content":{"rendered":"<p class=\"aw-1gybjub aw-5vja16 kEtdKx kmuxyA yle__article__paragraph\">Koripallon NBA-asiantuntija Charles Barkley sanoo, ett\u00e4 Dallas Mavericksin pit\u00e4isi kaupata loukkaantumisherkk\u00e4 Anthony Davis.<\/p>\n<p><img decoding=\"async\" alt=\" Dallas Mavericksin Anthony Davis istuu vaihtopenkill\u00e4 loukkaannuttuaan nivusensa toisen nelj\u00e4nneksen aikana ottelussa Golden State Warriorsia vastaan 25.12.2025. \" src=\"https:\/\/www.europesays.com\/fi\/wp-content\/uploads\/2025\/12\/39-1574520694e429ba2802.jpeg\" class=\"aw-1l9m598 hKVVvP\"\/><\/p>\n<p>Avaa kuvien katselu<\/p>\n<p>Dallasin Anthony Davis istuu vaihtopenkill\u00e4 loukkaannuttuaan nivusensa ottelussa Golden State Warriorsia vastaan 25.12.2025. Davis on ollut sivussa 346 NBA-ottelusta yli 13 kauden aikana (noin 30 % mahdollisista peleist\u00e4). Kuva: Darren Yamashita-Imagn Images<\/p>\n<p class=\"aw-1gybjub aw-1p7kakr kEtdKx cEmitX yle__article__paragraph\">Dallas Mavericks n\u00e4ytti lupaavia otteita ottelussa Golden State Warriorsia vastaan koripalloliiga NBA:ssa. Joulup\u00e4iv\u00e4 p\u00e4\u00e4ttyi kuitenkin pettymykseen, sill\u00e4 <strong class=\"aw-ak79eh KyCXm yle__article__strong\">Anthony Davis<\/strong> joutui poistumaan kent\u00e4lt\u00e4 nivusvammansa vuoksi. 116\u2013126-tappio oli Dallasille kivulias.<\/p>\n<p class=\"aw-1gybjub aw-1p7kakr kEtdKx cEmitX yle__article__paragraph\">Davisin viimeaikaiset loukkaantumiset huolestuttavat. Erityisesti sen j\u00e4lkeen, kun h\u00e4n siirtyi Los Angeles Lakersista.<\/p>\n<p class=\"aw-1gybjub aw-1p7kakr kEtdKx cEmitX yle__article__paragraph\">Entinen lajilegenda <strong class=\"aw-ak79eh KyCXm yle__article__strong\">Charles Barkley<\/strong> ei kaunistellut tilannetta. H\u00e4n arvosteli Davisia, koska loukkaantumiset m\u00e4\u00e4ritt\u00e4v\u00e4t j\u00e4lleen joukkueen kautta, joka vaikuttaa jo nyt hauraalta.<\/p>\n<p class=\"aw-1gybjub aw-1p7kakr kEtdKx cEmitX yle__article__paragraph\">Heti kun Davis poistui kent\u00e4lt\u00e4, pelin kulku muuttui. Mavericks ajautui tappion tielle, vaikka ykk\u00f6svaraus <strong class=\"aw-ak79eh KyCXm yle__article__strong\">Cooper Flagg<\/strong> teki ottelun korkeimman pistem\u00e4\u00e4r\u00e4n.<\/p>\n<p>\u201dDavis ei koskaan tule olemaan t\u00e4ysin terve\u201d<\/p>\n<p class=\"aw-1gybjub aw-1p7kakr kEtdKx cEmitX yle__article__paragraph\">Davisin loukkaantuminen her\u00e4tt\u00e4\u00e4 j\u00e4lleen huolen Mavericksin tulevaisuudesta.<\/p>\n<p class=\"aw-1gybjub aw-1p7kakr kEtdKx cEmitX yle__article__paragraph\">ESPN:n l\u00e4hetyksess\u00e4 <strong class=\"aw-ak79eh KyCXm yle__article__strong\">Charles Barkley<\/strong> sanoi suoraan, mit\u00e4 mielt\u00e4 on.<\/p>\n<p class=\"aw-1gybjub aw-1p7kakr kEtdKx cEmitX yle__article__paragraph\">\u2013 Mit\u00e4 Mavs aikoo tehd\u00e4? Nyt heill\u00e4 on ongelmia. Minulle on selv\u00e4\u00e4, ett\u00e4 Anthony Davis ei koskaan tule olemaan t\u00e4ysin terve, vaikka arvostammekin h\u00e4nt\u00e4 pelaajana. Heid\u00e4n t\u00e4ytyy tehd\u00e4 p\u00e4\u00e4t\u00f6s, totesi Barkley.<\/p>\n<p class=\"aw-1gybjub aw-1p7kakr kEtdKx cEmitX yle__article__paragraph\">Davis on ollut jo t\u00e4ll\u00e4 kaudella pitk\u00e4\u00e4n sivussa ja h\u00e4nen loukkaantumishistoriansa on pitk\u00e4.<\/p>\n<p class=\"aw-1gybjub aw-1p7kakr kEtdKx cEmitX yle__article__paragraph\">Dallas hankki h\u00e4net ja toivoi h\u00e4nen tuovan vakautta suurten kokoonpanomuutosten j\u00e4lkeen. Se, ettei Davis pysy terveen\u00e4, on j\u00e4lleen ongelma.<\/p>\n<p class=\"aw-1gybjub aw-1p7kakr kEtdKx cEmitX yle__article__paragraph\">Tappio oli Dallasin viides per\u00e4kk\u00e4inen vierastappio. Joukkueen saldo on nyt 12 voittoa ja 20 tappiota. Se kuvastaa ep\u00e4varmuutta joukkueen ytimen ymp\u00e4rill\u00e4.<\/p>\n<p class=\"aw-1gybjub aw-1p7kakr kEtdKx cEmitX yle__article__paragraph\">Vaikka Davis poistui kent\u00e4lt\u00e4 kivuliaasti, 19-vuotias Cooper Flagg pelasi upean ottelun.<\/p>\n<p class=\"aw-1gybjub aw-1p7kakr kEtdKx cEmitX yle__article__paragraph\">Flaggin esitys nosti h\u00e4net harvinaiseen joukkoon: h\u00e4n oli ensimm\u00e4inen tulokas vuoden 1970 ja <strong class=\"aw-ak79eh KyCXm yle__article__strong\">Pete Maravichin<\/strong> j\u00e4lkeen, joka on tehnyt joulup\u00e4iv\u00e4n\u00e4 v\u00e4hint\u00e4\u00e4n 25 pistett\u00e4, 5 levypalloa ja 5 sy\u00f6tt\u00f6\u00e4.<\/p>\n<p class=\"aw-1gybjub aw-1p7kakr kEtdKx cEmitX yle__article__paragraph\">\u2013 Jos min\u00e4 johtaisin joukkuetta, sanoisin ett\u00e4 t\u00e4m\u00e4 on nyt Cooperin joukkue. Min\u00e4 siirtyisin eteenp\u00e4in. On aika tehd\u00e4 t\u00e4ysi j\u00e4lleenrakennus Dallasissa. Rakennetaan joukkue Cooper Flaggin ymp\u00e4rille, opasti Barkley.<\/p>\n<p class=\"aw-1gybjub aw-1p7kakr kEtdKx cEmitX yle__article__paragraph\">Maaliskuussa 33 vuotta t\u00e4ytt\u00e4 Davis tienaa nykyisell\u00e4 sopimuksellaan keskim\u00e4\u00e4rin noin 58,4 miljoonaa dollaria kaudessa kolmen seuraavan kauden ajan.<\/p>\n<p class=\"aw-1gybjub aw-1p7kakr kEtdKx cEmitX yle__article__paragraph\">NBA-kierroksen tulokset <a class=\"aw-iao6s4 iHOxEa yle__article__link\" href=\"https:\/\/yle.fi\/aihe\/tekstitv?P=277\" role=\"link\" rel=\"nofollow noopener\" target=\"_blank\">t\u00e4\u00e4lt\u00e4<\/a>, taulukot <a class=\"aw-iao6s4 iHOxEa yle__article__link\" href=\"https:\/\/yle.fi\/aihe\/tekstitv?P=279\" role=\"link\" rel=\"nofollow noopener\" target=\"_blank\">t\u00e4\u00e4lt\u00e4<\/a><\/p>\n","protected":false},"excerpt":{"rendered":"Koripallon NBA-asiantuntija Charles Barkley sanoo, ett\u00e4 Dallas Mavericksin pit\u00e4isi kaupata loukkaantumisherkk\u00e4 Anthony Davis. Avaa kuvien katselu Dallasin Anthony&hellip;\n","protected":false},"author":2,"featured_media":126188,"comment_status":"","ping_status":"","sticky":false,"template":"","format":"standard","meta":{"footnotes":""},"categories":[158],"tags":[22441,17789,33,31,30,1702,3825,159,32,160],"class_list":{"0":"post-126187","1":"post","2":"type-post","3":"status-publish","4":"format-standard","5":"has-post-thumbnail","7":"category-urheilu","8":"tag-anthony-davis","9":"tag-dallas-mavericks","10":"tag-fi","11":"tag-finland","12":"tag-finnish","13":"tag-koripallo","14":"tag-nba","15":"tag-sports","16":"tag-suomi","17":"tag-urheilu"},"share_on_mastodon":{"url":"https:\/\/pubeurope.com\/@fi\/115785318193522659","error":""},"_links":{"self":[{"href":"https:\/\/www.europesays.com\/fi\/wp-json\/wp\/v2\/posts\/126187","targetHints":{"allow":["GET"]}}],"collection":[{"href":"https:\/\/www.europesays.com\/fi\/wp-json\/wp\/v2\/posts"}],"about":[{"href":"https:\/\/www.europesays.com\/fi\/wp-json\/wp\/v2\/types\/post"}],"author":[{"embeddable":true,"href":"https:\/\/www.europesays.com\/fi\/wp-json\/wp\/v2\/users\/2"}],"replies":[{"embeddable":true,"href":"https:\/\/www.europesays.com\/fi\/wp-json\/wp\/v2\/comments?post=126187"}],"version-history":[{"count":0,"href":"https:\/\/www.europesays.com\/fi\/wp-json\/wp\/v2\/posts\/126187\/revisions"}],"wp:featuredmedia":[{"embeddable":true,"href":"https:\/\/www.europesays.com\/fi\/wp-json\/wp\/v2\/media\/126188"}],"wp:attachment":[{"href":"https:\/\/www.europesays.com\/fi\/wp-json\/wp\/v2\/media?parent=126187"}],"wp:term":[{"taxonomy":"category","embeddable":true,"href":"https:\/\/www.europesays.com\/fi\/wp-json\/wp\/v2\/categories?post=126187"},{"taxonomy":"post_tag","embeddable":true,"href":"https:\/\/www.europesays.com\/fi\/wp-json\/wp\/v2\/tags?post=126187"}],"curies":[{"name":"wp","href":"https:\/\/api.w.org\/{rel}","templated":true}]}}